{"id":1154,"date":"2022-04-11T10:43:06","date_gmt":"2022-04-11T08:43:06","guid":{"rendered":"https:\/\/www.svsuelfeld.de\/?p=1154"},"modified":"2022-05-11T18:17:08","modified_gmt":"2022-05-11T16:17:08","slug":"april-april","status":"publish","type":"post","link":"https:\/\/www.svsuelfeld.de\/?p=1154","title":{"rendered":"April, April"},"content":{"rendered":"\n<p class=\"wp-block-paragraph\">Der Monat gestaltete sich bislang wie eine garstige Mischung aus Vorschulkind mit ADHS und schwer erziehbarem, pubertierendem Jugendlichen. An eine vern\u00fcnftige Trainingsplanung oder an entspannte Mannschaftsausfahrten war echt nicht zu denken. <\/p>\n\n\n\n<p class=\"wp-block-paragraph\">So gingen an diesem Wochenende also alle ihren eigenen individuellen Trainingsvorlieben nach. Ein Teil fr\u00f6nte am Sonnabend der Langstrecke, ein anderer lie\u00df sich am Sonntag Vormittag auf den Stra\u00dfen gen Norden durchpusten. Nat\u00fcrlich gab es auch wieder eine kleine Fraktion, die unbedingt abseits des Asphalts schauen musste, was Regen und Wind der letzten Tage so angerichtet haben. Alle einte, dass sie sich immer wieder mit den Launen des Wettergottes rumplagen durften und das allen die selben Plattit\u00fcden im Kopf spukten. \u201eWind formt den Charakter\u201c, \u201eDahinten wird\u2019s schon heller\u201c, \u201eWir sind ja nicht aus Zucker\u201c, \u201eBei gutem Wetter k\u00f6nnen alle fahren\u201c ist nur eine kleine Auswahl. So war der Teil des Teams, der sich der pers\u00f6nlichen Regeneration wohl doch der Clevere. Die Form wird schlie\u00dflich an den Ruhetagen gemacht. <\/p>\n\n\n\n<p class=\"wp-block-paragraph\">F\u00fcr n\u00e4chstes Wochenende hoffen wir aber auf eine stabile Wetterlage mit reichlich Sonnenschein, um den einen oder anderen Trainingsreiz f\u00fcr K\u00f6rper und Geist zu setzen. Es geht in einigen Schleifen bis an den Elbe-L\u00fcbeck-Kanal und zur\u00fcck. So kann selbst entschieden werden, ob es knappe 100 oder doch komplette 150 Kilometer sein sollen. Vorausgesetzt Petrus findet seine Beruhigungstabletten wieder\u2026<\/p>\n\n\n\n<p class=\"wp-block-paragraph\"><\/p>\n\n\n\n<p class=\"wp-block-paragraph\">Hier wie \u00fcblich die Tracks zur Geschichte:<\/p>\n\n\n\n<div class=\"wp-block-file\"><a id=\"wp-block-file--media-d095a8e8-f3a4-4ffd-aed4-dc286a07ef77\" href=\"https:\/\/www.svsuelfeld.de\/wp-content\/uploads\/2022\/04\/120_SF___Auen_und_Moore_80_40.gpx\">120_SF___Auen_und_Moore_80_40<\/a><a href=\"https:\/\/www.svsuelfeld.de\/wp-content\/uploads\/2022\/04\/120_SF___Auen_und_Moore_80_40.gpx\" class=\"wp-block-file__button\" download aria-describedby=\"wp-block-file--media-d095a8e8-f3a4-4ffd-aed4-dc286a07ef77\">Herunterladen<\/a><\/div>\n\n\n\n<div class=\"wp-block-file\"><a id=\"wp-block-file--media-be82d253-5be8-4d36-aec7-d7546adf4697\" href=\"https:\/\/www.svsuelfeld.de\/wp-content\/uploads\/2022\/04\/2022-04-03_727190818_Fahrradtour.gpx\">2022-04-03_727190818_Fahrradtour<\/a><a href=\"https:\/\/www.svsuelfeld.de\/wp-content\/uploads\/2022\/04\/2022-04-03_727190818_Fahrradtour.gpx\" class=\"wp-block-file__button\" download aria-describedby=\"wp-block-file--media-be82d253-5be8-4d36-aec7-d7546adf4697\">Herunterladen<\/a><\/div>\n\n\n\n<div class=\"wp-block-file\"><a id=\"wp-block-file--media-bb51ddb1-72c3-42c2-9d13-d51bb9b61d9a\" href=\"https:\/\/www.svsuelfeld.de\/wp-content\/uploads\/2022\/04\/2022-04-10_732537879_Fahrradtour.gpx\">2022-04-10_732537879_Fahrradtour<\/a><a href=\"https:\/\/www.svsuelfeld.de\/wp-content\/uploads\/2022\/04\/2022-04-10_732537879_Fahrradtour.gpx\" class=\"wp-block-file__button\" download aria-describedby=\"wp-block-file--media-bb51ddb1-72c3-42c2-9d13-d51bb9b61d9a\">Herunterladen<\/a><\/div>\n\n\n\n<p class=\"wp-block-paragraph\"><\/p>\n","protected":false},"excerpt":{"rendered":"<p>Der Monat gestaltete sich bislang wie eine garstige Mischung aus Vorschulkind mit ADHS und schwer erziehbarem, pubertierendem Jugendlichen. An eine vern\u00fcnftige Trainingsplanung oder an entspannte Mannschaftsausfahrten war echt nicht zu denken. So gingen an diesem Wochenende also alle ihren eigenen individuellen Trainingsvorlieben nach. Ein Teil fr\u00f6nte am Sonnabend der Langstrecke, ein anderer lie\u00df sich am [&hellip;]<\/p>\n","protected":false},"author":11,"featured_media":0,"comment_status":"open","ping_status":"open","sticky":false,"template":"","format":"standard","meta":{"_crdt_document":"","pgc_sgb_lightbox_settings":"","footnotes":""},"categories":[17],"tags":[],"class_list":["post-1154","post","type-post","status-publish","format-standard","hentry","category-radsport"],"yoast_head":"<!-- This site is optimized with the Yoast SEO plugin v27.5 - https:\/\/yoast.com\/product\/yoast-seo-wordpress\/ -->\n<title>April, April - SV S\u00fclfeld<\/title>\n<meta name=\"robots\" content=\"index, follow, max-snippet:-1, max-image-preview:large, max-video-preview:-1\" \/>\n<link rel=\"canonical\" href=\"https:\/\/www.svsuelfeld.de\/?p=1154\" \/>\n<meta property=\"og:locale\" content=\"de_DE\" \/>\n<meta property=\"og:type\" content=\"article\" \/>\n<meta property=\"og:title\" content=\"April, April - SV S\u00fclfeld\" \/>\n<meta property=\"og:description\" content=\"Der Monat gestaltete sich bislang wie eine garstige Mischung aus Vorschulkind mit ADHS und schwer erziehbarem, pubertierendem Jugendlichen. An eine vern\u00fcnftige Trainingsplanung oder an entspannte Mannschaftsausfahrten war echt nicht zu denken. So gingen an diesem Wochenende also alle ihren eigenen individuellen Trainingsvorlieben nach. Ein Teil fr\u00f6nte am Sonnabend der Langstrecke, ein anderer lie\u00df sich am [&hellip;]\" \/>\n<meta property=\"og:url\" content=\"https:\/\/www.svsuelfeld.de\/?p=1154\" \/>\n<meta property=\"og:site_name\" content=\"SV S\u00fclfeld\" \/>\n<meta property=\"article:publisher\" content=\"https:\/\/de-de.facebook.com\/svsuelfeld\/\" \/>\n<meta property=\"article:published_time\" content=\"2022-04-11T08:43:06+00:00\" \/>\n<meta property=\"article:modified_time\" content=\"2022-05-11T16:17:08+00:00\" \/>\n<meta name=\"author\" content=\"radsport\" \/>\n<meta name=\"twitter:card\" content=\"summary_large_image\" \/>\n<meta name=\"twitter:label1\" content=\"Verfasst von\" \/>\n\t<meta name=\"twitter:data1\" content=\"radsport\" \/>\n\t<meta name=\"twitter:label2\" content=\"Gesch\u00e4tzte Lesezeit\" \/>\n\t<meta name=\"twitter:data2\" content=\"2\u00a0Minuten\" \/>\n<script type=\"application\/ld+json\" class=\"yoast-schema-graph\">{\"@context\":\"https:\\\/\\\/schema.org\",\"@graph\":[{\"@type\":\"Article\",\"@id\":\"https:\\\/\\\/www.svsuelfeld.de\\\/?p=1154#article\",\"isPartOf\":{\"@id\":\"https:\\\/\\\/www.svsuelfeld.de\\\/?p=1154\"},\"author\":{\"name\":\"radsport\",\"@id\":\"https:\\\/\\\/www.svsuelfeld.de\\\/#\\\/schema\\\/person\\\/415a1ff3ea8d7a36cfbaf9bc66c7c689\"},\"headline\":\"April, April\",\"datePublished\":\"2022-04-11T08:43:06+00:00\",\"dateModified\":\"2022-05-11T16:17:08+00:00\",\"mainEntityOfPage\":{\"@id\":\"https:\\\/\\\/www.svsuelfeld.de\\\/?p=1154\"},\"wordCount\":252,\"commentCount\":0,\"publisher\":{\"@id\":\"https:\\\/\\\/www.svsuelfeld.de\\\/#organization\"},\"articleSection\":[\"Radsport\"],\"inLanguage\":\"de\",\"potentialAction\":[{\"@type\":\"CommentAction\",\"name\":\"Comment\",\"target\":[\"https:\\\/\\\/www.svsuelfeld.de\\\/?p=1154#respond\"]}]},{\"@type\":\"WebPage\",\"@id\":\"https:\\\/\\\/www.svsuelfeld.de\\\/?p=1154\",\"url\":\"https:\\\/\\\/www.svsuelfeld.de\\\/?p=1154\",\"name\":\"April, April - SV S\u00fclfeld\",\"isPartOf\":{\"@id\":\"https:\\\/\\\/www.svsuelfeld.de\\\/#website\"},\"datePublished\":\"2022-04-11T08:43:06+00:00\",\"dateModified\":\"2022-05-11T16:17:08+00:00\",\"breadcrumb\":{\"@id\":\"https:\\\/\\\/www.svsuelfeld.de\\\/?p=1154#breadcrumb\"},\"inLanguage\":\"de\",\"potentialAction\":[{\"@type\":\"ReadAction\",\"target\":[\"https:\\\/\\\/www.svsuelfeld.de\\\/?p=1154\"]}]},{\"@type\":\"BreadcrumbList\",\"@id\":\"https:\\\/\\\/www.svsuelfeld.de\\\/?p=1154#breadcrumb\",\"itemListElement\":[{\"@type\":\"ListItem\",\"position\":1,\"name\":\"Startseite\",\"item\":\"https:\\\/\\\/www.svsuelfeld.de\\\/\"},{\"@type\":\"ListItem\",\"position\":2,\"name\":\"April, April\"}]},{\"@type\":\"WebSite\",\"@id\":\"https:\\\/\\\/www.svsuelfeld.de\\\/#website\",\"url\":\"https:\\\/\\\/www.svsuelfeld.de\\\/\",\"name\":\"SV S\u00fclfeld\",\"description\":\"...mehr S\u00fclfeld geht nicht\",\"publisher\":{\"@id\":\"https:\\\/\\\/www.svsuelfeld.de\\\/#organization\"},\"potentialAction\":[{\"@type\":\"SearchAction\",\"target\":{\"@type\":\"EntryPoint\",\"urlTemplate\":\"https:\\\/\\\/www.svsuelfeld.de\\\/?s={search_term_string}\"},\"query-input\":{\"@type\":\"PropertyValueSpecification\",\"valueRequired\":true,\"valueName\":\"search_term_string\"}}],\"inLanguage\":\"de\"},{\"@type\":\"Organization\",\"@id\":\"https:\\\/\\\/www.svsuelfeld.de\\\/#organization\",\"name\":\"SV S\u00fclfeld\",\"url\":\"https:\\\/\\\/www.svsuelfeld.de\\\/\",\"logo\":{\"@type\":\"ImageObject\",\"inLanguage\":\"de\",\"@id\":\"https:\\\/\\\/www.svsuelfeld.de\\\/#\\\/schema\\\/logo\\\/image\\\/\",\"url\":\"https:\\\/\\\/www.svsuelfeld.de\\\/wp-content\\\/uploads\\\/2022\\\/06\\\/cropped-svs-logo.png\",\"contentUrl\":\"https:\\\/\\\/www.svsuelfeld.de\\\/wp-content\\\/uploads\\\/2022\\\/06\\\/cropped-svs-logo.png\",\"width\":210,\"height\":210,\"caption\":\"SV S\u00fclfeld\"},\"image\":{\"@id\":\"https:\\\/\\\/www.svsuelfeld.de\\\/#\\\/schema\\\/logo\\\/image\\\/\"},\"sameAs\":[\"https:\\\/\\\/de-de.facebook.com\\\/svsuelfeld\\\/\"]},{\"@type\":\"Person\",\"@id\":\"https:\\\/\\\/www.svsuelfeld.de\\\/#\\\/schema\\\/person\\\/415a1ff3ea8d7a36cfbaf9bc66c7c689\",\"name\":\"radsport\",\"image\":{\"@type\":\"ImageObject\",\"inLanguage\":\"de\",\"@id\":\"https:\\\/\\\/secure.gravatar.com\\\/avatar\\\/3eaa8b5c6f6f5e0be342b93ecba3bf6462e79862855ffc307d9fdc6b7cc73849?s=96&d=mm&r=g\",\"url\":\"https:\\\/\\\/secure.gravatar.com\\\/avatar\\\/3eaa8b5c6f6f5e0be342b93ecba3bf6462e79862855ffc307d9fdc6b7cc73849?s=96&d=mm&r=g\",\"contentUrl\":\"https:\\\/\\\/secure.gravatar.com\\\/avatar\\\/3eaa8b5c6f6f5e0be342b93ecba3bf6462e79862855ffc307d9fdc6b7cc73849?s=96&d=mm&r=g\",\"caption\":\"radsport\"},\"url\":\"https:\\\/\\\/www.svsuelfeld.de\\\/?author=11\"}]}<\/script>\n<!-- \/ Yoast SEO plugin. -->","yoast_head_json":{"title":"April, April - SV S\u00fclfeld","robots":{"index":"index","follow":"follow","max-snippet":"max-snippet:-1","max-image-preview":"max-image-preview:large","max-video-preview":"max-video-preview:-1"},"canonical":"https:\/\/www.svsuelfeld.de\/?p=1154","og_locale":"de_DE","og_type":"article","og_title":"April, April - SV S\u00fclfeld","og_description":"Der Monat gestaltete sich bislang wie eine garstige Mischung aus Vorschulkind mit ADHS und schwer erziehbarem, pubertierendem Jugendlichen. An eine vern\u00fcnftige Trainingsplanung oder an entspannte Mannschaftsausfahrten war echt nicht zu denken. So gingen an diesem Wochenende also alle ihren eigenen individuellen Trainingsvorlieben nach. Ein Teil fr\u00f6nte am Sonnabend der Langstrecke, ein anderer lie\u00df sich am [&hellip;]","og_url":"https:\/\/www.svsuelfeld.de\/?p=1154","og_site_name":"SV S\u00fclfeld","article_publisher":"https:\/\/de-de.facebook.com\/svsuelfeld\/","article_published_time":"2022-04-11T08:43:06+00:00","article_modified_time":"2022-05-11T16:17:08+00:00","author":"radsport","twitter_card":"summary_large_image","twitter_misc":{"Verfasst von":"radsport","Gesch\u00e4tzte Lesezeit":"2\u00a0Minuten"},"schema":{"@context":"https:\/\/schema.org","@graph":[{"@type":"Article","@id":"https:\/\/www.svsuelfeld.de\/?p=1154#article","isPartOf":{"@id":"https:\/\/www.svsuelfeld.de\/?p=1154"},"author":{"name":"radsport","@id":"https:\/\/www.svsuelfeld.de\/#\/schema\/person\/415a1ff3ea8d7a36cfbaf9bc66c7c689"},"headline":"April, April","datePublished":"2022-04-11T08:43:06+00:00","dateModified":"2022-05-11T16:17:08+00:00","mainEntityOfPage":{"@id":"https:\/\/www.svsuelfeld.de\/?p=1154"},"wordCount":252,"commentCount":0,"publisher":{"@id":"https:\/\/www.svsuelfeld.de\/#organization"},"articleSection":["Radsport"],"inLanguage":"de","potentialAction":[{"@type":"CommentAction","name":"Comment","target":["https:\/\/www.svsuelfeld.de\/?p=1154#respond"]}]},{"@type":"WebPage","@id":"https:\/\/www.svsuelfeld.de\/?p=1154","url":"https:\/\/www.svsuelfeld.de\/?p=1154","name":"April, April - SV S\u00fclfeld","isPartOf":{"@id":"https:\/\/www.svsuelfeld.de\/#website"},"datePublished":"2022-04-11T08:43:06+00:00","dateModified":"2022-05-11T16:17:08+00:00","breadcrumb":{"@id":"https:\/\/www.svsuelfeld.de\/?p=1154#breadcrumb"},"inLanguage":"de","potentialAction":[{"@type":"ReadAction","target":["https:\/\/www.svsuelfeld.de\/?p=1154"]}]},{"@type":"BreadcrumbList","@id":"https:\/\/www.svsuelfeld.de\/?p=1154#breadcrumb","itemListElement":[{"@type":"ListItem","position":1,"name":"Startseite","item":"https:\/\/www.svsuelfeld.de\/"},{"@type":"ListItem","position":2,"name":"April, April"}]},{"@type":"WebSite","@id":"https:\/\/www.svsuelfeld.de\/#website","url":"https:\/\/www.svsuelfeld.de\/","name":"SV S\u00fclfeld","description":"...mehr S\u00fclfeld geht nicht","publisher":{"@id":"https:\/\/www.svsuelfeld.de\/#organization"},"potentialAction":[{"@type":"SearchAction","target":{"@type":"EntryPoint","urlTemplate":"https:\/\/www.svsuelfeld.de\/?s={search_term_string}"},"query-input":{"@type":"PropertyValueSpecification","valueRequired":true,"valueName":"search_term_string"}}],"inLanguage":"de"},{"@type":"Organization","@id":"https:\/\/www.svsuelfeld.de\/#organization","name":"SV S\u00fclfeld","url":"https:\/\/www.svsuelfeld.de\/","logo":{"@type":"ImageObject","inLanguage":"de","@id":"https:\/\/www.svsuelfeld.de\/#\/schema\/logo\/image\/","url":"https:\/\/www.svsuelfeld.de\/wp-content\/uploads\/2022\/06\/cropped-svs-logo.png","contentUrl":"https:\/\/www.svsuelfeld.de\/wp-content\/uploads\/2022\/06\/cropped-svs-logo.png","width":210,"height":210,"caption":"SV S\u00fclfeld"},"image":{"@id":"https:\/\/www.svsuelfeld.de\/#\/schema\/logo\/image\/"},"sameAs":["https:\/\/de-de.facebook.com\/svsuelfeld\/"]},{"@type":"Person","@id":"https:\/\/www.svsuelfeld.de\/#\/schema\/person\/415a1ff3ea8d7a36cfbaf9bc66c7c689","name":"radsport","image":{"@type":"ImageObject","inLanguage":"de","@id":"https:\/\/secure.gravatar.com\/avatar\/3eaa8b5c6f6f5e0be342b93ecba3bf6462e79862855ffc307d9fdc6b7cc73849?s=96&d=mm&r=g","url":"https:\/\/secure.gravatar.com\/avatar\/3eaa8b5c6f6f5e0be342b93ecba3bf6462e79862855ffc307d9fdc6b7cc73849?s=96&d=mm&r=g","contentUrl":"https:\/\/secure.gravatar.com\/avatar\/3eaa8b5c6f6f5e0be342b93ecba3bf6462e79862855ffc307d9fdc6b7cc73849?s=96&d=mm&r=g","caption":"radsport"},"url":"https:\/\/www.svsuelfeld.de\/?author=11"}]}},"publishpress_future_action":{"enabled":false,"date":"2026-05-06 16:06:34","action":"change-status","newStatus":"draft","terms":[],"taxonomy":"category","extraData":[]},"publishpress_future_workflow_manual_trigger":{"enabledWorkflows":[]},"_links":{"self":[{"href":"https:\/\/www.svsuelfeld.de\/index.php?rest_route=\/wp\/v2\/posts\/1154","targetHints":{"allow":["GET"]}}],"collection":[{"href":"https:\/\/www.svsuelfeld.de\/index.php?rest_route=\/wp\/v2\/posts"}],"about":[{"href":"https:\/\/www.svsuelfeld.de\/index.php?rest_route=\/wp\/v2\/types\/post"}],"author":[{"embeddable":true,"href":"https:\/\/www.svsuelfeld.de\/index.php?rest_route=\/wp\/v2\/users\/11"}],"replies":[{"embeddable":true,"href":"https:\/\/www.svsuelfeld.de\/index.php?rest_route=%2Fwp%2Fv2%2Fcomments&post=1154"}],"version-history":[{"count":5,"href":"https:\/\/www.svsuelfeld.de\/index.php?rest_route=\/wp\/v2\/posts\/1154\/revisions"}],"predecessor-version":[{"id":1164,"href":"https:\/\/www.svsuelfeld.de\/index.php?rest_route=\/wp\/v2\/posts\/1154\/revisions\/1164"}],"wp:attachment":[{"href":"https:\/\/www.svsuelfeld.de\/index.php?rest_route=%2Fwp%2Fv2%2Fmedia&parent=1154"}],"wp:term":[{"taxonomy":"category","embeddable":true,"href":"https:\/\/www.svsuelfeld.de\/index.php?rest_route=%2Fwp%2Fv2%2Fcategories&post=1154"},{"taxonomy":"post_tag","embeddable":true,"href":"https:\/\/www.svsuelfeld.de\/index.php?rest_route=%2Fwp%2Fv2%2Ftags&post=1154"}],"curies":[{"name":"wp","href":"https:\/\/api.w.org\/{rel}","templated":true}]}}