{"id":1262,"date":"2022-04-24T22:48:57","date_gmt":"2022-04-24T20:48:57","guid":{"rendered":"https:\/\/www.svsuelfeld.de\/?p=1262"},"modified":"2022-09-26T17:09:01","modified_gmt":"2022-09-26T15:09:01","slug":"6-tag-teneriffa-teide-koenigsetappe","status":"publish","type":"post","link":"https:\/\/www.svsuelfeld.de\/?p=1262","title":{"rendered":"6. Tag \/ Teneriffa Teide K\u00f6nigsetappe"},"content":{"rendered":"\n<p class=\"wp-block-paragraph\">Man muss das Wetter nutzen, wenn es gut ist. Und heute war es super! <br>Sonnig, Wind meist von hinten (!) und die Steigungen lang, aber nicht unm\u00f6glich steil, also machbar.<br>Trotzdem, vor den H\u00f6henmeter habe ich Respekt, deshalb habe ich heute sehr auf&#8217;s Pacing geachtet<br>(iaW: gef\u00fchlt langsam gefahren).<br>Am Ende gut angekommen, also alles OK!<br>Viele Gr\u00fc\u00dfe<br>Matthias G.<\/p>\n\n\n<div class=\"pgc-sgb-cb wp-block-pgcsimplygalleryblock-slider \" data-gallery-id=\"38525019\"style=&quot;min-height:400px&quot;><div class=\"sgb-preloader\" id=\"pr_38525019\">\n\t<div class=\"sgb-square\" style=\"background:#d4d4d4\"><\/div>\n\t<div class=\"sgb-square\" style=\"background:#d4d4d4\"><\/div>\n\t<div class=\"sgb-square\" style=\"background:#d4d4d4\"><\/div>\n\t<div class=\"sgb-square\" style=\"background:#d4d4d4\"><\/div><\/div><div class=\"simply-gallery-amp pgc_sgb_slider \"><noscript><div class=\"sgb-gallery\"><div class=\"sgb-item\"><video controls preload=\"none\"  src=\"https:\/\/www.svsuelfeld.de\/wp-content\/uploads\/2022\/04\/F76694C5-D2A7-4612-A743-737B8FBA4F74_2_0_a.mov\"><\/video><\/div><div class=\"sgb-item\"><a href=\"https:\/\/www.svsuelfeld.de\/2022\/04\/24\/6-tag-teneriffa-teide-koenigsetappe\/bb7461c5-b427-4f79-95bb-6774dd971576\/\" target=\"_blank\"><img decoding=\"async\" alt=\"\" width=\"225\" height=\"300\" loading=\"lazy\" src=\"https:\/\/www.svsuelfeld.de\/wp-content\/uploads\/2022\/04\/BB7461C5-B427-4F79-95BB-6774DD971576-225x300.jpeg\" srcset=\"https:\/\/www.svsuelfeld.de\/wp-content\/uploads\/2022\/04\/BB7461C5-B427-4F79-95BB-6774DD971576-225x300.jpeg 225w,https:\/\/www.svsuelfeld.de\/wp-content\/uploads\/2022\/04\/BB7461C5-B427-4F79-95BB-6774DD971576-768x1024.jpeg 640w,https:\/\/www.svsuelfeld.de\/wp-content\/uploads\/2022\/04\/BB7461C5-B427-4F79-95BB-6774DD971576.jpeg 1200w\" sizes=\"auto, 250px\"\/><\/a><\/div><div class=\"sgb-item\"><a href=\"https:\/\/www.svsuelfeld.de\/2022\/04\/24\/6-tag-teneriffa-teide-koenigsetappe\/e357b113-5fc6-484f-8150-d170ab68610d\/\" target=\"_blank\"><img decoding=\"async\" alt=\"\" width=\"300\" height=\"225\" loading=\"lazy\" src=\"https:\/\/www.svsuelfeld.de\/wp-content\/uploads\/2022\/04\/E357B113-5FC6-484F-8150-D170AB68610D-300x225.jpeg\" srcset=\"https:\/\/www.svsuelfeld.de\/wp-content\/uploads\/2022\/04\/E357B113-5FC6-484F-8150-D170AB68610D-300x225.jpeg 300w,https:\/\/www.svsuelfeld.de\/wp-content\/uploads\/2022\/04\/E357B113-5FC6-484F-8150-D170AB68610D-1024x768.jpeg 640w,https:\/\/www.svsuelfeld.de\/wp-content\/uploads\/2022\/04\/E357B113-5FC6-484F-8150-D170AB68610D.jpeg 1152w\" sizes=\"auto, 250px\"\/><\/a><\/div><div class=\"sgb-item\"><a href=\"https:\/\/www.svsuelfeld.de\/2022\/04\/24\/6-tag-teneriffa-teide-koenigsetappe\/c6a80d6e-878e-4edf-b748-d8f8f216dbc6\/\" target=\"_blank\"><img decoding=\"async\" alt=\"\" width=\"225\" height=\"300\" loading=\"lazy\" src=\"https:\/\/www.svsuelfeld.de\/wp-content\/uploads\/2022\/04\/C6A80D6E-878E-4EDF-B748-D8F8F216DBC6-225x300.jpeg\" srcset=\"https:\/\/www.svsuelfeld.de\/wp-content\/uploads\/2022\/04\/C6A80D6E-878E-4EDF-B748-D8F8F216DBC6-225x300.jpeg 225w,https:\/\/www.svsuelfeld.de\/wp-content\/uploads\/2022\/04\/C6A80D6E-878E-4EDF-B748-D8F8F216DBC6-768x1024.jpeg 640w,https:\/\/www.svsuelfeld.de\/wp-content\/uploads\/2022\/04\/C6A80D6E-878E-4EDF-B748-D8F8F216DBC6.jpeg 1200w\" sizes=\"auto, 250px\"\/><\/a><\/div><div class=\"sgb-item\"><a href=\"https:\/\/www.svsuelfeld.de\/2022\/04\/24\/6-tag-teneriffa-teide-koenigsetappe\/cd51005c-70c4-4964-8aa9-1a147b6034d3\/\" target=\"_blank\"><img decoding=\"async\" alt=\"\" width=\"300\" height=\"225\" loading=\"lazy\" src=\"https:\/\/www.svsuelfeld.de\/wp-content\/uploads\/2022\/04\/CD51005C-70C4-4964-8AA9-1A147B6034D3-300x225.jpeg\" srcset=\"https:\/\/www.svsuelfeld.de\/wp-content\/uploads\/2022\/04\/CD51005C-70C4-4964-8AA9-1A147B6034D3-300x225.jpeg 300w,https:\/\/www.svsuelfeld.de\/wp-content\/uploads\/2022\/04\/CD51005C-70C4-4964-8AA9-1A147B6034D3-1024x768.jpeg 640w,https:\/\/www.svsuelfeld.de\/wp-content\/uploads\/2022\/04\/CD51005C-70C4-4964-8AA9-1A147B6034D3.jpeg 1599w\" sizes=\"auto, 250px\"\/><\/a><\/div><div class=\"sgb-item\"><a href=\"https:\/\/www.svsuelfeld.de\/2022\/04\/24\/6-tag-teneriffa-teide-koenigsetappe\/94a9a5c8-84c5-47af-b3b3-38bd72c31eee\/\" target=\"_blank\"><img decoding=\"async\" alt=\"\" width=\"300\" height=\"169\" loading=\"lazy\" src=\"https:\/\/www.svsuelfeld.de\/wp-content\/uploads\/2022\/04\/94A9A5C8-84C5-47AF-B3B3-38BD72C31EEE-300x169.jpeg\" srcset=\"https:\/\/www.svsuelfeld.de\/wp-content\/uploads\/2022\/04\/94A9A5C8-84C5-47AF-B3B3-38BD72C31EEE-300x169.jpeg 300w,https:\/\/www.svsuelfeld.de\/wp-content\/uploads\/2022\/04\/94A9A5C8-84C5-47AF-B3B3-38BD72C31EEE-1024x576.jpeg 640w,https:\/\/www.svsuelfeld.de\/wp-content\/uploads\/2022\/04\/94A9A5C8-84C5-47AF-B3B3-38BD72C31EEE-scaled.jpeg 2560w\" sizes=\"auto, 250px\"\/><\/a><\/div><div class=\"sgb-item\"><a href=\"https:\/\/www.svsuelfeld.de\/2022\/04\/24\/6-tag-teneriffa-teide-koenigsetappe\/fd3a55ec-24e4-47e4-af95-afed8f5c1225\/\" target=\"_blank\"><img decoding=\"async\" alt=\"\" width=\"300\" height=\"169\" loading=\"lazy\" src=\"https:\/\/www.svsuelfeld.de\/wp-content\/uploads\/2022\/04\/FD3A55EC-24E4-47E4-AF95-AFED8F5C1225-300x169.jpeg\" srcset=\"https:\/\/www.svsuelfeld.de\/wp-content\/uploads\/2022\/04\/FD3A55EC-24E4-47E4-AF95-AFED8F5C1225-300x169.jpeg 300w,https:\/\/www.svsuelfeld.de\/wp-content\/uploads\/2022\/04\/FD3A55EC-24E4-47E4-AF95-AFED8F5C1225-1024x576.jpeg 640w,https:\/\/www.svsuelfeld.de\/wp-content\/uploads\/2022\/04\/FD3A55EC-24E4-47E4-AF95-AFED8F5C1225-scaled.jpeg 2560w\" sizes=\"auto, 250px\"\/><\/a><\/div><div class=\"sgb-item\"><a href=\"https:\/\/www.svsuelfeld.de\/2022\/04\/24\/6-tag-teneriffa-teide-koenigsetappe\/bfc9fde7-563a-46c4-a153-981dd476e90a\/\" target=\"_blank\"><img decoding=\"async\" alt=\"\" width=\"300\" height=\"169\" loading=\"lazy\" src=\"https:\/\/www.svsuelfeld.de\/wp-content\/uploads\/2022\/04\/BFC9FDE7-563A-46C4-A153-981DD476E90A-300x169.jpeg\" srcset=\"https:\/\/www.svsuelfeld.de\/wp-content\/uploads\/2022\/04\/BFC9FDE7-563A-46C4-A153-981DD476E90A-300x169.jpeg 300w,https:\/\/www.svsuelfeld.de\/wp-content\/uploads\/2022\/04\/BFC9FDE7-563A-46C4-A153-981DD476E90A-1024x576.jpeg 640w,https:\/\/www.svsuelfeld.de\/wp-content\/uploads\/2022\/04\/BFC9FDE7-563A-46C4-A153-981DD476E90A-scaled.jpeg 2560w\" sizes=\"auto, 250px\"\/><\/a><\/div><div class=\"sgb-item\"><a href=\"https:\/\/www.svsuelfeld.de\/2022\/04\/24\/6-tag-teneriffa-teide-koenigsetappe\/3ea2f7a5-9388-472c-8de9-205d3c935e6b\/\" target=\"_blank\"><img decoding=\"async\" alt=\"\" width=\"300\" height=\"238\" loading=\"lazy\" src=\"https:\/\/www.svsuelfeld.de\/wp-content\/uploads\/2022\/04\/3EA2F7A5-9388-472C-8DE9-205D3C935E6B-300x238.jpeg\" srcset=\"https:\/\/www.svsuelfeld.de\/wp-content\/uploads\/2022\/04\/3EA2F7A5-9388-472C-8DE9-205D3C935E6B-300x238.jpeg 300w,https:\/\/www.svsuelfeld.de\/wp-content\/uploads\/2022\/04\/3EA2F7A5-9388-472C-8DE9-205D3C935E6B-1024x813.jpeg 640w,https:\/\/www.svsuelfeld.de\/wp-content\/uploads\/2022\/04\/3EA2F7A5-9388-472C-8DE9-205D3C935E6B.jpeg 2450w\" sizes=\"auto, 250px\"\/><\/a><\/div><\/div><\/noscript><\/div><script type=\"application\/json\" class=\"sgb-data\">{\"sliderAdminWidth\":840,\"galleryType\":\"pgc_sgb_slider\",\"galleryId\":\"38525019\",\"images\":[{\"id\":1264,\"title\":\"F76694C5-D2A7-4612-A743-737B8FBA4F74_2_0_a\",\"url\":\"https:\/\/www.svsuelfeld.de\/wp-content\/uploads\/2022\/04\/F76694C5-D2A7-4612-A743-737B8FBA4F74_2_0_a.mov\",\"link\":\"https:\/\/www.svsuelfeld.de\/2022\/04\/24\/6-tag-teneriffa-teide-koenigsetappe\/f76694c5-d2a7-4612-a743-737b8fba4f74_2_0_a\/\",\"alt\":\"\",\"description\":\"\",\"caption\":\"\",\"mime\":\"video\/quicktime\",\"type\":\"video\",\"image\":{\"src\":\"https:\/\/www.svsuelfeld.de\/wp-includes\/images\/media\/video.png\",\"width\":48,\"height\":64},\"thumb\":{\"src\":\"https:\/\/www.svsuelfeld.de\/wp-includes\/images\/media\/video.png\",\"width\":48,\"height\":64},\"width\":480,\"height\":848,\"fileLength\":\"0:15\",\"meta\":{\"artist\":false,\"album\":false,\"bitrate\":false,\"bitrate_mode\":false},\"postlink\":\"https:\/\/www.svsuelfeld.de\/2022\/04\/24\/6-tag-teneriffa-teide-koenigsetappe\/f76694c5-d2a7-4612-a743-737b8fba4f74_2_0_a\/\"},{\"id\":1265,\"title\":\"BB7461C5-B427-4F79-95BB-6774DD971576\",\"url\":\"https:\/\/www.svsuelfeld.de\/wp-content\/uploads\/2022\/04\/BB7461C5-B427-4F79-95BB-6774DD971576.jpeg\",\"link\":\"https:\/\/www.svsuelfeld.de\/2022\/04\/24\/6-tag-teneriffa-teide-koenigsetappe\/bb7461c5-b427-4f79-95bb-6774dd971576\/\",\"alt\":\"\",\"description\":\"\",\"caption\":\"\",\"mime\":\"image\/jpeg\",\"type\":\"image\",\"width\":1200,\"height\":1599,\"sizes\":{\"thumbnail\":{\"height\":150,\"width\":150,\"url\":\"https:\/\/www.svsuelfeld.de\/wp-content\/uploads\/2022\/04\/BB7461C5-B427-4F79-95BB-6774DD971576-150x150.jpeg\",\"orientation\":\"landscape\"},\"medium\":{\"height\":300,\"width\":225,\"url\":\"https:\/\/www.svsuelfeld.de\/wp-content\/uploads\/2022\/04\/BB7461C5-B427-4F79-95BB-6774DD971576-225x300.jpeg\",\"orientation\":\"portrait\"},\"large\":{\"height\":853,\"width\":640,\"url\":\"https:\/\/www.svsuelfeld.de\/wp-content\/uploads\/2022\/04\/BB7461C5-B427-4F79-95BB-6774DD971576-768x1024.jpeg\",\"orientation\":\"portrait\"},\"full\":{\"url\":\"https:\/\/www.svsuelfeld.de\/wp-content\/uploads\/2022\/04\/BB7461C5-B427-4F79-95BB-6774DD971576.jpeg\",\"height\":1599,\"width\":1200,\"orientation\":\"portrait\"}},\"meta\":false,\"postlink\":\"https:\/\/www.svsuelfeld.de\/2022\/04\/24\/6-tag-teneriffa-teide-koenigsetappe\/bb7461c5-b427-4f79-95bb-6774dd971576\/\"},{\"id\":1266,\"title\":\"E357B113-5FC6-484F-8150-D170AB68610D\",\"url\":\"https:\/\/www.svsuelfeld.de\/wp-content\/uploads\/2022\/04\/E357B113-5FC6-484F-8150-D170AB68610D.jpeg\",\"link\":\"https:\/\/www.svsuelfeld.de\/2022\/04\/24\/6-tag-teneriffa-teide-koenigsetappe\/e357b113-5fc6-484f-8150-d170ab68610d\/\",\"alt\":\"\",\"description\":\"\",\"caption\":\"\",\"mime\":\"image\/jpeg\",\"type\":\"image\",\"width\":1152,\"height\":864,\"sizes\":{\"thumbnail\":{\"height\":150,\"width\":150,\"url\":\"https:\/\/www.svsuelfeld.de\/wp-content\/uploads\/2022\/04\/E357B113-5FC6-484F-8150-D170AB68610D-150x150.jpeg\",\"orientation\":\"landscape\"},\"medium\":{\"height\":225,\"width\":300,\"url\":\"https:\/\/www.svsuelfeld.de\/wp-content\/uploads\/2022\/04\/E357B113-5FC6-484F-8150-D170AB68610D-300x225.jpeg\",\"orientation\":\"landscape\"},\"large\":{\"height\":480,\"width\":640,\"url\":\"https:\/\/www.svsuelfeld.de\/wp-content\/uploads\/2022\/04\/E357B113-5FC6-484F-8150-D170AB68610D-1024x768.jpeg\",\"orientation\":\"landscape\"},\"full\":{\"url\":\"https:\/\/www.svsuelfeld.de\/wp-content\/uploads\/2022\/04\/E357B113-5FC6-484F-8150-D170AB68610D.jpeg\",\"height\":864,\"width\":1152,\"orientation\":\"landscape\"}},\"meta\":false,\"postlink\":\"https:\/\/www.svsuelfeld.de\/2022\/04\/24\/6-tag-teneriffa-teide-koenigsetappe\/e357b113-5fc6-484f-8150-d170ab68610d\/\"},{\"id\":1267,\"title\":\"C6A80D6E-878E-4EDF-B748-D8F8F216DBC6\",\"url\":\"https:\/\/www.svsuelfeld.de\/wp-content\/uploads\/2022\/04\/C6A80D6E-878E-4EDF-B748-D8F8F216DBC6.jpeg\",\"link\":\"https:\/\/www.svsuelfeld.de\/2022\/04\/24\/6-tag-teneriffa-teide-koenigsetappe\/c6a80d6e-878e-4edf-b748-d8f8f216dbc6\/\",\"alt\":\"\",\"description\":\"\",\"caption\":\"\",\"mime\":\"image\/jpeg\",\"type\":\"image\",\"width\":1200,\"height\":1599,\"sizes\":{\"thumbnail\":{\"height\":150,\"width\":150,\"url\":\"https:\/\/www.svsuelfeld.de\/wp-content\/uploads\/2022\/04\/C6A80D6E-878E-4EDF-B748-D8F8F216DBC6-150x150.jpeg\",\"orientation\":\"landscape\"},\"medium\":{\"height\":300,\"width\":225,\"url\":\"https:\/\/www.svsuelfeld.de\/wp-content\/uploads\/2022\/04\/C6A80D6E-878E-4EDF-B748-D8F8F216DBC6-225x300.jpeg\",\"orientation\":\"portrait\"},\"large\":{\"height\":853,\"width\":640,\"url\":\"https:\/\/www.svsuelfeld.de\/wp-content\/uploads\/2022\/04\/C6A80D6E-878E-4EDF-B748-D8F8F216DBC6-768x1024.jpeg\",\"orientation\":\"portrait\"},\"full\":{\"url\":\"https:\/\/www.svsuelfeld.de\/wp-content\/uploads\/2022\/04\/C6A80D6E-878E-4EDF-B748-D8F8F216DBC6.jpeg\",\"height\":1599,\"width\":1200,\"orientation\":\"portrait\"}},\"meta\":false,\"postlink\":\"https:\/\/www.svsuelfeld.de\/2022\/04\/24\/6-tag-teneriffa-teide-koenigsetappe\/c6a80d6e-878e-4edf-b748-d8f8f216dbc6\/\"},{\"id\":1268,\"title\":\"CD51005C-70C4-4964-8AA9-1A147B6034D3\",\"url\":\"https:\/\/www.svsuelfeld.de\/wp-content\/uploads\/2022\/04\/CD51005C-70C4-4964-8AA9-1A147B6034D3.jpeg\",\"link\":\"https:\/\/www.svsuelfeld.de\/2022\/04\/24\/6-tag-teneriffa-teide-koenigsetappe\/cd51005c-70c4-4964-8aa9-1a147b6034d3\/\",\"alt\":\"\",\"description\":\"\",\"caption\":\"\",\"mime\":\"image\/jpeg\",\"type\":\"image\",\"width\":1599,\"height\":1200,\"sizes\":{\"thumbnail\":{\"height\":150,\"width\":150,\"url\":\"https:\/\/www.svsuelfeld.de\/wp-content\/uploads\/2022\/04\/CD51005C-70C4-4964-8AA9-1A147B6034D3-150x150.jpeg\",\"orientation\":\"landscape\"},\"medium\":{\"height\":225,\"width\":300,\"url\":\"https:\/\/www.svsuelfeld.de\/wp-content\/uploads\/2022\/04\/CD51005C-70C4-4964-8AA9-1A147B6034D3-300x225.jpeg\",\"orientation\":\"landscape\"},\"large\":{\"height\":480,\"width\":640,\"url\":\"https:\/\/www.svsuelfeld.de\/wp-content\/uploads\/2022\/04\/CD51005C-70C4-4964-8AA9-1A147B6034D3-1024x768.jpeg\",\"orientation\":\"landscape\"},\"full\":{\"url\":\"https:\/\/www.svsuelfeld.de\/wp-content\/uploads\/2022\/04\/CD51005C-70C4-4964-8AA9-1A147B6034D3.jpeg\",\"height\":1200,\"width\":1599,\"orientation\":\"landscape\"}},\"meta\":false,\"postlink\":\"https:\/\/www.svsuelfeld.de\/2022\/04\/24\/6-tag-teneriffa-teide-koenigsetappe\/cd51005c-70c4-4964-8aa9-1a147b6034d3\/\"},{\"id\":1270,\"title\":\"94A9A5C8-84C5-47AF-B3B3-38BD72C31EEE\",\"url\":\"https:\/\/www.svsuelfeld.de\/wp-content\/uploads\/2022\/04\/94A9A5C8-84C5-47AF-B3B3-38BD72C31EEE-scaled.jpeg\",\"link\":\"https:\/\/www.svsuelfeld.de\/2022\/04\/24\/6-tag-teneriffa-teide-koenigsetappe\/94a9a5c8-84c5-47af-b3b3-38bd72c31eee\/\",\"alt\":\"\",\"description\":\"\",\"caption\":\"\",\"mime\":\"image\/jpeg\",\"type\":\"image\",\"width\":2560,\"height\":1441,\"sizes\":{\"thumbnail\":{\"height\":150,\"width\":150,\"url\":\"https:\/\/www.svsuelfeld.de\/wp-content\/uploads\/2022\/04\/94A9A5C8-84C5-47AF-B3B3-38BD72C31EEE-150x150.jpeg\",\"orientation\":\"landscape\"},\"medium\":{\"height\":169,\"width\":300,\"url\":\"https:\/\/www.svsuelfeld.de\/wp-content\/uploads\/2022\/04\/94A9A5C8-84C5-47AF-B3B3-38BD72C31EEE-300x169.jpeg\",\"orientation\":\"landscape\"},\"large\":{\"height\":360,\"width\":640,\"url\":\"https:\/\/www.svsuelfeld.de\/wp-content\/uploads\/2022\/04\/94A9A5C8-84C5-47AF-B3B3-38BD72C31EEE-1024x576.jpeg\",\"orientation\":\"landscape\"},\"full\":{\"url\":\"https:\/\/www.svsuelfeld.de\/wp-content\/uploads\/2022\/04\/94A9A5C8-84C5-47AF-B3B3-38BD72C31EEE-scaled.jpeg\",\"height\":1441,\"width\":2560,\"orientation\":\"landscape\"}},\"meta\":false,\"postlink\":\"https:\/\/www.svsuelfeld.de\/2022\/04\/24\/6-tag-teneriffa-teide-koenigsetappe\/94a9a5c8-84c5-47af-b3b3-38bd72c31eee\/\"},{\"id\":1271,\"title\":\"FD3A55EC-24E4-47E4-AF95-AFED8F5C1225\",\"url\":\"https:\/\/www.svsuelfeld.de\/wp-content\/uploads\/2022\/04\/FD3A55EC-24E4-47E4-AF95-AFED8F5C1225-scaled.jpeg\",\"link\":\"https:\/\/www.svsuelfeld.de\/2022\/04\/24\/6-tag-teneriffa-teide-koenigsetappe\/fd3a55ec-24e4-47e4-af95-afed8f5c1225\/\",\"alt\":\"\",\"description\":\"\",\"caption\":\"\",\"mime\":\"image\/jpeg\",\"type\":\"image\",\"width\":2560,\"height\":1441,\"sizes\":{\"thumbnail\":{\"height\":150,\"width\":150,\"url\":\"https:\/\/www.svsuelfeld.de\/wp-content\/uploads\/2022\/04\/FD3A55EC-24E4-47E4-AF95-AFED8F5C1225-150x150.jpeg\",\"orientation\":\"landscape\"},\"medium\":{\"height\":169,\"width\":300,\"url\":\"https:\/\/www.svsuelfeld.de\/wp-content\/uploads\/2022\/04\/FD3A55EC-24E4-47E4-AF95-AFED8F5C1225-300x169.jpeg\",\"orientation\":\"landscape\"},\"large\":{\"height\":360,\"width\":640,\"url\":\"https:\/\/www.svsuelfeld.de\/wp-content\/uploads\/2022\/04\/FD3A55EC-24E4-47E4-AF95-AFED8F5C1225-1024x576.jpeg\",\"orientation\":\"landscape\"},\"full\":{\"url\":\"https:\/\/www.svsuelfeld.de\/wp-content\/uploads\/2022\/04\/FD3A55EC-24E4-47E4-AF95-AFED8F5C1225-scaled.jpeg\",\"height\":1441,\"width\":2560,\"orientation\":\"landscape\"}},\"meta\":false,\"postlink\":\"https:\/\/www.svsuelfeld.de\/2022\/04\/24\/6-tag-teneriffa-teide-koenigsetappe\/fd3a55ec-24e4-47e4-af95-afed8f5c1225\/\"},{\"id\":1272,\"title\":\"BFC9FDE7-563A-46C4-A153-981DD476E90A\",\"url\":\"https:\/\/www.svsuelfeld.de\/wp-content\/uploads\/2022\/04\/BFC9FDE7-563A-46C4-A153-981DD476E90A-scaled.jpeg\",\"link\":\"https:\/\/www.svsuelfeld.de\/2022\/04\/24\/6-tag-teneriffa-teide-koenigsetappe\/bfc9fde7-563a-46c4-a153-981dd476e90a\/\",\"alt\":\"\",\"description\":\"\",\"caption\":\"\",\"mime\":\"image\/jpeg\",\"type\":\"image\",\"width\":2560,\"height\":1441,\"sizes\":{\"thumbnail\":{\"height\":150,\"width\":150,\"url\":\"https:\/\/www.svsuelfeld.de\/wp-content\/uploads\/2022\/04\/BFC9FDE7-563A-46C4-A153-981DD476E90A-150x150.jpeg\",\"orientation\":\"landscape\"},\"medium\":{\"height\":169,\"width\":300,\"url\":\"https:\/\/www.svsuelfeld.de\/wp-content\/uploads\/2022\/04\/BFC9FDE7-563A-46C4-A153-981DD476E90A-300x169.jpeg\",\"orientation\":\"landscape\"},\"large\":{\"height\":360,\"width\":640,\"url\":\"https:\/\/www.svsuelfeld.de\/wp-content\/uploads\/2022\/04\/BFC9FDE7-563A-46C4-A153-981DD476E90A-1024x576.jpeg\",\"orientation\":\"landscape\"},\"full\":{\"url\":\"https:\/\/www.svsuelfeld.de\/wp-content\/uploads\/2022\/04\/BFC9FDE7-563A-46C4-A153-981DD476E90A-scaled.jpeg\",\"height\":1441,\"width\":2560,\"orientation\":\"landscape\"}},\"meta\":false,\"postlink\":\"https:\/\/www.svsuelfeld.de\/2022\/04\/24\/6-tag-teneriffa-teide-koenigsetappe\/bfc9fde7-563a-46c4-a153-981dd476e90a\/\"},{\"id\":1269,\"title\":\"3EA2F7A5-9388-472C-8DE9-205D3C935E6B\",\"url\":\"https:\/\/www.svsuelfeld.de\/wp-content\/uploads\/2022\/04\/3EA2F7A5-9388-472C-8DE9-205D3C935E6B.jpeg\",\"link\":\"https:\/\/www.svsuelfeld.de\/2022\/04\/24\/6-tag-teneriffa-teide-koenigsetappe\/3ea2f7a5-9388-472c-8de9-205d3c935e6b\/\",\"alt\":\"\",\"description\":\"\",\"caption\":\"\",\"mime\":\"image\/jpeg\",\"type\":\"image\",\"width\":2450,\"height\":1946,\"sizes\":{\"thumbnail\":{\"height\":150,\"width\":150,\"url\":\"https:\/\/www.svsuelfeld.de\/wp-content\/uploads\/2022\/04\/3EA2F7A5-9388-472C-8DE9-205D3C935E6B-150x150.jpeg\",\"orientation\":\"landscape\"},\"medium\":{\"height\":238,\"width\":300,\"url\":\"https:\/\/www.svsuelfeld.de\/wp-content\/uploads\/2022\/04\/3EA2F7A5-9388-472C-8DE9-205D3C935E6B-300x238.jpeg\",\"orientation\":\"landscape\"},\"large\":{\"height\":508,\"width\":640,\"url\":\"https:\/\/www.svsuelfeld.de\/wp-content\/uploads\/2022\/04\/3EA2F7A5-9388-472C-8DE9-205D3C935E6B-1024x813.jpeg\",\"orientation\":\"landscape\"},\"full\":{\"url\":\"https:\/\/www.svsuelfeld.de\/wp-content\/uploads\/2022\/04\/3EA2F7A5-9388-472C-8DE9-205D3C935E6B.jpeg\",\"height\":1946,\"width\":2450,\"orientation\":\"landscape\"}},\"meta\":false,\"postlink\":\"https:\/\/www.svsuelfeld.de\/2022\/04\/24\/6-tag-teneriffa-teide-koenigsetappe\/3ea2f7a5-9388-472c-8de9-205d3c935e6b\/\"}],\"itemsMetaDataCollection\":[],\"galleryData\":\"{\\u0022collectionThumbRecomendedWidth\\u0022:200,\\u0022thumbSpacing\\u0022:5,\\u0022thumbMobileSpacing\\u0022:5,\\u0022externalLink\\u0022:true,\\u0022externalLinkDefName\\u0022:\\u0022Read More\\u0022,\\u0022externalLinkTextColor\\u0022:\\u0022rgba(0,0,0,1)\\u0022,\\u0022externalLinkBgColor\\u0022:\\u0022rgba(255,255,255,1)\\u0022,\\u0022externalLinkFontSize\\u0022:18,\\u0022captions\\u0022:true,\\u0022captionSrc\\u0022:\\u0022caption\\u0022,\\u0022captionHAlign\\u0022:\\u0022top\\u0022,\\u0022collectionthumbHoverTitleFontSize\\u0022:18,\\u0022collectionthumbRoundedCorners\\u0022:0,\\u0022collectionthumbHoverTitleTextColor\\u0022:\\u0022rgba(255,255,255,1)\\u0022,\\u0022collectionthumbHoverTitleTextBgColor\\u0022:\\u0022rgba(0,0,0,0.8)\\u0022,\\u0022collectionthumbHoverBgColor\\u0022:\\u0022rgba(0,0,0,0.4)\\u0022,\\u0022collectionThumbSubMenuDownload\\u0022:true,\\u0022collectionThumbSubMenuShare\\u0022:true,\\u0022collectionThumbSubMenuBgColor\\u0022:\\u0022rgba(0,0,0,0.4)\\u0022,\\u0022collectionThumbSubMenuBgColorHover\\u0022:\\u0022rgba(255,255,255,1)\\u0022,\\u0022collectionThumbSubMenuIconColor\\u0022:\\u0022rgba(255,255,255,1)\\u0022,\\u0022collectionThumbSubMenuIconColorHover\\u0022:\\u0022rgba(0,0,0,1)\\u0022,\\u0022collectionthumbColorsFilter\\u0022:\\u0022none\\u0022,\\u0022sliderItemBgColor\\u0022:\\u0022rgba(0,0,0,0)\\u0022,\\u0022sliderItemBorderColor\\u0022:\\u0022rgba(255,255,255,1)\\u0022,\\u0022sliderItemBorderWidth\\u0022:0,\\u0022sliderItemFill\\u0022:\\u0022true\\u0022,\\u0022sliderMaxHeight\\u0022:400,\\u0022sliderAdminWidth\\u0022:840,\\u0022responsiveHeight\\u0022:false,\\u0022collectionColumns\\u0022:3,\\u0022sliderAnimation\\u0022:\\u0022animation\\u0022,\\u0022sliderNextPrevNavigation\\u0022:true,\\u0022sliderNextPrevBgColor\\u0022:\\u0022rgba(255,255,255,1)\\u0022,\\u0022sliderNextPrevBgColorHover\\u0022:\\u0022rgba(0,0,0,1)\\u0022,\\u0022sliderNextPrevIconColor\\u0022:\\u0022rgba(0,0,0,1)\\u0022,\\u0022sliderNextPrevIconColorHover\\u0022:\\u0022rgba(255,255,255,1)\\u0022,\\u0022sliderThumbsNavi\\u0022:true,\\u0022sliderThumbsNaviColor\\u0022:\\u0022rgba(255,255,255,1)\\u0022,\\u0022sliderDotNavi\\u0022:false,\\u0022sliderDotNaviBgColor\\u0022:\\u0022rgba(0,0,0,.4)\\u0022,\\u0022sliderDotNaviBgColorHover\\u0022:\\u0022rgba(255,255,255,1)\\u0022,\\u0022autoPlay\\u0022:false,\\u0022autoPlayDelay\\u0022:4,\\u0022autoPlayMouseStoper\\u0022:true,\\u0022settingsModalIsOpen\\u0022:false,\\u0022galleryType\\u0022:\\u0022pgc_sgb_slider\\u0022,\\u0022align\\u0022:\\u0022\\u0022,\\u0022galleryId\\u0022:\\u002238525019\\u0022,\\u0022tagsListCustomMode\\u0022:false,\\u0022initGalleryByFirstTag\\u0022:false,\\u0022deepLinkingForTag\\u0022:false,\\u0022galleryTagsList\\u0022:[],\\u0022useClobalSettings\\u0022:false,\\u0022orderBy\\u0022:\\u0022custom\\u0022,\\u0022deepLinking\\u0022:false,\\u0022useLightbox\\u0022:true,\\u0022thumbClickAction\\u0022:\\u0022useLightbox\\u0022,\\u0022numItemsDisplayed\\u0022:0,\\u0022lazyLoading\\u0022:true,\\u0022contentNoPadding\\u0022:false,\\u0022galleryPreloaderColor\\u0022:\\u0022rgba(230,230,230,1)\\u0022,\\u0022galleryBgColor\\u0022:\\u0022rgba(0,0,0,0)\\u0022,\\u0022galleryBorderRadius\\u0022:0,\\u0022customCSS\\u0022:\\u0022\\u0022,\\u0022tagsFilter\\u0022:false,\\u0022tagCloudAll\\u0022:\\u0022All\\u0022,\\u0022tagCloudBgColor\\u0022:\\u0022rgba(153,153,153,1)\\u0022,\\u0022tagCloudBgColorOver\\u0022:\\u0022rgba(253,253,253,1)\\u0022,\\u0022tagCloudTextColor\\u0022:\\u0022rgba(253,253,253,1)\\u0022,\\u0022tagCloudTextColorOver\\u0022:\\u0022rgba(153,153,153,1)\\u0022,\\u0022tagCloudFontSize\\u0022:16,\\u0022modaBgColor\\u0022:\\u0022rgba(0,0,0,0.8)\\u0022,\\u0022modalIconColor\\u0022:\\u0022rgba(255,255,255,1)\\u0022,\\u0022modalIconColorHover\\u0022:\\u0022rgba(255,255,255,0.8)\\u0022,\\u0022shareFacebook\\u0022:true,\\u0022shareTwitter\\u0022:true,\\u0022sharePinterest\\u0022:true,\\u0022sliderItemDownload\\u0022:true,\\u0022shareCopyLink\\u0022:true,\\u0022sharePost\\u0022:\\u0022sharelink\\u0022,\\u0022copyRProtection\\u0022:false,\\u0022copyRAlert\\u0022:\\u0022Hello, this photo is mine!\\u0022,\\u0022sliderScrollNavi\\u0022:false,\\u0022sliderFullSizeViewMode\\u0022:false,\\u0022sliderNextPrevAnimation\\u0022:\\u0022animation\\u0022,\\u0022galleryScrollPositionControll\\u0022:false,\\u0022sliderVideoAutoPlay\\u0022:false,\\u0022sliderVideoLoop\\u0022:false,\\u0022sliderItemCounterEnable\\u0022:true,\\u0022sliderCaptionSrc\\u0022:\\u0022caption\\u0022,\\u0022sliderItemTitleEnable\\u0022:false,\\u0022sliderItemTitleFontSize\\u0022:18,\\u0022sliderItemTitleTextColor\\u0022:\\u0022rgba(255,255,255,1)\\u0022,\\u0022itemCounterColor\\u0022:\\u0022rgba(255,255,255,1)\\u0022,\\u0022sliderThumbBarEnable\\u0022:true,\\u0022sliderThumbBarHoverColor\\u0022:\\u0022rgba(240,240,240,1)\\u0022,\\u0022sliderBgColor\\u0022:\\u0022rgba(0,0,0,0.8)\\u0022,\\u0022sliderPreloaderColor\\u0022:\\u0022rgba(240,240,240,1)\\u0022,\\u0022sliderHeaderFooterBgColor\\u0022:\\u0022rgba(0,0,0,0.4)\\u0022,\\u0022sliderNavigationColor\\u0022:\\u0022rgba(0,0,0,1)\\u0022,\\u0022sliderNavigationColorOver\\u0022:\\u0022rgba(255,255,255,1)\\u0022,\\u0022sliderNavigationIconColor\\u0022:\\u0022rgba(255,255,255,1)\\u0022,\\u0022sliderNavigationIconColorOver\\u0022:\\u0022rgba(0,0,0,1)\\u0022,\\u0022sliderSlideshow\\u0022:true,\\u0022sliderSlideshowDelay\\u0022:8,\\u0022slideshowIndicatorColor\\u0022:\\u0022rgba(255,255,255,1)\\u0022,\\u0022slideshowIndicatorColorBg\\u0022:\\u0022rgba(255,255,255,0.5)\\u0022,\\u0022sliderThumbSubMenuBackgroundColor\\u0022:\\u0022rgba(255,255,255,0)\\u0022,\\u0022sliderThumbSubMenuBackgroundColorOver\\u0022:\\u0022rgba(255,255,255,1)\\u0022,\\u0022sliderThumbSubMenuIconColor\\u0022:\\u0022rgba(255,255,255,1)\\u0022,\\u0022sliderThumbSubMenuIconHoverColor\\u0022:\\u0022rgba(0,0,0,1)\\u0022,\\u0022sliderSocialShareEnabled\\u0022:true,\\u0022sliderZoomEnable\\u0022:true,\\u0022sliderFullscreenEnabled\\u0022:true,\\u0022wpum_restrict_type\\u0022:\\u0022wpum_restrict_type_state\\u0022,\\u0022wpum_restrict_state\\u0022:\\u0022\\u0022,\\u0022wpum_restrict_show_message\\u0022:true,\\u0022skin\\u0022:\\u0022slider\\u0022}\",\"wpum_restrict_type\":\"wpum_restrict_type_state\",\"wpum_hide_state_in\":false,\"wpum_hide_state_out\":false}<\/script><script>(function(){if(window.PGC_SGB && window.PGC_SGB.searcher){window.PGC_SGB.searcher.initBlocks()}})()<\/script><\/div>\n\n\n<p class=\"wp-block-paragraph\">     <\/p>\n\n\n\n<p class=\"has-text-align-center wp-block-paragraph\"><strong>&#8230;&#8230;<\/strong><\/p>\n\n\n\n<h2 class=\"wp-block-heading\">6. Tag \/ von Lothar M.<\/h2>\n\n\n\n<figure class=\"wp-block-image size-large is-resized\"><img loading=\"lazy\" decoding=\"async\" src=\"https:\/\/www.svsuelfeld.de\/wp-content\/uploads\/2022\/04\/52068504-7717-40F4-B1CF-04CF55E7AA17_1_201_a-768x1024.jpeg\" alt=\"\" class=\"wp-image-1288\" width=\"502\" height=\"669\" srcset=\"https:\/\/www.svsuelfeld.de\/wp-content\/uploads\/2022\/04\/52068504-7717-40F4-B1CF-04CF55E7AA17_1_201_a-768x1024.jpeg 768w, https:\/\/www.svsuelfeld.de\/wp-content\/uploads\/2022\/04\/52068504-7717-40F4-B1CF-04CF55E7AA17_1_201_a-225x300.jpeg 225w, https:\/\/www.svsuelfeld.de\/wp-content\/uploads\/2022\/04\/52068504-7717-40F4-B1CF-04CF55E7AA17_1_201_a-300x400.jpeg 300w, https:\/\/www.svsuelfeld.de\/wp-content\/uploads\/2022\/04\/52068504-7717-40F4-B1CF-04CF55E7AA17_1_201_a-1152x1536.jpeg 1152w, https:\/\/www.svsuelfeld.de\/wp-content\/uploads\/2022\/04\/52068504-7717-40F4-B1CF-04CF55E7AA17_1_201_a.jpeg 1536w\" sizes=\"auto, (max-width: 502px) 100vw, 502px\" \/><figcaption>Hier mein kleiner Beitrag zur M\u00f6rdertour!<\/figcaption><\/figure>\n\n\n\n<p class=\"wp-block-paragraph\">Schon bei der Auffahrt wurde einem mit einem gro\u00dfen Schild klargemacht, was jetzt kommt <br>&#8222;El Teide 39,5 km&#8220;<br>Hier hei\u00dft es seinen eigenen Rhythmus finden &#8211; dies gelang mir recht gut. <br>Mit den Kilometern ging der Puls sogar leicht runter. <br>Nach ca. 10 km \u00fcberholte mich eine Gruppe Spanier. <br>Die Form der Waden war beindruckend und machte klar, die fahren hier \u00f6fter.<br>Der wenige Verkehr und das geringe Tempo (ca. 10 km\/h) erlaubten trotz der k\u00f6rperlichen Belastung den Genuss der beeindruckenden Natur. <br>Die wechselte von sch\u00f6nem gr\u00fcnen Wald bis zur kargen Lava &#8211; ein unvergessliches Naturschauspiel. <br>So war das Erreichen des fahrbaren Gipfel nach 3 Stunden geschafft und ich war froh, dass ich diese Herausforderung gemeistert habe. Es folgte die l\u00e4ngste und schnellste Abfahrt, die ich je gefahren bin.<br>Aufgehalten in unserem Geschwindigkeitsrausch wurden wir dabei durch die Autofahrer. <br>War vieleicht gut so, so sind wir alle heile geblieben. Bei der R\u00fcckkehr in die Unterkunft war ich dann aber nur PLATT!<br>Beste Gr\u00fc\u00dfe Lothar M.<\/p>\n\n\n<div class=\"pgc-sgb-cb wp-block-pgcsimplygalleryblock-slider \" data-gallery-id=\"c7b48172\"style=&quot;min-height:400px&quot;><div class=\"sgb-preloader\" id=\"pr_c7b48172\">\n\t<div class=\"sgb-square\" style=\"background:#d4d4d4\"><\/div>\n\t<div class=\"sgb-square\" style=\"background:#d4d4d4\"><\/div>\n\t<div class=\"sgb-square\" style=\"background:#d4d4d4\"><\/div>\n\t<div class=\"sgb-square\" style=\"background:#d4d4d4\"><\/div><\/div><div class=\"simply-gallery-amp pgc_sgb_slider \"><noscript><div class=\"sgb-gallery\"><div class=\"sgb-item\"><a href=\"https:\/\/www.svsuelfeld.de\/2022\/04\/24\/6-tag-teneriffa-teide-koenigsetappe\/6e2b9db3-7a4c-4396-b7cb-6f9692824c92_1_201_a\/\" target=\"_blank\"><img decoding=\"async\" alt=\"\" width=\"225\" height=\"300\" loading=\"lazy\" src=\"https:\/\/www.svsuelfeld.de\/wp-content\/uploads\/2022\/04\/6E2B9DB3-7A4C-4396-B7CB-6F9692824C92_1_201_a-225x300.jpeg\" srcset=\"https:\/\/www.svsuelfeld.de\/wp-content\/uploads\/2022\/04\/6E2B9DB3-7A4C-4396-B7CB-6F9692824C92_1_201_a-225x300.jpeg 225w,https:\/\/www.svsuelfeld.de\/wp-content\/uploads\/2022\/04\/6E2B9DB3-7A4C-4396-B7CB-6F9692824C92_1_201_a-768x1024.jpeg 640w,https:\/\/www.svsuelfeld.de\/wp-content\/uploads\/2022\/04\/6E2B9DB3-7A4C-4396-B7CB-6F9692824C92_1_201_a.jpeg 1500w\" sizes=\"auto, 250px\"\/><\/a><\/div><div class=\"sgb-item\"><a href=\"https:\/\/www.svsuelfeld.de\/2022\/04\/24\/6-tag-teneriffa-teide-koenigsetappe\/7613eca1-1904-45a9-a2a4-7d7a296a62a9\/\" target=\"_blank\"><img decoding=\"async\" alt=\"\" width=\"225\" height=\"300\" loading=\"lazy\" src=\"https:\/\/www.svsuelfeld.de\/wp-content\/uploads\/2022\/04\/7613ECA1-1904-45A9-A2A4-7D7A296A62A9-225x300.jpeg\" srcset=\"https:\/\/www.svsuelfeld.de\/wp-content\/uploads\/2022\/04\/7613ECA1-1904-45A9-A2A4-7D7A296A62A9-225x300.jpeg 225w,https:\/\/www.svsuelfeld.de\/wp-content\/uploads\/2022\/04\/7613ECA1-1904-45A9-A2A4-7D7A296A62A9-768x1024.jpeg 640w,https:\/\/www.svsuelfeld.de\/wp-content\/uploads\/2022\/04\/7613ECA1-1904-45A9-A2A4-7D7A296A62A9.jpeg 1536w\" sizes=\"auto, 250px\"\/><\/a><\/div><div class=\"sgb-item\"><a href=\"https:\/\/www.svsuelfeld.de\/2022\/04\/24\/6-tag-teneriffa-teide-koenigsetappe\/d0844e30-633f-42c1-8853-01df384e5f86\/\" target=\"_blank\"><img decoding=\"async\" alt=\"\" width=\"225\" height=\"300\" loading=\"lazy\" src=\"https:\/\/www.svsuelfeld.de\/wp-content\/uploads\/2022\/04\/D0844E30-633F-42C1-8853-01DF384E5F86-225x300.jpeg\" srcset=\"https:\/\/www.svsuelfeld.de\/wp-content\/uploads\/2022\/04\/D0844E30-633F-42C1-8853-01DF384E5F86-225x300.jpeg 225w,https:\/\/www.svsuelfeld.de\/wp-content\/uploads\/2022\/04\/D0844E30-633F-42C1-8853-01DF384E5F86-768x1024.jpeg 640w,https:\/\/www.svsuelfeld.de\/wp-content\/uploads\/2022\/04\/D0844E30-633F-42C1-8853-01DF384E5F86.jpeg 1536w\" sizes=\"auto, 250px\"\/><\/a><\/div><div class=\"sgb-item\"><a href=\"https:\/\/www.svsuelfeld.de\/2022\/04\/24\/6-tag-teneriffa-teide-koenigsetappe\/404a3739-be79-47d8-9503-de5e30e848d5\/\" target=\"_blank\"><img decoding=\"async\" alt=\"\" width=\"300\" height=\"225\" loading=\"lazy\" src=\"https:\/\/www.svsuelfeld.de\/wp-content\/uploads\/2022\/04\/404A3739-BE79-47D8-9503-DE5E30E848D5-300x225.jpeg\" srcset=\"https:\/\/www.svsuelfeld.de\/wp-content\/uploads\/2022\/04\/404A3739-BE79-47D8-9503-DE5E30E848D5-300x225.jpeg 300w,https:\/\/www.svsuelfeld.de\/wp-content\/uploads\/2022\/04\/404A3739-BE79-47D8-9503-DE5E30E848D5-1024x768.jpeg 640w,https:\/\/www.svsuelfeld.de\/wp-content\/uploads\/2022\/04\/404A3739-BE79-47D8-9503-DE5E30E848D5.jpeg 2048w\" sizes=\"auto, 250px\"\/><\/a><\/div><\/div><\/noscript><\/div><script type=\"application\/json\" class=\"sgb-data\">{\"sliderAdminWidth\":840,\"galleryType\":\"pgc_sgb_slider\",\"galleryId\":\"c7b48172\",\"images\":[{\"id\":1291,\"title\":\"6E2B9DB3-7A4C-4396-B7CB-6F9692824C92_1_201_a\",\"url\":\"https:\/\/www.svsuelfeld.de\/wp-content\/uploads\/2022\/04\/6E2B9DB3-7A4C-4396-B7CB-6F9692824C92_1_201_a.jpeg\",\"link\":\"https:\/\/www.svsuelfeld.de\/2022\/04\/24\/6-tag-teneriffa-teide-koenigsetappe\/6e2b9db3-7a4c-4396-b7cb-6f9692824c92_1_201_a\/\",\"alt\":\"\",\"description\":\"\",\"caption\":\"\",\"mime\":\"image\/jpeg\",\"type\":\"image\",\"width\":1500,\"height\":2000,\"sizes\":{\"thumbnail\":{\"height\":150,\"width\":150,\"url\":\"https:\/\/www.svsuelfeld.de\/wp-content\/uploads\/2022\/04\/6E2B9DB3-7A4C-4396-B7CB-6F9692824C92_1_201_a-150x150.jpeg\",\"orientation\":\"landscape\"},\"medium\":{\"height\":300,\"width\":225,\"url\":\"https:\/\/www.svsuelfeld.de\/wp-content\/uploads\/2022\/04\/6E2B9DB3-7A4C-4396-B7CB-6F9692824C92_1_201_a-225x300.jpeg\",\"orientation\":\"portrait\"},\"large\":{\"height\":853,\"width\":640,\"url\":\"https:\/\/www.svsuelfeld.de\/wp-content\/uploads\/2022\/04\/6E2B9DB3-7A4C-4396-B7CB-6F9692824C92_1_201_a-768x1024.jpeg\",\"orientation\":\"portrait\"},\"full\":{\"url\":\"https:\/\/www.svsuelfeld.de\/wp-content\/uploads\/2022\/04\/6E2B9DB3-7A4C-4396-B7CB-6F9692824C92_1_201_a.jpeg\",\"height\":2000,\"width\":1500,\"orientation\":\"portrait\"}},\"meta\":false,\"postlink\":\"https:\/\/www.svsuelfeld.de\/2022\/04\/24\/6-tag-teneriffa-teide-koenigsetappe\/6e2b9db3-7a4c-4396-b7cb-6f9692824c92_1_201_a\/\"},{\"id\":1289,\"title\":\"7613ECA1-1904-45A9-A2A4-7D7A296A62A9\",\"url\":\"https:\/\/www.svsuelfeld.de\/wp-content\/uploads\/2022\/04\/7613ECA1-1904-45A9-A2A4-7D7A296A62A9.jpeg\",\"link\":\"https:\/\/www.svsuelfeld.de\/2022\/04\/24\/6-tag-teneriffa-teide-koenigsetappe\/7613eca1-1904-45a9-a2a4-7d7a296a62a9\/\",\"alt\":\"\",\"description\":\"\",\"caption\":\"\",\"mime\":\"image\/jpeg\",\"type\":\"image\",\"width\":1536,\"height\":2048,\"sizes\":{\"thumbnail\":{\"height\":150,\"width\":150,\"url\":\"https:\/\/www.svsuelfeld.de\/wp-content\/uploads\/2022\/04\/7613ECA1-1904-45A9-A2A4-7D7A296A62A9-150x150.jpeg\",\"orientation\":\"landscape\"},\"medium\":{\"height\":300,\"width\":225,\"url\":\"https:\/\/www.svsuelfeld.de\/wp-content\/uploads\/2022\/04\/7613ECA1-1904-45A9-A2A4-7D7A296A62A9-225x300.jpeg\",\"orientation\":\"portrait\"},\"large\":{\"height\":853,\"width\":640,\"url\":\"https:\/\/www.svsuelfeld.de\/wp-content\/uploads\/2022\/04\/7613ECA1-1904-45A9-A2A4-7D7A296A62A9-768x1024.jpeg\",\"orientation\":\"portrait\"},\"full\":{\"url\":\"https:\/\/www.svsuelfeld.de\/wp-content\/uploads\/2022\/04\/7613ECA1-1904-45A9-A2A4-7D7A296A62A9.jpeg\",\"height\":2048,\"width\":1536,\"orientation\":\"portrait\"}},\"meta\":false,\"postlink\":\"https:\/\/www.svsuelfeld.de\/2022\/04\/24\/6-tag-teneriffa-teide-koenigsetappe\/7613eca1-1904-45a9-a2a4-7d7a296a62a9\/\"},{\"id\":1290,\"title\":\"D0844E30-633F-42C1-8853-01DF384E5F86\",\"url\":\"https:\/\/www.svsuelfeld.de\/wp-content\/uploads\/2022\/04\/D0844E30-633F-42C1-8853-01DF384E5F86.jpeg\",\"link\":\"https:\/\/www.svsuelfeld.de\/2022\/04\/24\/6-tag-teneriffa-teide-koenigsetappe\/d0844e30-633f-42c1-8853-01df384e5f86\/\",\"alt\":\"\",\"description\":\"\",\"caption\":\"\",\"mime\":\"image\/jpeg\",\"type\":\"image\",\"width\":1536,\"height\":2048,\"sizes\":{\"thumbnail\":{\"height\":150,\"width\":150,\"url\":\"https:\/\/www.svsuelfeld.de\/wp-content\/uploads\/2022\/04\/D0844E30-633F-42C1-8853-01DF384E5F86-150x150.jpeg\",\"orientation\":\"landscape\"},\"medium\":{\"height\":300,\"width\":225,\"url\":\"https:\/\/www.svsuelfeld.de\/wp-content\/uploads\/2022\/04\/D0844E30-633F-42C1-8853-01DF384E5F86-225x300.jpeg\",\"orientation\":\"portrait\"},\"large\":{\"height\":853,\"width\":640,\"url\":\"https:\/\/www.svsuelfeld.de\/wp-content\/uploads\/2022\/04\/D0844E30-633F-42C1-8853-01DF384E5F86-768x1024.jpeg\",\"orientation\":\"portrait\"},\"full\":{\"url\":\"https:\/\/www.svsuelfeld.de\/wp-content\/uploads\/2022\/04\/D0844E30-633F-42C1-8853-01DF384E5F86.jpeg\",\"height\":2048,\"width\":1536,\"orientation\":\"portrait\"}},\"meta\":false,\"postlink\":\"https:\/\/www.svsuelfeld.de\/2022\/04\/24\/6-tag-teneriffa-teide-koenigsetappe\/d0844e30-633f-42c1-8853-01df384e5f86\/\"},{\"id\":1293,\"title\":\"404A3739-BE79-47D8-9503-DE5E30E848D5\",\"url\":\"https:\/\/www.svsuelfeld.de\/wp-content\/uploads\/2022\/04\/404A3739-BE79-47D8-9503-DE5E30E848D5.jpeg\",\"link\":\"https:\/\/www.svsuelfeld.de\/2022\/04\/24\/6-tag-teneriffa-teide-koenigsetappe\/404a3739-be79-47d8-9503-de5e30e848d5\/\",\"alt\":\"\",\"description\":\"\",\"caption\":\"\",\"mime\":\"image\/jpeg\",\"type\":\"image\",\"width\":2048,\"height\":1536,\"sizes\":{\"thumbnail\":{\"height\":150,\"width\":150,\"url\":\"https:\/\/www.svsuelfeld.de\/wp-content\/uploads\/2022\/04\/404A3739-BE79-47D8-9503-DE5E30E848D5-150x150.jpeg\",\"orientation\":\"landscape\"},\"medium\":{\"height\":225,\"width\":300,\"url\":\"https:\/\/www.svsuelfeld.de\/wp-content\/uploads\/2022\/04\/404A3739-BE79-47D8-9503-DE5E30E848D5-300x225.jpeg\",\"orientation\":\"landscape\"},\"large\":{\"height\":480,\"width\":640,\"url\":\"https:\/\/www.svsuelfeld.de\/wp-content\/uploads\/2022\/04\/404A3739-BE79-47D8-9503-DE5E30E848D5-1024x768.jpeg\",\"orientation\":\"landscape\"},\"full\":{\"url\":\"https:\/\/www.svsuelfeld.de\/wp-content\/uploads\/2022\/04\/404A3739-BE79-47D8-9503-DE5E30E848D5.jpeg\",\"height\":1536,\"width\":2048,\"orientation\":\"landscape\"}},\"meta\":false,\"postlink\":\"https:\/\/www.svsuelfeld.de\/2022\/04\/24\/6-tag-teneriffa-teide-koenigsetappe\/404a3739-be79-47d8-9503-de5e30e848d5\/\"}],\"itemsMetaDataCollection\":[],\"galleryData\":\"{\\u0022collectionThumbRecomendedWidth\\u0022:200,\\u0022thumbSpacing\\u0022:5,\\u0022thumbMobileSpacing\\u0022:5,\\u0022externalLink\\u0022:true,\\u0022externalLinkDefName\\u0022:\\u0022Read More\\u0022,\\u0022externalLinkTextColor\\u0022:\\u0022rgba(0,0,0,1)\\u0022,\\u0022externalLinkBgColor\\u0022:\\u0022rgba(255,255,255,1)\\u0022,\\u0022externalLinkFontSize\\u0022:18,\\u0022captions\\u0022:true,\\u0022captionSrc\\u0022:\\u0022caption\\u0022,\\u0022captionHAlign\\u0022:\\u0022top\\u0022,\\u0022collectionthumbHoverTitleFontSize\\u0022:18,\\u0022collectionthumbRoundedCorners\\u0022:0,\\u0022collectionthumbHoverTitleTextColor\\u0022:\\u0022rgba(255,255,255,1)\\u0022,\\u0022collectionthumbHoverTitleTextBgColor\\u0022:\\u0022rgba(0,0,0,0.8)\\u0022,\\u0022collectionthumbHoverBgColor\\u0022:\\u0022rgba(0,0,0,0.4)\\u0022,\\u0022collectionThumbSubMenuDownload\\u0022:true,\\u0022collectionThumbSubMenuShare\\u0022:true,\\u0022collectionThumbSubMenuBgColor\\u0022:\\u0022rgba(0,0,0,0.4)\\u0022,\\u0022collectionThumbSubMenuBgColorHover\\u0022:\\u0022rgba(255,255,255,1)\\u0022,\\u0022collectionThumbSubMenuIconColor\\u0022:\\u0022rgba(255,255,255,1)\\u0022,\\u0022collectionThumbSubMenuIconColorHover\\u0022:\\u0022rgba(0,0,0,1)\\u0022,\\u0022collectionthumbColorsFilter\\u0022:\\u0022none\\u0022,\\u0022sliderItemBgColor\\u0022:\\u0022rgba(0,0,0,0)\\u0022,\\u0022sliderItemBorderColor\\u0022:\\u0022rgba(255,255,255,1)\\u0022,\\u0022sliderItemBorderWidth\\u0022:0,\\u0022sliderItemFill\\u0022:\\u0022true\\u0022,\\u0022sliderMaxHeight\\u0022:400,\\u0022sliderAdminWidth\\u0022:840,\\u0022responsiveHeight\\u0022:false,\\u0022collectionColumns\\u0022:3,\\u0022sliderAnimation\\u0022:\\u0022animation\\u0022,\\u0022sliderNextPrevNavigation\\u0022:true,\\u0022sliderNextPrevBgColor\\u0022:\\u0022rgba(255,255,255,1)\\u0022,\\u0022sliderNextPrevBgColorHover\\u0022:\\u0022rgba(0,0,0,1)\\u0022,\\u0022sliderNextPrevIconColor\\u0022:\\u0022rgba(0,0,0,1)\\u0022,\\u0022sliderNextPrevIconColorHover\\u0022:\\u0022rgba(255,255,255,1)\\u0022,\\u0022sliderThumbsNavi\\u0022:true,\\u0022sliderThumbsNaviColor\\u0022:\\u0022rgba(255,255,255,1)\\u0022,\\u0022sliderDotNavi\\u0022:false,\\u0022sliderDotNaviBgColor\\u0022:\\u0022rgba(0,0,0,.4)\\u0022,\\u0022sliderDotNaviBgColorHover\\u0022:\\u0022rgba(255,255,255,1)\\u0022,\\u0022autoPlay\\u0022:false,\\u0022autoPlayDelay\\u0022:4,\\u0022autoPlayMouseStoper\\u0022:true,\\u0022settingsModalIsOpen\\u0022:false,\\u0022galleryType\\u0022:\\u0022pgc_sgb_slider\\u0022,\\u0022align\\u0022:\\u0022\\u0022,\\u0022galleryId\\u0022:\\u0022c7b48172\\u0022,\\u0022tagsListCustomMode\\u0022:false,\\u0022initGalleryByFirstTag\\u0022:false,\\u0022deepLinkingForTag\\u0022:false,\\u0022galleryTagsList\\u0022:[],\\u0022useClobalSettings\\u0022:false,\\u0022orderBy\\u0022:\\u0022custom\\u0022,\\u0022deepLinking\\u0022:false,\\u0022useLightbox\\u0022:true,\\u0022thumbClickAction\\u0022:\\u0022useLightbox\\u0022,\\u0022numItemsDisplayed\\u0022:0,\\u0022lazyLoading\\u0022:true,\\u0022contentNoPadding\\u0022:false,\\u0022galleryPreloaderColor\\u0022:\\u0022rgba(230,230,230,1)\\u0022,\\u0022galleryBgColor\\u0022:\\u0022rgba(0,0,0,0)\\u0022,\\u0022galleryBorderRadius\\u0022:0,\\u0022customCSS\\u0022:\\u0022\\u0022,\\u0022tagsFilter\\u0022:false,\\u0022tagCloudAll\\u0022:\\u0022All\\u0022,\\u0022tagCloudBgColor\\u0022:\\u0022rgba(153,153,153,1)\\u0022,\\u0022tagCloudBgColorOver\\u0022:\\u0022rgba(253,253,253,1)\\u0022,\\u0022tagCloudTextColor\\u0022:\\u0022rgba(253,253,253,1)\\u0022,\\u0022tagCloudTextColorOver\\u0022:\\u0022rgba(153,153,153,1)\\u0022,\\u0022tagCloudFontSize\\u0022:16,\\u0022modaBgColor\\u0022:\\u0022rgba(0,0,0,0.8)\\u0022,\\u0022modalIconColor\\u0022:\\u0022rgba(255,255,255,1)\\u0022,\\u0022modalIconColorHover\\u0022:\\u0022rgba(255,255,255,0.8)\\u0022,\\u0022shareFacebook\\u0022:true,\\u0022shareTwitter\\u0022:true,\\u0022sharePinterest\\u0022:true,\\u0022sliderItemDownload\\u0022:true,\\u0022shareCopyLink\\u0022:true,\\u0022sharePost\\u0022:\\u0022sharelink\\u0022,\\u0022copyRProtection\\u0022:false,\\u0022copyRAlert\\u0022:\\u0022Hello, this photo is mine!\\u0022,\\u0022sliderScrollNavi\\u0022:false,\\u0022sliderFullSizeViewMode\\u0022:false,\\u0022sliderNextPrevAnimation\\u0022:\\u0022animation\\u0022,\\u0022galleryScrollPositionControll\\u0022:false,\\u0022sliderVideoAutoPlay\\u0022:false,\\u0022sliderVideoLoop\\u0022:false,\\u0022sliderItemCounterEnable\\u0022:true,\\u0022sliderCaptionSrc\\u0022:\\u0022caption\\u0022,\\u0022sliderItemTitleEnable\\u0022:false,\\u0022sliderItemTitleFontSize\\u0022:18,\\u0022sliderItemTitleTextColor\\u0022:\\u0022rgba(255,255,255,1)\\u0022,\\u0022itemCounterColor\\u0022:\\u0022rgba(255,255,255,1)\\u0022,\\u0022sliderThumbBarEnable\\u0022:true,\\u0022sliderThumbBarHoverColor\\u0022:\\u0022rgba(240,240,240,1)\\u0022,\\u0022sliderBgColor\\u0022:\\u0022rgba(0,0,0,0.8)\\u0022,\\u0022sliderPreloaderColor\\u0022:\\u0022rgba(240,240,240,1)\\u0022,\\u0022sliderHeaderFooterBgColor\\u0022:\\u0022rgba(0,0,0,0.4)\\u0022,\\u0022sliderNavigationColor\\u0022:\\u0022rgba(0,0,0,1)\\u0022,\\u0022sliderNavigationColorOver\\u0022:\\u0022rgba(255,255,255,1)\\u0022,\\u0022sliderNavigationIconColor\\u0022:\\u0022rgba(255,255,255,1)\\u0022,\\u0022sliderNavigationIconColorOver\\u0022:\\u0022rgba(0,0,0,1)\\u0022,\\u0022sliderSlideshow\\u0022:true,\\u0022sliderSlideshowDelay\\u0022:8,\\u0022slideshowIndicatorColor\\u0022:\\u0022rgba(255,255,255,1)\\u0022,\\u0022slideshowIndicatorColorBg\\u0022:\\u0022rgba(255,255,255,0.5)\\u0022,\\u0022sliderThumbSubMenuBackgroundColor\\u0022:\\u0022rgba(255,255,255,0)\\u0022,\\u0022sliderThumbSubMenuBackgroundColorOver\\u0022:\\u0022rgba(255,255,255,1)\\u0022,\\u0022sliderThumbSubMenuIconColor\\u0022:\\u0022rgba(255,255,255,1)\\u0022,\\u0022sliderThumbSubMenuIconHoverColor\\u0022:\\u0022rgba(0,0,0,1)\\u0022,\\u0022sliderSocialShareEnabled\\u0022:true,\\u0022sliderZoomEnable\\u0022:true,\\u0022sliderFullscreenEnabled\\u0022:true,\\u0022wpum_restrict_type\\u0022:\\u0022wpum_restrict_type_state\\u0022,\\u0022wpum_restrict_state\\u0022:\\u0022\\u0022,\\u0022wpum_restrict_show_message\\u0022:true,\\u0022skin\\u0022:\\u0022slider\\u0022}\",\"wpum_restrict_type\":\"wpum_restrict_type_state\",\"wpum_hide_state_in\":false,\"wpum_hide_state_out\":false}<\/script><script>(function(){if(window.PGC_SGB && window.PGC_SGB.searcher){window.PGC_SGB.searcher.initBlocks()}})()<\/script><\/div>\n\n\n<h2 class=\"wp-block-heading\">6. Tag von Carsten W.<\/h2>\n\n\n\n<figure class=\"wp-block-image size-large is-resized\"><img loading=\"lazy\" decoding=\"async\" src=\"https:\/\/www.svsuelfeld.de\/wp-content\/uploads\/2022\/04\/0BECD335-42B6-4702-9142-40F34FEEDE7D-768x1024.jpeg\" alt=\"\" class=\"wp-image-1294\" width=\"542\" height=\"723\" srcset=\"https:\/\/www.svsuelfeld.de\/wp-content\/uploads\/2022\/04\/0BECD335-42B6-4702-9142-40F34FEEDE7D-768x1024.jpeg 768w, https:\/\/www.svsuelfeld.de\/wp-content\/uploads\/2022\/04\/0BECD335-42B6-4702-9142-40F34FEEDE7D-225x300.jpeg 225w, https:\/\/www.svsuelfeld.de\/wp-content\/uploads\/2022\/04\/0BECD335-42B6-4702-9142-40F34FEEDE7D-300x400.jpeg 300w, https:\/\/www.svsuelfeld.de\/wp-content\/uploads\/2022\/04\/0BECD335-42B6-4702-9142-40F34FEEDE7D-1152x1536.jpeg 1152w, https:\/\/www.svsuelfeld.de\/wp-content\/uploads\/2022\/04\/0BECD335-42B6-4702-9142-40F34FEEDE7D.jpeg 1200w\" sizes=\"auto, (max-width: 542px) 100vw, 542px\" \/><figcaption><strong>Auch von mir ein Er-fahr-ungsbericht zur Teide Tour.<\/strong><\/figcaption><\/figure>\n\n\n\n<p class=\"wp-block-paragraph\">Wie schafft man es in \u00fcber 9h Fahrzeit auf dem Rad gerade mal 144km zu fahren? <br>Man ersetzt die L\u00e4nge durch die zu \u00fcberwindende H\u00f6he, in unserem Fall waren es bei mir schlussendlich 3.569hm. Den Teide als Ziel mussten wir zun\u00e4chst \u00fcber El Tanque nach Santiago der Teide fahren was uns die ersten 1.100 hm auf 17km bescherte. Danach Abfahrt und leicht h\u00fcgelig bis Chio, dort gab es dann den Verpflegungsstop inkl. Flaschenauff\u00fcllung. Dies sollte sich als sehr wichtig erweisen da die Auffahrt zum Teide auf nun Max. 2.400hm ca. 27km in Anspruch nahm. <br>Der n\u00e4chste Stop mit beeindruckendem Panorama war dann das Hochplateau des Teide.<br>Hier wurde nochmal nachgetankt bevor es \u00fcber einen weiteren kleinen Anstieg auf die 24km Abfahrt ins Orotava Tal ging. Hier hie\u00df es dann: auch Helden tragen Strumpfhosen, damit der kalte Wind nicht den Trainingserfolg gef\u00e4hrdet. Nachdem wir mit gef\u00fchlt gl\u00fchenden Bremsen das Orotova Tal erreicht haben um ein Eis zu genie\u00dfen hie\u00df es dann auf auf, die letzen 450hm bis zur Basis m\u00fcssen noch erledigt werden. An diesem sind wir dann alle ohne Defekte und ziemlich ausgepowert angekommen. <br>Nun freue ich mich auf den morgigen Regenerationstag \ud83d\ude00<br>Gru\u00df Carsten W.<\/p>\n\n\n\n<figure class=\"wp-block-image size-large is-resized is-style-default\"><img loading=\"lazy\" decoding=\"async\" src=\"https:\/\/www.svsuelfeld.de\/wp-content\/uploads\/2022\/04\/C637C82A-BAFF-4B90-BBB1-0593FED7E432_1_201_a-605x1024.jpeg\" alt=\"\" class=\"wp-image-1296\" width=\"436\" height=\"739\" srcset=\"https:\/\/www.svsuelfeld.de\/wp-content\/uploads\/2022\/04\/C637C82A-BAFF-4B90-BBB1-0593FED7E432_1_201_a-605x1024.jpeg 605w, https:\/\/www.svsuelfeld.de\/wp-content\/uploads\/2022\/04\/C637C82A-BAFF-4B90-BBB1-0593FED7E432_1_201_a-177x300.jpeg 177w, https:\/\/www.svsuelfeld.de\/wp-content\/uploads\/2022\/04\/C637C82A-BAFF-4B90-BBB1-0593FED7E432_1_201_a.jpeg 738w\" sizes=\"auto, (max-width: 436px) 100vw, 436px\" \/><\/figure>\n","protected":false},"excerpt":{"rendered":"<p>Man muss das Wetter nutzen, wenn es gut ist. Und heute war es super! Sonnig, Wind meist von hinten (!) und die Steigungen lang, aber nicht unm\u00f6glich steil, also machbar.Trotzdem, vor den H\u00f6henmeter habe ich Respekt, deshalb habe ich heute sehr auf&#8217;s Pacing geachtet(iaW: gef\u00fchlt langsam gefahren).Am Ende gut angekommen, also alles OK!Viele Gr\u00fc\u00dfeMatthias G. [&hellip;]<\/p>\n","protected":false},"author":11,"featured_media":1263,"comment_status":"open","ping_status":"open","sticky":false,"template":"","format":"standard","meta":{"_crdt_document":"","pgc_sgb_lightbox_settings":"","footnotes":""},"categories":[58],"tags":[],"class_list":["post-1262","post","type-post","status-publish","format-standard","has-post-thumbnail","hentry","category-atlante-team"],"yoast_head":"<!-- This site is optimized with the Yoast SEO plugin v27.5 - https:\/\/yoast.com\/product\/yoast-seo-wordpress\/ -->\n<title>6. Tag \/ Teneriffa Teide K\u00f6nigsetappe - SV S\u00fclfeld<\/title>\n<meta name=\"robots\" content=\"index, follow, max-snippet:-1, max-image-preview:large, max-video-preview:-1\" \/>\n<link rel=\"canonical\" href=\"https:\/\/www.svsuelfeld.de\/?p=1262\" \/>\n<meta property=\"og:locale\" content=\"de_DE\" \/>\n<meta property=\"og:type\" content=\"article\" \/>\n<meta property=\"og:title\" content=\"6. Tag \/ Teneriffa Teide K\u00f6nigsetappe - SV S\u00fclfeld\" \/>\n<meta property=\"og:description\" content=\"Man muss das Wetter nutzen, wenn es gut ist. Und heute war es super! Sonnig, Wind meist von hinten (!) und die Steigungen lang, aber nicht unm\u00f6glich steil, also machbar.Trotzdem, vor den H\u00f6henmeter habe ich Respekt, deshalb habe ich heute sehr auf&#8217;s Pacing geachtet(iaW: gef\u00fchlt langsam gefahren).Am Ende gut angekommen, also alles OK!Viele Gr\u00fc\u00dfeMatthias G. [&hellip;]\" \/>\n<meta property=\"og:url\" content=\"https:\/\/www.svsuelfeld.de\/?p=1262\" \/>\n<meta property=\"og:site_name\" content=\"SV S\u00fclfeld\" \/>\n<meta property=\"article:publisher\" content=\"https:\/\/de-de.facebook.com\/svsuelfeld\/\" \/>\n<meta property=\"article:published_time\" content=\"2022-04-24T20:48:57+00:00\" \/>\n<meta property=\"article:modified_time\" content=\"2022-09-26T15:09:01+00:00\" \/>\n<meta property=\"og:image\" content=\"https:\/\/www.svsuelfeld.de\/wp-content\/uploads\/2022\/04\/8E20C5AC-06EE-42CA-B4CF-510AEA030168.jpeg\" \/>\n\t<meta property=\"og:image:width\" content=\"2270\" \/>\n\t<meta property=\"og:image:height\" content=\"1878\" \/>\n\t<meta property=\"og:image:type\" content=\"image\/jpeg\" \/>\n<meta name=\"author\" content=\"radsport\" \/>\n<meta name=\"twitter:card\" content=\"summary_large_image\" \/>\n<meta name=\"twitter:label1\" content=\"Verfasst von\" \/>\n\t<meta name=\"twitter:data1\" content=\"radsport\" \/>\n\t<meta name=\"twitter:label2\" content=\"Gesch\u00e4tzte Lesezeit\" \/>\n\t<meta name=\"twitter:data2\" content=\"6\u00a0Minuten\" \/>\n<script type=\"application\/ld+json\" class=\"yoast-schema-graph\">{\"@context\":\"https:\\\/\\\/schema.org\",\"@graph\":[{\"@type\":\"Article\",\"@id\":\"https:\\\/\\\/www.svsuelfeld.de\\\/?p=1262#article\",\"isPartOf\":{\"@id\":\"https:\\\/\\\/www.svsuelfeld.de\\\/?p=1262\"},\"author\":{\"name\":\"radsport\",\"@id\":\"https:\\\/\\\/www.svsuelfeld.de\\\/#\\\/schema\\\/person\\\/415a1ff3ea8d7a36cfbaf9bc66c7c689\"},\"headline\":\"6. Tag \\\/ Teneriffa Teide K\u00f6nigsetappe\",\"datePublished\":\"2022-04-24T20:48:57+00:00\",\"dateModified\":\"2022-09-26T15:09:01+00:00\",\"mainEntityOfPage\":{\"@id\":\"https:\\\/\\\/www.svsuelfeld.de\\\/?p=1262\"},\"wordCount\":466,\"commentCount\":0,\"publisher\":{\"@id\":\"https:\\\/\\\/www.svsuelfeld.de\\\/#organization\"},\"image\":{\"@id\":\"https:\\\/\\\/www.svsuelfeld.de\\\/?p=1262#primaryimage\"},\"thumbnailUrl\":\"https:\\\/\\\/www.svsuelfeld.de\\\/wp-content\\\/uploads\\\/2022\\\/04\\\/8E20C5AC-06EE-42CA-B4CF-510AEA030168.jpeg\",\"articleSection\":[\"Atlante-Team\"],\"inLanguage\":\"de\",\"potentialAction\":[{\"@type\":\"CommentAction\",\"name\":\"Comment\",\"target\":[\"https:\\\/\\\/www.svsuelfeld.de\\\/?p=1262#respond\"]}]},{\"@type\":\"WebPage\",\"@id\":\"https:\\\/\\\/www.svsuelfeld.de\\\/?p=1262\",\"url\":\"https:\\\/\\\/www.svsuelfeld.de\\\/?p=1262\",\"name\":\"6. Tag \\\/ Teneriffa Teide K\u00f6nigsetappe - SV S\u00fclfeld\",\"isPartOf\":{\"@id\":\"https:\\\/\\\/www.svsuelfeld.de\\\/#website\"},\"primaryImageOfPage\":{\"@id\":\"https:\\\/\\\/www.svsuelfeld.de\\\/?p=1262#primaryimage\"},\"image\":{\"@id\":\"https:\\\/\\\/www.svsuelfeld.de\\\/?p=1262#primaryimage\"},\"thumbnailUrl\":\"https:\\\/\\\/www.svsuelfeld.de\\\/wp-content\\\/uploads\\\/2022\\\/04\\\/8E20C5AC-06EE-42CA-B4CF-510AEA030168.jpeg\",\"datePublished\":\"2022-04-24T20:48:57+00:00\",\"dateModified\":\"2022-09-26T15:09:01+00:00\",\"breadcrumb\":{\"@id\":\"https:\\\/\\\/www.svsuelfeld.de\\\/?p=1262#breadcrumb\"},\"inLanguage\":\"de\",\"potentialAction\":[{\"@type\":\"ReadAction\",\"target\":[\"https:\\\/\\\/www.svsuelfeld.de\\\/?p=1262\"]}]},{\"@type\":\"ImageObject\",\"inLanguage\":\"de\",\"@id\":\"https:\\\/\\\/www.svsuelfeld.de\\\/?p=1262#primaryimage\",\"url\":\"https:\\\/\\\/www.svsuelfeld.de\\\/wp-content\\\/uploads\\\/2022\\\/04\\\/8E20C5AC-06EE-42CA-B4CF-510AEA030168.jpeg\",\"contentUrl\":\"https:\\\/\\\/www.svsuelfeld.de\\\/wp-content\\\/uploads\\\/2022\\\/04\\\/8E20C5AC-06EE-42CA-B4CF-510AEA030168.jpeg\",\"width\":2270,\"height\":1878},{\"@type\":\"BreadcrumbList\",\"@id\":\"https:\\\/\\\/www.svsuelfeld.de\\\/?p=1262#breadcrumb\",\"itemListElement\":[{\"@type\":\"ListItem\",\"position\":1,\"name\":\"Startseite\",\"item\":\"https:\\\/\\\/www.svsuelfeld.de\\\/\"},{\"@type\":\"ListItem\",\"position\":2,\"name\":\"6. Tag \\\/ Teneriffa Teide K\u00f6nigsetappe\"}]},{\"@type\":\"WebSite\",\"@id\":\"https:\\\/\\\/www.svsuelfeld.de\\\/#website\",\"url\":\"https:\\\/\\\/www.svsuelfeld.de\\\/\",\"name\":\"SV S\u00fclfeld\",\"description\":\"...mehr S\u00fclfeld geht nicht\",\"publisher\":{\"@id\":\"https:\\\/\\\/www.svsuelfeld.de\\\/#organization\"},\"potentialAction\":[{\"@type\":\"SearchAction\",\"target\":{\"@type\":\"EntryPoint\",\"urlTemplate\":\"https:\\\/\\\/www.svsuelfeld.de\\\/?s={search_term_string}\"},\"query-input\":{\"@type\":\"PropertyValueSpecification\",\"valueRequired\":true,\"valueName\":\"search_term_string\"}}],\"inLanguage\":\"de\"},{\"@type\":\"Organization\",\"@id\":\"https:\\\/\\\/www.svsuelfeld.de\\\/#organization\",\"name\":\"SV S\u00fclfeld\",\"url\":\"https:\\\/\\\/www.svsuelfeld.de\\\/\",\"logo\":{\"@type\":\"ImageObject\",\"inLanguage\":\"de\",\"@id\":\"https:\\\/\\\/www.svsuelfeld.de\\\/#\\\/schema\\\/logo\\\/image\\\/\",\"url\":\"https:\\\/\\\/www.svsuelfeld.de\\\/wp-content\\\/uploads\\\/2022\\\/06\\\/cropped-svs-logo.png\",\"contentUrl\":\"https:\\\/\\\/www.svsuelfeld.de\\\/wp-content\\\/uploads\\\/2022\\\/06\\\/cropped-svs-logo.png\",\"width\":210,\"height\":210,\"caption\":\"SV S\u00fclfeld\"},\"image\":{\"@id\":\"https:\\\/\\\/www.svsuelfeld.de\\\/#\\\/schema\\\/logo\\\/image\\\/\"},\"sameAs\":[\"https:\\\/\\\/de-de.facebook.com\\\/svsuelfeld\\\/\"]},{\"@type\":\"Person\",\"@id\":\"https:\\\/\\\/www.svsuelfeld.de\\\/#\\\/schema\\\/person\\\/415a1ff3ea8d7a36cfbaf9bc66c7c689\",\"name\":\"radsport\",\"image\":{\"@type\":\"ImageObject\",\"inLanguage\":\"de\",\"@id\":\"https:\\\/\\\/secure.gravatar.com\\\/avatar\\\/3eaa8b5c6f6f5e0be342b93ecba3bf6462e79862855ffc307d9fdc6b7cc73849?s=96&d=mm&r=g\",\"url\":\"https:\\\/\\\/secure.gravatar.com\\\/avatar\\\/3eaa8b5c6f6f5e0be342b93ecba3bf6462e79862855ffc307d9fdc6b7cc73849?s=96&d=mm&r=g\",\"contentUrl\":\"https:\\\/\\\/secure.gravatar.com\\\/avatar\\\/3eaa8b5c6f6f5e0be342b93ecba3bf6462e79862855ffc307d9fdc6b7cc73849?s=96&d=mm&r=g\",\"caption\":\"radsport\"},\"url\":\"https:\\\/\\\/www.svsuelfeld.de\\\/?author=11\"}]}<\/script>\n<!-- \/ Yoast SEO plugin. -->","yoast_head_json":{"title":"6. Tag \/ Teneriffa Teide K\u00f6nigsetappe - SV S\u00fclfeld","robots":{"index":"index","follow":"follow","max-snippet":"max-snippet:-1","max-image-preview":"max-image-preview:large","max-video-preview":"max-video-preview:-1"},"canonical":"https:\/\/www.svsuelfeld.de\/?p=1262","og_locale":"de_DE","og_type":"article","og_title":"6. Tag \/ Teneriffa Teide K\u00f6nigsetappe - SV S\u00fclfeld","og_description":"Man muss das Wetter nutzen, wenn es gut ist. Und heute war es super! Sonnig, Wind meist von hinten (!) und die Steigungen lang, aber nicht unm\u00f6glich steil, also machbar.Trotzdem, vor den H\u00f6henmeter habe ich Respekt, deshalb habe ich heute sehr auf&#8217;s Pacing geachtet(iaW: gef\u00fchlt langsam gefahren).Am Ende gut angekommen, also alles OK!Viele Gr\u00fc\u00dfeMatthias G. [&hellip;]","og_url":"https:\/\/www.svsuelfeld.de\/?p=1262","og_site_name":"SV S\u00fclfeld","article_publisher":"https:\/\/de-de.facebook.com\/svsuelfeld\/","article_published_time":"2022-04-24T20:48:57+00:00","article_modified_time":"2022-09-26T15:09:01+00:00","og_image":[{"width":2270,"height":1878,"url":"https:\/\/www.svsuelfeld.de\/wp-content\/uploads\/2022\/04\/8E20C5AC-06EE-42CA-B4CF-510AEA030168.jpeg","type":"image\/jpeg"}],"author":"radsport","twitter_card":"summary_large_image","twitter_misc":{"Verfasst von":"radsport","Gesch\u00e4tzte Lesezeit":"6\u00a0Minuten"},"schema":{"@context":"https:\/\/schema.org","@graph":[{"@type":"Article","@id":"https:\/\/www.svsuelfeld.de\/?p=1262#article","isPartOf":{"@id":"https:\/\/www.svsuelfeld.de\/?p=1262"},"author":{"name":"radsport","@id":"https:\/\/www.svsuelfeld.de\/#\/schema\/person\/415a1ff3ea8d7a36cfbaf9bc66c7c689"},"headline":"6. Tag \/ Teneriffa Teide K\u00f6nigsetappe","datePublished":"2022-04-24T20:48:57+00:00","dateModified":"2022-09-26T15:09:01+00:00","mainEntityOfPage":{"@id":"https:\/\/www.svsuelfeld.de\/?p=1262"},"wordCount":466,"commentCount":0,"publisher":{"@id":"https:\/\/www.svsuelfeld.de\/#organization"},"image":{"@id":"https:\/\/www.svsuelfeld.de\/?p=1262#primaryimage"},"thumbnailUrl":"https:\/\/www.svsuelfeld.de\/wp-content\/uploads\/2022\/04\/8E20C5AC-06EE-42CA-B4CF-510AEA030168.jpeg","articleSection":["Atlante-Team"],"inLanguage":"de","potentialAction":[{"@type":"CommentAction","name":"Comment","target":["https:\/\/www.svsuelfeld.de\/?p=1262#respond"]}]},{"@type":"WebPage","@id":"https:\/\/www.svsuelfeld.de\/?p=1262","url":"https:\/\/www.svsuelfeld.de\/?p=1262","name":"6. Tag \/ Teneriffa Teide K\u00f6nigsetappe - SV S\u00fclfeld","isPartOf":{"@id":"https:\/\/www.svsuelfeld.de\/#website"},"primaryImageOfPage":{"@id":"https:\/\/www.svsuelfeld.de\/?p=1262#primaryimage"},"image":{"@id":"https:\/\/www.svsuelfeld.de\/?p=1262#primaryimage"},"thumbnailUrl":"https:\/\/www.svsuelfeld.de\/wp-content\/uploads\/2022\/04\/8E20C5AC-06EE-42CA-B4CF-510AEA030168.jpeg","datePublished":"2022-04-24T20:48:57+00:00","dateModified":"2022-09-26T15:09:01+00:00","breadcrumb":{"@id":"https:\/\/www.svsuelfeld.de\/?p=1262#breadcrumb"},"inLanguage":"de","potentialAction":[{"@type":"ReadAction","target":["https:\/\/www.svsuelfeld.de\/?p=1262"]}]},{"@type":"ImageObject","inLanguage":"de","@id":"https:\/\/www.svsuelfeld.de\/?p=1262#primaryimage","url":"https:\/\/www.svsuelfeld.de\/wp-content\/uploads\/2022\/04\/8E20C5AC-06EE-42CA-B4CF-510AEA030168.jpeg","contentUrl":"https:\/\/www.svsuelfeld.de\/wp-content\/uploads\/2022\/04\/8E20C5AC-06EE-42CA-B4CF-510AEA030168.jpeg","width":2270,"height":1878},{"@type":"BreadcrumbList","@id":"https:\/\/www.svsuelfeld.de\/?p=1262#breadcrumb","itemListElement":[{"@type":"ListItem","position":1,"name":"Startseite","item":"https:\/\/www.svsuelfeld.de\/"},{"@type":"ListItem","position":2,"name":"6. Tag \/ Teneriffa Teide K\u00f6nigsetappe"}]},{"@type":"WebSite","@id":"https:\/\/www.svsuelfeld.de\/#website","url":"https:\/\/www.svsuelfeld.de\/","name":"SV S\u00fclfeld","description":"...mehr S\u00fclfeld geht nicht","publisher":{"@id":"https:\/\/www.svsuelfeld.de\/#organization"},"potentialAction":[{"@type":"SearchAction","target":{"@type":"EntryPoint","urlTemplate":"https:\/\/www.svsuelfeld.de\/?s={search_term_string}"},"query-input":{"@type":"PropertyValueSpecification","valueRequired":true,"valueName":"search_term_string"}}],"inLanguage":"de"},{"@type":"Organization","@id":"https:\/\/www.svsuelfeld.de\/#organization","name":"SV S\u00fclfeld","url":"https:\/\/www.svsuelfeld.de\/","logo":{"@type":"ImageObject","inLanguage":"de","@id":"https:\/\/www.svsuelfeld.de\/#\/schema\/logo\/image\/","url":"https:\/\/www.svsuelfeld.de\/wp-content\/uploads\/2022\/06\/cropped-svs-logo.png","contentUrl":"https:\/\/www.svsuelfeld.de\/wp-content\/uploads\/2022\/06\/cropped-svs-logo.png","width":210,"height":210,"caption":"SV S\u00fclfeld"},"image":{"@id":"https:\/\/www.svsuelfeld.de\/#\/schema\/logo\/image\/"},"sameAs":["https:\/\/de-de.facebook.com\/svsuelfeld\/"]},{"@type":"Person","@id":"https:\/\/www.svsuelfeld.de\/#\/schema\/person\/415a1ff3ea8d7a36cfbaf9bc66c7c689","name":"radsport","image":{"@type":"ImageObject","inLanguage":"de","@id":"https:\/\/secure.gravatar.com\/avatar\/3eaa8b5c6f6f5e0be342b93ecba3bf6462e79862855ffc307d9fdc6b7cc73849?s=96&d=mm&r=g","url":"https:\/\/secure.gravatar.com\/avatar\/3eaa8b5c6f6f5e0be342b93ecba3bf6462e79862855ffc307d9fdc6b7cc73849?s=96&d=mm&r=g","contentUrl":"https:\/\/secure.gravatar.com\/avatar\/3eaa8b5c6f6f5e0be342b93ecba3bf6462e79862855ffc307d9fdc6b7cc73849?s=96&d=mm&r=g","caption":"radsport"},"url":"https:\/\/www.svsuelfeld.de\/?author=11"}]}},"publishpress_future_action":{"enabled":false,"date":"2026-05-06 17:28:10","action":"change-status","newStatus":"draft","terms":[],"taxonomy":"category","extraData":[]},"publishpress_future_workflow_manual_trigger":{"enabledWorkflows":[]},"_links":{"self":[{"href":"https:\/\/www.svsuelfeld.de\/index.php?rest_route=\/wp\/v2\/posts\/1262","targetHints":{"allow":["GET"]}}],"collection":[{"href":"https:\/\/www.svsuelfeld.de\/index.php?rest_route=\/wp\/v2\/posts"}],"about":[{"href":"https:\/\/www.svsuelfeld.de\/index.php?rest_route=\/wp\/v2\/types\/post"}],"author":[{"embeddable":true,"href":"https:\/\/www.svsuelfeld.de\/index.php?rest_route=\/wp\/v2\/users\/11"}],"replies":[{"embeddable":true,"href":"https:\/\/www.svsuelfeld.de\/index.php?rest_route=%2Fwp%2Fv2%2Fcomments&post=1262"}],"version-history":[{"count":9,"href":"https:\/\/www.svsuelfeld.de\/index.php?rest_route=\/wp\/v2\/posts\/1262\/revisions"}],"predecessor-version":[{"id":1462,"href":"https:\/\/www.svsuelfeld.de\/index.php?rest_route=\/wp\/v2\/posts\/1262\/revisions\/1462"}],"wp:featuredmedia":[{"embeddable":true,"href":"https:\/\/www.svsuelfeld.de\/index.php?rest_route=\/wp\/v2\/media\/1263"}],"wp:attachment":[{"href":"https:\/\/www.svsuelfeld.de\/index.php?rest_route=%2Fwp%2Fv2%2Fmedia&parent=1262"}],"wp:term":[{"taxonomy":"category","embeddable":true,"href":"https:\/\/www.svsuelfeld.de\/index.php?rest_route=%2Fwp%2Fv2%2Fcategories&post=1262"},{"taxonomy":"post_tag","embeddable":true,"href":"https:\/\/www.svsuelfeld.de\/index.php?rest_route=%2Fwp%2Fv2%2Ftags&post=1262"}],"curies":[{"name":"wp","href":"https:\/\/api.w.org\/{rel}","templated":true}]}}