{"id":1313,"date":"2022-04-25T23:01:00","date_gmt":"2022-04-25T21:01:00","guid":{"rendered":"https:\/\/www.svsuelfeld.de\/?p=1313"},"modified":"2022-09-26T17:09:01","modified_gmt":"2022-09-26T15:09:01","slug":"7-tag-2-siesta-regeneration","status":"publish","type":"post","link":"https:\/\/www.svsuelfeld.de\/?p=1313","title":{"rendered":"7. Tag \/ 2. Siesta: Regeneration"},"content":{"rendered":"\n<p class=\"wp-block-paragraph\">Ausschlafen, ausgiebiges Fr\u00fchst\u00fcck mit frisch gepre\u00dftem Orangensaft alla Carsten, Omlett alla Matthias, Serrano, K\u00e4se\u2026 und Kaffee alla Lothar : \u201eEndulzamos tu Vida\u201c (Wir vers\u00fc\u00dfen ihr Leben).<br>So der Leitspruch des Cafes in La Laguna, die alte Hauptstadt der Insel, die wir heute besuchten.<br>Dort Einkauf, auch der Parf\u00fcms f\u00fcr unsere Ladies, da hier nur halb so teuer. Wir fuhren dann, bereits auf unserer Route nach El Guincho, nach El Rincon und speisten im Ristorante San Diego.<br>Das hat uns allen gut gefallen. Leider konnten wir am Bollulo-Strand nicht mehr baden, da wegen Steinschlaggefahr der Fu\u00dfweg beh\u00f6rdlich gesperrt war.<br>Gru\u00df von der Insel<br>J\u00f6rg B.<\/p>\n\n\n<div class=\"pgc-sgb-cb wp-block-pgcsimplygalleryblock-slider \" data-gallery-id=\"58038560\"style=&quot;min-height:400px&quot;><div class=\"sgb-preloader\" id=\"pr_58038560\">\n\t<div class=\"sgb-square\" style=\"background:#d4d4d4\"><\/div>\n\t<div class=\"sgb-square\" style=\"background:#d4d4d4\"><\/div>\n\t<div class=\"sgb-square\" style=\"background:#d4d4d4\"><\/div>\n\t<div class=\"sgb-square\" style=\"background:#d4d4d4\"><\/div><\/div><div class=\"simply-gallery-amp pgc_sgb_slider \"><noscript><div class=\"sgb-gallery\"><div class=\"sgb-item\"><a href=\"https:\/\/www.svsuelfeld.de\/2022\/04\/26\/7-tag-2-siesta-regeneration\/1cdd3b68-c75a-48b1-94d9-66b3edd769c9_1_201_a\/\" target=\"_blank\"><img decoding=\"async\" alt=\"\" width=\"300\" height=\"278\" loading=\"lazy\" src=\"https:\/\/www.svsuelfeld.de\/wp-content\/uploads\/2022\/04\/1CDD3B68-C75A-48B1-94D9-66B3EDD769C9_1_201_a-300x278.jpeg\" srcset=\"https:\/\/www.svsuelfeld.de\/wp-content\/uploads\/2022\/04\/1CDD3B68-C75A-48B1-94D9-66B3EDD769C9_1_201_a-300x278.jpeg 300w,https:\/\/www.svsuelfeld.de\/wp-content\/uploads\/2022\/04\/1CDD3B68-C75A-48B1-94D9-66B3EDD769C9_1_201_a.jpeg 768w\" sizes=\"auto, 250px\"\/><\/a><\/div><div class=\"sgb-item\"><a href=\"https:\/\/www.svsuelfeld.de\/2022\/04\/26\/7-tag-2-siesta-regeneration\/e4cc4209-f409-4970-ad3f-3df5a730d56a_1_201_a-2\/\" target=\"_blank\"><img decoding=\"async\" alt=\"\" width=\"300\" height=\"225\" loading=\"lazy\" src=\"https:\/\/www.svsuelfeld.de\/wp-content\/uploads\/2022\/04\/E4CC4209-F409-4970-AD3F-3DF5A730D56A_1_201_a-1-300x225.jpeg\" srcset=\"https:\/\/www.svsuelfeld.de\/wp-content\/uploads\/2022\/04\/E4CC4209-F409-4970-AD3F-3DF5A730D56A_1_201_a-1-300x225.jpeg 300w,https:\/\/www.svsuelfeld.de\/wp-content\/uploads\/2022\/04\/E4CC4209-F409-4970-AD3F-3DF5A730D56A_1_201_a-1.jpeg 1024w\" sizes=\"auto, 250px\"\/><\/a><\/div><\/div><\/noscript><\/div><script type=\"application\/json\" class=\"sgb-data\">{\"sliderAdminWidth\":840,\"galleryType\":\"pgc_sgb_slider\",\"galleryId\":\"58038560\",\"images\":[{\"id\":1350,\"title\":\"1CDD3B68-C75A-48B1-94D9-66B3EDD769C9_1_201_a\",\"url\":\"https:\/\/www.svsuelfeld.de\/wp-content\/uploads\/2022\/04\/1CDD3B68-C75A-48B1-94D9-66B3EDD769C9_1_201_a.jpeg\",\"link\":\"https:\/\/www.svsuelfeld.de\/2022\/04\/26\/7-tag-2-siesta-regeneration\/1cdd3b68-c75a-48b1-94d9-66b3edd769c9_1_201_a\/\",\"alt\":\"\",\"description\":\"\",\"caption\":\"\",\"mime\":\"image\/jpeg\",\"type\":\"image\",\"width\":768,\"height\":712,\"sizes\":{\"thumbnail\":{\"height\":150,\"width\":150,\"url\":\"https:\/\/www.svsuelfeld.de\/wp-content\/uploads\/2022\/04\/1CDD3B68-C75A-48B1-94D9-66B3EDD769C9_1_201_a-150x150.jpeg\",\"orientation\":\"landscape\"},\"medium\":{\"height\":278,\"width\":300,\"url\":\"https:\/\/www.svsuelfeld.de\/wp-content\/uploads\/2022\/04\/1CDD3B68-C75A-48B1-94D9-66B3EDD769C9_1_201_a-300x278.jpeg\",\"orientation\":\"landscape\"},\"full\":{\"url\":\"https:\/\/www.svsuelfeld.de\/wp-content\/uploads\/2022\/04\/1CDD3B68-C75A-48B1-94D9-66B3EDD769C9_1_201_a.jpeg\",\"height\":712,\"width\":768,\"orientation\":\"landscape\"}},\"meta\":false,\"postlink\":\"https:\/\/www.svsuelfeld.de\/2022\/04\/26\/7-tag-2-siesta-regeneration\/1cdd3b68-c75a-48b1-94d9-66b3edd769c9_1_201_a\/\"},{\"id\":1351,\"title\":\"E4CC4209-F409-4970-AD3F-3DF5A730D56A_1_201_a\",\"url\":\"https:\/\/www.svsuelfeld.de\/wp-content\/uploads\/2022\/04\/E4CC4209-F409-4970-AD3F-3DF5A730D56A_1_201_a-1.jpeg\",\"link\":\"https:\/\/www.svsuelfeld.de\/2022\/04\/26\/7-tag-2-siesta-regeneration\/e4cc4209-f409-4970-ad3f-3df5a730d56a_1_201_a-2\/\",\"alt\":\"\",\"description\":\"\",\"caption\":\"\",\"mime\":\"image\/jpeg\",\"type\":\"image\",\"width\":1024,\"height\":769,\"sizes\":{\"thumbnail\":{\"height\":150,\"width\":150,\"url\":\"https:\/\/www.svsuelfeld.de\/wp-content\/uploads\/2022\/04\/E4CC4209-F409-4970-AD3F-3DF5A730D56A_1_201_a-1-150x150.jpeg\",\"orientation\":\"landscape\"},\"medium\":{\"height\":225,\"width\":300,\"url\":\"https:\/\/www.svsuelfeld.de\/wp-content\/uploads\/2022\/04\/E4CC4209-F409-4970-AD3F-3DF5A730D56A_1_201_a-1-300x225.jpeg\",\"orientation\":\"landscape\"},\"full\":{\"url\":\"https:\/\/www.svsuelfeld.de\/wp-content\/uploads\/2022\/04\/E4CC4209-F409-4970-AD3F-3DF5A730D56A_1_201_a-1.jpeg\",\"height\":769,\"width\":1024,\"orientation\":\"landscape\"}},\"meta\":false,\"postlink\":\"https:\/\/www.svsuelfeld.de\/2022\/04\/26\/7-tag-2-siesta-regeneration\/e4cc4209-f409-4970-ad3f-3df5a730d56a_1_201_a-2\/\"}],\"itemsMetaDataCollection\":[],\"galleryData\":\"{\\u0022collectionThumbRecomendedWidth\\u0022:200,\\u0022thumbSpacing\\u0022:5,\\u0022thumbMobileSpacing\\u0022:5,\\u0022externalLink\\u0022:true,\\u0022externalLinkDefName\\u0022:\\u0022Read More\\u0022,\\u0022externalLinkTextColor\\u0022:\\u0022rgba(0,0,0,1)\\u0022,\\u0022externalLinkBgColor\\u0022:\\u0022rgba(255,255,255,1)\\u0022,\\u0022externalLinkFontSize\\u0022:18,\\u0022captions\\u0022:true,\\u0022captionSrc\\u0022:\\u0022caption\\u0022,\\u0022captionHAlign\\u0022:\\u0022top\\u0022,\\u0022collectionthumbHoverTitleFontSize\\u0022:18,\\u0022collectionthumbRoundedCorners\\u0022:0,\\u0022collectionthumbHoverTitleTextColor\\u0022:\\u0022rgba(255,255,255,1)\\u0022,\\u0022collectionthumbHoverTitleTextBgColor\\u0022:\\u0022rgba(0,0,0,0.8)\\u0022,\\u0022collectionthumbHoverBgColor\\u0022:\\u0022rgba(0,0,0,0.4)\\u0022,\\u0022collectionThumbSubMenuDownload\\u0022:true,\\u0022collectionThumbSubMenuShare\\u0022:true,\\u0022collectionThumbSubMenuBgColor\\u0022:\\u0022rgba(0,0,0,0.4)\\u0022,\\u0022collectionThumbSubMenuBgColorHover\\u0022:\\u0022rgba(255,255,255,1)\\u0022,\\u0022collectionThumbSubMenuIconColor\\u0022:\\u0022rgba(255,255,255,1)\\u0022,\\u0022collectionThumbSubMenuIconColorHover\\u0022:\\u0022rgba(0,0,0,1)\\u0022,\\u0022collectionthumbColorsFilter\\u0022:\\u0022none\\u0022,\\u0022sliderItemBgColor\\u0022:\\u0022rgba(0,0,0,0)\\u0022,\\u0022sliderItemBorderColor\\u0022:\\u0022rgba(255,255,255,1)\\u0022,\\u0022sliderItemBorderWidth\\u0022:0,\\u0022sliderItemFill\\u0022:\\u0022true\\u0022,\\u0022sliderMaxHeight\\u0022:400,\\u0022sliderAdminWidth\\u0022:840,\\u0022responsiveHeight\\u0022:false,\\u0022collectionColumns\\u0022:3,\\u0022sliderAnimation\\u0022:\\u0022animation\\u0022,\\u0022sliderNextPrevNavigation\\u0022:true,\\u0022sliderNextPrevBgColor\\u0022:\\u0022rgba(255,255,255,1)\\u0022,\\u0022sliderNextPrevBgColorHover\\u0022:\\u0022rgba(0,0,0,1)\\u0022,\\u0022sliderNextPrevIconColor\\u0022:\\u0022rgba(0,0,0,1)\\u0022,\\u0022sliderNextPrevIconColorHover\\u0022:\\u0022rgba(255,255,255,1)\\u0022,\\u0022sliderThumbsNavi\\u0022:true,\\u0022sliderThumbsNaviColor\\u0022:\\u0022rgba(255,255,255,1)\\u0022,\\u0022sliderDotNavi\\u0022:false,\\u0022sliderDotNaviBgColor\\u0022:\\u0022rgba(0,0,0,.4)\\u0022,\\u0022sliderDotNaviBgColorHover\\u0022:\\u0022rgba(255,255,255,1)\\u0022,\\u0022autoPlay\\u0022:false,\\u0022autoPlayDelay\\u0022:4,\\u0022autoPlayMouseStoper\\u0022:true,\\u0022settingsModalIsOpen\\u0022:false,\\u0022galleryType\\u0022:\\u0022pgc_sgb_slider\\u0022,\\u0022align\\u0022:\\u0022\\u0022,\\u0022galleryId\\u0022:\\u002258038560\\u0022,\\u0022tagsListCustomMode\\u0022:false,\\u0022initGalleryByFirstTag\\u0022:false,\\u0022deepLinkingForTag\\u0022:false,\\u0022galleryTagsList\\u0022:[],\\u0022useClobalSettings\\u0022:false,\\u0022orderBy\\u0022:\\u0022custom\\u0022,\\u0022deepLinking\\u0022:false,\\u0022useLightbox\\u0022:true,\\u0022thumbClickAction\\u0022:\\u0022useLightbox\\u0022,\\u0022numItemsDisplayed\\u0022:0,\\u0022lazyLoading\\u0022:true,\\u0022contentNoPadding\\u0022:false,\\u0022galleryPreloaderColor\\u0022:\\u0022rgba(230,230,230,1)\\u0022,\\u0022galleryBgColor\\u0022:\\u0022rgba(0,0,0,0)\\u0022,\\u0022galleryBorderRadius\\u0022:0,\\u0022customCSS\\u0022:\\u0022\\u0022,\\u0022tagsFilter\\u0022:false,\\u0022tagCloudAll\\u0022:\\u0022All\\u0022,\\u0022tagCloudBgColor\\u0022:\\u0022rgba(153,153,153,1)\\u0022,\\u0022tagCloudBgColorOver\\u0022:\\u0022rgba(253,253,253,1)\\u0022,\\u0022tagCloudTextColor\\u0022:\\u0022rgba(253,253,253,1)\\u0022,\\u0022tagCloudTextColorOver\\u0022:\\u0022rgba(153,153,153,1)\\u0022,\\u0022tagCloudFontSize\\u0022:16,\\u0022modaBgColor\\u0022:\\u0022rgba(0,0,0,0.8)\\u0022,\\u0022modalIconColor\\u0022:\\u0022rgba(255,255,255,1)\\u0022,\\u0022modalIconColorHover\\u0022:\\u0022rgba(255,255,255,0.8)\\u0022,\\u0022shareFacebook\\u0022:true,\\u0022shareTwitter\\u0022:true,\\u0022sharePinterest\\u0022:true,\\u0022sliderItemDownload\\u0022:true,\\u0022shareCopyLink\\u0022:true,\\u0022sharePost\\u0022:\\u0022sharelink\\u0022,\\u0022copyRProtection\\u0022:false,\\u0022copyRAlert\\u0022:\\u0022Hello, this photo is mine!\\u0022,\\u0022sliderScrollNavi\\u0022:false,\\u0022sliderFullSizeViewMode\\u0022:false,\\u0022sliderNextPrevAnimation\\u0022:\\u0022animation\\u0022,\\u0022galleryScrollPositionControll\\u0022:false,\\u0022sliderVideoAutoPlay\\u0022:false,\\u0022sliderVideoLoop\\u0022:false,\\u0022sliderItemCounterEnable\\u0022:true,\\u0022sliderCaptionSrc\\u0022:\\u0022caption\\u0022,\\u0022sliderItemTitleEnable\\u0022:false,\\u0022sliderItemTitleFontSize\\u0022:18,\\u0022sliderItemTitleTextColor\\u0022:\\u0022rgba(255,255,255,1)\\u0022,\\u0022itemCounterColor\\u0022:\\u0022rgba(255,255,255,1)\\u0022,\\u0022sliderThumbBarEnable\\u0022:true,\\u0022sliderThumbBarHoverColor\\u0022:\\u0022rgba(240,240,240,1)\\u0022,\\u0022sliderBgColor\\u0022:\\u0022rgba(0,0,0,0.8)\\u0022,\\u0022sliderPreloaderColor\\u0022:\\u0022rgba(240,240,240,1)\\u0022,\\u0022sliderHeaderFooterBgColor\\u0022:\\u0022rgba(0,0,0,0.4)\\u0022,\\u0022sliderNavigationColor\\u0022:\\u0022rgba(0,0,0,1)\\u0022,\\u0022sliderNavigationColorOver\\u0022:\\u0022rgba(255,255,255,1)\\u0022,\\u0022sliderNavigationIconColor\\u0022:\\u0022rgba(255,255,255,1)\\u0022,\\u0022sliderNavigationIconColorOver\\u0022:\\u0022rgba(0,0,0,1)\\u0022,\\u0022sliderSlideshow\\u0022:true,\\u0022sliderSlideshowDelay\\u0022:8,\\u0022slideshowIndicatorColor\\u0022:\\u0022rgba(255,255,255,1)\\u0022,\\u0022slideshowIndicatorColorBg\\u0022:\\u0022rgba(255,255,255,0.5)\\u0022,\\u0022sliderThumbSubMenuBackgroundColor\\u0022:\\u0022rgba(255,255,255,0)\\u0022,\\u0022sliderThumbSubMenuBackgroundColorOver\\u0022:\\u0022rgba(255,255,255,1)\\u0022,\\u0022sliderThumbSubMenuIconColor\\u0022:\\u0022rgba(255,255,255,1)\\u0022,\\u0022sliderThumbSubMenuIconHoverColor\\u0022:\\u0022rgba(0,0,0,1)\\u0022,\\u0022sliderSocialShareEnabled\\u0022:true,\\u0022sliderZoomEnable\\u0022:true,\\u0022sliderFullscreenEnabled\\u0022:true,\\u0022wpum_restrict_type\\u0022:\\u0022wpum_restrict_type_state\\u0022,\\u0022wpum_restrict_state\\u0022:\\u0022\\u0022,\\u0022wpum_restrict_show_message\\u0022:true,\\u0022skin\\u0022:\\u0022slider\\u0022}\",\"wpum_restrict_type\":\"wpum_restrict_type_state\",\"wpum_hide_state_in\":false,\"wpum_hide_state_out\":false}<\/script><script>(function(){if(window.PGC_SGB && window.PGC_SGB.searcher){window.PGC_SGB.searcher.initBlocks()}})()<\/script><\/div>","protected":false},"excerpt":{"rendered":"<p>Ausschlafen, ausgiebiges Fr\u00fchst\u00fcck mit frisch gepre\u00dftem Orangensaft alla Carsten, Omlett alla Matthias, Serrano, K\u00e4se\u2026 und Kaffee alla Lothar : \u201eEndulzamos tu Vida\u201c (Wir vers\u00fc\u00dfen ihr Leben).So der Leitspruch des Cafes in La Laguna, die alte Hauptstadt der Insel, die wir heute besuchten.Dort Einkauf, auch der Parf\u00fcms f\u00fcr unsere Ladies, da hier nur halb so teuer. [&hellip;]<\/p>\n","protected":false},"author":11,"featured_media":1349,"comment_status":"open","ping_status":"open","sticky":false,"template":"","format":"standard","meta":{"_crdt_document":"","pgc_sgb_lightbox_settings":"","footnotes":""},"categories":[58],"tags":[],"class_list":["post-1313","post","type-post","status-publish","format-standard","has-post-thumbnail","hentry","category-atlante-team"],"yoast_head":"<!-- This site is optimized with the Yoast SEO plugin v27.5 - https:\/\/yoast.com\/product\/yoast-seo-wordpress\/ -->\n<title>7. Tag \/ 2. Siesta: Regeneration - SV S\u00fclfeld<\/title>\n<meta name=\"robots\" content=\"index, follow, max-snippet:-1, max-image-preview:large, max-video-preview:-1\" \/>\n<link rel=\"canonical\" href=\"https:\/\/www.svsuelfeld.de\/?p=1313\" \/>\n<meta property=\"og:locale\" content=\"de_DE\" \/>\n<meta property=\"og:type\" content=\"article\" \/>\n<meta property=\"og:title\" content=\"7. Tag \/ 2. Siesta: Regeneration - SV S\u00fclfeld\" \/>\n<meta property=\"og:description\" content=\"Ausschlafen, ausgiebiges Fr\u00fchst\u00fcck mit frisch gepre\u00dftem Orangensaft alla Carsten, Omlett alla Matthias, Serrano, K\u00e4se\u2026 und Kaffee alla Lothar : \u201eEndulzamos tu Vida\u201c (Wir vers\u00fc\u00dfen ihr Leben).So der Leitspruch des Cafes in La Laguna, die alte Hauptstadt der Insel, die wir heute besuchten.Dort Einkauf, auch der Parf\u00fcms f\u00fcr unsere Ladies, da hier nur halb so teuer. [&hellip;]\" \/>\n<meta property=\"og:url\" content=\"https:\/\/www.svsuelfeld.de\/?p=1313\" \/>\n<meta property=\"og:site_name\" content=\"SV S\u00fclfeld\" \/>\n<meta property=\"article:publisher\" content=\"https:\/\/de-de.facebook.com\/svsuelfeld\/\" \/>\n<meta property=\"article:published_time\" content=\"2022-04-25T21:01:00+00:00\" \/>\n<meta property=\"article:modified_time\" content=\"2022-09-26T15:09:01+00:00\" \/>\n<meta property=\"og:image\" content=\"https:\/\/www.svsuelfeld.de\/wp-content\/uploads\/2022\/04\/A6DEBC29-A8B6-49C6-B0E5-B3CBC06CFF2E_1_201_a.jpeg\" \/>\n\t<meta property=\"og:image:width\" content=\"768\" \/>\n\t<meta property=\"og:image:height\" content=\"1024\" \/>\n\t<meta property=\"og:image:type\" content=\"image\/jpeg\" \/>\n<meta name=\"author\" content=\"radsport\" \/>\n<meta name=\"twitter:card\" content=\"summary_large_image\" \/>\n<meta name=\"twitter:label1\" content=\"Verfasst von\" \/>\n\t<meta name=\"twitter:data1\" content=\"radsport\" \/>\n\t<meta name=\"twitter:label2\" content=\"Gesch\u00e4tzte Lesezeit\" \/>\n\t<meta name=\"twitter:data2\" content=\"1\u00a0Minute\" \/>\n<script type=\"application\/ld+json\" class=\"yoast-schema-graph\">{\"@context\":\"https:\\\/\\\/schema.org\",\"@graph\":[{\"@type\":\"Article\",\"@id\":\"https:\\\/\\\/www.svsuelfeld.de\\\/?p=1313#article\",\"isPartOf\":{\"@id\":\"https:\\\/\\\/www.svsuelfeld.de\\\/?p=1313\"},\"author\":{\"name\":\"radsport\",\"@id\":\"https:\\\/\\\/www.svsuelfeld.de\\\/#\\\/schema\\\/person\\\/415a1ff3ea8d7a36cfbaf9bc66c7c689\"},\"headline\":\"7. Tag \\\/ 2. Siesta: Regeneration\",\"datePublished\":\"2022-04-25T21:01:00+00:00\",\"dateModified\":\"2022-09-26T15:09:01+00:00\",\"mainEntityOfPage\":{\"@id\":\"https:\\\/\\\/www.svsuelfeld.de\\\/?p=1313\"},\"wordCount\":115,\"commentCount\":0,\"publisher\":{\"@id\":\"https:\\\/\\\/www.svsuelfeld.de\\\/#organization\"},\"image\":{\"@id\":\"https:\\\/\\\/www.svsuelfeld.de\\\/?p=1313#primaryimage\"},\"thumbnailUrl\":\"https:\\\/\\\/www.svsuelfeld.de\\\/wp-content\\\/uploads\\\/2022\\\/04\\\/A6DEBC29-A8B6-49C6-B0E5-B3CBC06CFF2E_1_201_a.jpeg\",\"articleSection\":[\"Atlante-Team\"],\"inLanguage\":\"de\",\"potentialAction\":[{\"@type\":\"CommentAction\",\"name\":\"Comment\",\"target\":[\"https:\\\/\\\/www.svsuelfeld.de\\\/?p=1313#respond\"]}]},{\"@type\":\"WebPage\",\"@id\":\"https:\\\/\\\/www.svsuelfeld.de\\\/?p=1313\",\"url\":\"https:\\\/\\\/www.svsuelfeld.de\\\/?p=1313\",\"name\":\"7. Tag \\\/ 2. Siesta: Regeneration - SV S\u00fclfeld\",\"isPartOf\":{\"@id\":\"https:\\\/\\\/www.svsuelfeld.de\\\/#website\"},\"primaryImageOfPage\":{\"@id\":\"https:\\\/\\\/www.svsuelfeld.de\\\/?p=1313#primaryimage\"},\"image\":{\"@id\":\"https:\\\/\\\/www.svsuelfeld.de\\\/?p=1313#primaryimage\"},\"thumbnailUrl\":\"https:\\\/\\\/www.svsuelfeld.de\\\/wp-content\\\/uploads\\\/2022\\\/04\\\/A6DEBC29-A8B6-49C6-B0E5-B3CBC06CFF2E_1_201_a.jpeg\",\"datePublished\":\"2022-04-25T21:01:00+00:00\",\"dateModified\":\"2022-09-26T15:09:01+00:00\",\"breadcrumb\":{\"@id\":\"https:\\\/\\\/www.svsuelfeld.de\\\/?p=1313#breadcrumb\"},\"inLanguage\":\"de\",\"potentialAction\":[{\"@type\":\"ReadAction\",\"target\":[\"https:\\\/\\\/www.svsuelfeld.de\\\/?p=1313\"]}]},{\"@type\":\"ImageObject\",\"inLanguage\":\"de\",\"@id\":\"https:\\\/\\\/www.svsuelfeld.de\\\/?p=1313#primaryimage\",\"url\":\"https:\\\/\\\/www.svsuelfeld.de\\\/wp-content\\\/uploads\\\/2022\\\/04\\\/A6DEBC29-A8B6-49C6-B0E5-B3CBC06CFF2E_1_201_a.jpeg\",\"contentUrl\":\"https:\\\/\\\/www.svsuelfeld.de\\\/wp-content\\\/uploads\\\/2022\\\/04\\\/A6DEBC29-A8B6-49C6-B0E5-B3CBC06CFF2E_1_201_a.jpeg\",\"width\":768,\"height\":1024},{\"@type\":\"BreadcrumbList\",\"@id\":\"https:\\\/\\\/www.svsuelfeld.de\\\/?p=1313#breadcrumb\",\"itemListElement\":[{\"@type\":\"ListItem\",\"position\":1,\"name\":\"Startseite\",\"item\":\"https:\\\/\\\/www.svsuelfeld.de\\\/\"},{\"@type\":\"ListItem\",\"position\":2,\"name\":\"7. Tag \\\/ 2. Siesta: Regeneration\"}]},{\"@type\":\"WebSite\",\"@id\":\"https:\\\/\\\/www.svsuelfeld.de\\\/#website\",\"url\":\"https:\\\/\\\/www.svsuelfeld.de\\\/\",\"name\":\"SV S\u00fclfeld\",\"description\":\"...mehr S\u00fclfeld geht nicht\",\"publisher\":{\"@id\":\"https:\\\/\\\/www.svsuelfeld.de\\\/#organization\"},\"potentialAction\":[{\"@type\":\"SearchAction\",\"target\":{\"@type\":\"EntryPoint\",\"urlTemplate\":\"https:\\\/\\\/www.svsuelfeld.de\\\/?s={search_term_string}\"},\"query-input\":{\"@type\":\"PropertyValueSpecification\",\"valueRequired\":true,\"valueName\":\"search_term_string\"}}],\"inLanguage\":\"de\"},{\"@type\":\"Organization\",\"@id\":\"https:\\\/\\\/www.svsuelfeld.de\\\/#organization\",\"name\":\"SV S\u00fclfeld\",\"url\":\"https:\\\/\\\/www.svsuelfeld.de\\\/\",\"logo\":{\"@type\":\"ImageObject\",\"inLanguage\":\"de\",\"@id\":\"https:\\\/\\\/www.svsuelfeld.de\\\/#\\\/schema\\\/logo\\\/image\\\/\",\"url\":\"https:\\\/\\\/www.svsuelfeld.de\\\/wp-content\\\/uploads\\\/2022\\\/06\\\/cropped-svs-logo.png\",\"contentUrl\":\"https:\\\/\\\/www.svsuelfeld.de\\\/wp-content\\\/uploads\\\/2022\\\/06\\\/cropped-svs-logo.png\",\"width\":210,\"height\":210,\"caption\":\"SV S\u00fclfeld\"},\"image\":{\"@id\":\"https:\\\/\\\/www.svsuelfeld.de\\\/#\\\/schema\\\/logo\\\/image\\\/\"},\"sameAs\":[\"https:\\\/\\\/de-de.facebook.com\\\/svsuelfeld\\\/\"]},{\"@type\":\"Person\",\"@id\":\"https:\\\/\\\/www.svsuelfeld.de\\\/#\\\/schema\\\/person\\\/415a1ff3ea8d7a36cfbaf9bc66c7c689\",\"name\":\"radsport\",\"image\":{\"@type\":\"ImageObject\",\"inLanguage\":\"de\",\"@id\":\"https:\\\/\\\/secure.gravatar.com\\\/avatar\\\/3eaa8b5c6f6f5e0be342b93ecba3bf6462e79862855ffc307d9fdc6b7cc73849?s=96&d=mm&r=g\",\"url\":\"https:\\\/\\\/secure.gravatar.com\\\/avatar\\\/3eaa8b5c6f6f5e0be342b93ecba3bf6462e79862855ffc307d9fdc6b7cc73849?s=96&d=mm&r=g\",\"contentUrl\":\"https:\\\/\\\/secure.gravatar.com\\\/avatar\\\/3eaa8b5c6f6f5e0be342b93ecba3bf6462e79862855ffc307d9fdc6b7cc73849?s=96&d=mm&r=g\",\"caption\":\"radsport\"},\"url\":\"https:\\\/\\\/www.svsuelfeld.de\\\/?author=11\"}]}<\/script>\n<!-- \/ Yoast SEO plugin. -->","yoast_head_json":{"title":"7. Tag \/ 2. Siesta: Regeneration - SV S\u00fclfeld","robots":{"index":"index","follow":"follow","max-snippet":"max-snippet:-1","max-image-preview":"max-image-preview:large","max-video-preview":"max-video-preview:-1"},"canonical":"https:\/\/www.svsuelfeld.de\/?p=1313","og_locale":"de_DE","og_type":"article","og_title":"7. Tag \/ 2. Siesta: Regeneration - SV S\u00fclfeld","og_description":"Ausschlafen, ausgiebiges Fr\u00fchst\u00fcck mit frisch gepre\u00dftem Orangensaft alla Carsten, Omlett alla Matthias, Serrano, K\u00e4se\u2026 und Kaffee alla Lothar : \u201eEndulzamos tu Vida\u201c (Wir vers\u00fc\u00dfen ihr Leben).So der Leitspruch des Cafes in La Laguna, die alte Hauptstadt der Insel, die wir heute besuchten.Dort Einkauf, auch der Parf\u00fcms f\u00fcr unsere Ladies, da hier nur halb so teuer. [&hellip;]","og_url":"https:\/\/www.svsuelfeld.de\/?p=1313","og_site_name":"SV S\u00fclfeld","article_publisher":"https:\/\/de-de.facebook.com\/svsuelfeld\/","article_published_time":"2022-04-25T21:01:00+00:00","article_modified_time":"2022-09-26T15:09:01+00:00","og_image":[{"width":768,"height":1024,"url":"https:\/\/www.svsuelfeld.de\/wp-content\/uploads\/2022\/04\/A6DEBC29-A8B6-49C6-B0E5-B3CBC06CFF2E_1_201_a.jpeg","type":"image\/jpeg"}],"author":"radsport","twitter_card":"summary_large_image","twitter_misc":{"Verfasst von":"radsport","Gesch\u00e4tzte Lesezeit":"1\u00a0Minute"},"schema":{"@context":"https:\/\/schema.org","@graph":[{"@type":"Article","@id":"https:\/\/www.svsuelfeld.de\/?p=1313#article","isPartOf":{"@id":"https:\/\/www.svsuelfeld.de\/?p=1313"},"author":{"name":"radsport","@id":"https:\/\/www.svsuelfeld.de\/#\/schema\/person\/415a1ff3ea8d7a36cfbaf9bc66c7c689"},"headline":"7. Tag \/ 2. Siesta: Regeneration","datePublished":"2022-04-25T21:01:00+00:00","dateModified":"2022-09-26T15:09:01+00:00","mainEntityOfPage":{"@id":"https:\/\/www.svsuelfeld.de\/?p=1313"},"wordCount":115,"commentCount":0,"publisher":{"@id":"https:\/\/www.svsuelfeld.de\/#organization"},"image":{"@id":"https:\/\/www.svsuelfeld.de\/?p=1313#primaryimage"},"thumbnailUrl":"https:\/\/www.svsuelfeld.de\/wp-content\/uploads\/2022\/04\/A6DEBC29-A8B6-49C6-B0E5-B3CBC06CFF2E_1_201_a.jpeg","articleSection":["Atlante-Team"],"inLanguage":"de","potentialAction":[{"@type":"CommentAction","name":"Comment","target":["https:\/\/www.svsuelfeld.de\/?p=1313#respond"]}]},{"@type":"WebPage","@id":"https:\/\/www.svsuelfeld.de\/?p=1313","url":"https:\/\/www.svsuelfeld.de\/?p=1313","name":"7. Tag \/ 2. Siesta: Regeneration - SV S\u00fclfeld","isPartOf":{"@id":"https:\/\/www.svsuelfeld.de\/#website"},"primaryImageOfPage":{"@id":"https:\/\/www.svsuelfeld.de\/?p=1313#primaryimage"},"image":{"@id":"https:\/\/www.svsuelfeld.de\/?p=1313#primaryimage"},"thumbnailUrl":"https:\/\/www.svsuelfeld.de\/wp-content\/uploads\/2022\/04\/A6DEBC29-A8B6-49C6-B0E5-B3CBC06CFF2E_1_201_a.jpeg","datePublished":"2022-04-25T21:01:00+00:00","dateModified":"2022-09-26T15:09:01+00:00","breadcrumb":{"@id":"https:\/\/www.svsuelfeld.de\/?p=1313#breadcrumb"},"inLanguage":"de","potentialAction":[{"@type":"ReadAction","target":["https:\/\/www.svsuelfeld.de\/?p=1313"]}]},{"@type":"ImageObject","inLanguage":"de","@id":"https:\/\/www.svsuelfeld.de\/?p=1313#primaryimage","url":"https:\/\/www.svsuelfeld.de\/wp-content\/uploads\/2022\/04\/A6DEBC29-A8B6-49C6-B0E5-B3CBC06CFF2E_1_201_a.jpeg","contentUrl":"https:\/\/www.svsuelfeld.de\/wp-content\/uploads\/2022\/04\/A6DEBC29-A8B6-49C6-B0E5-B3CBC06CFF2E_1_201_a.jpeg","width":768,"height":1024},{"@type":"BreadcrumbList","@id":"https:\/\/www.svsuelfeld.de\/?p=1313#breadcrumb","itemListElement":[{"@type":"ListItem","position":1,"name":"Startseite","item":"https:\/\/www.svsuelfeld.de\/"},{"@type":"ListItem","position":2,"name":"7. Tag \/ 2. Siesta: Regeneration"}]},{"@type":"WebSite","@id":"https:\/\/www.svsuelfeld.de\/#website","url":"https:\/\/www.svsuelfeld.de\/","name":"SV S\u00fclfeld","description":"...mehr S\u00fclfeld geht nicht","publisher":{"@id":"https:\/\/www.svsuelfeld.de\/#organization"},"potentialAction":[{"@type":"SearchAction","target":{"@type":"EntryPoint","urlTemplate":"https:\/\/www.svsuelfeld.de\/?s={search_term_string}"},"query-input":{"@type":"PropertyValueSpecification","valueRequired":true,"valueName":"search_term_string"}}],"inLanguage":"de"},{"@type":"Organization","@id":"https:\/\/www.svsuelfeld.de\/#organization","name":"SV S\u00fclfeld","url":"https:\/\/www.svsuelfeld.de\/","logo":{"@type":"ImageObject","inLanguage":"de","@id":"https:\/\/www.svsuelfeld.de\/#\/schema\/logo\/image\/","url":"https:\/\/www.svsuelfeld.de\/wp-content\/uploads\/2022\/06\/cropped-svs-logo.png","contentUrl":"https:\/\/www.svsuelfeld.de\/wp-content\/uploads\/2022\/06\/cropped-svs-logo.png","width":210,"height":210,"caption":"SV S\u00fclfeld"},"image":{"@id":"https:\/\/www.svsuelfeld.de\/#\/schema\/logo\/image\/"},"sameAs":["https:\/\/de-de.facebook.com\/svsuelfeld\/"]},{"@type":"Person","@id":"https:\/\/www.svsuelfeld.de\/#\/schema\/person\/415a1ff3ea8d7a36cfbaf9bc66c7c689","name":"radsport","image":{"@type":"ImageObject","inLanguage":"de","@id":"https:\/\/secure.gravatar.com\/avatar\/3eaa8b5c6f6f5e0be342b93ecba3bf6462e79862855ffc307d9fdc6b7cc73849?s=96&d=mm&r=g","url":"https:\/\/secure.gravatar.com\/avatar\/3eaa8b5c6f6f5e0be342b93ecba3bf6462e79862855ffc307d9fdc6b7cc73849?s=96&d=mm&r=g","contentUrl":"https:\/\/secure.gravatar.com\/avatar\/3eaa8b5c6f6f5e0be342b93ecba3bf6462e79862855ffc307d9fdc6b7cc73849?s=96&d=mm&r=g","caption":"radsport"},"url":"https:\/\/www.svsuelfeld.de\/?author=11"}]}},"publishpress_future_action":{"enabled":false,"date":"2026-05-06 17:29:03","action":"change-status","newStatus":"draft","terms":[],"taxonomy":"category","extraData":[]},"publishpress_future_workflow_manual_trigger":{"enabledWorkflows":[]},"_links":{"self":[{"href":"https:\/\/www.svsuelfeld.de\/index.php?rest_route=\/wp\/v2\/posts\/1313","targetHints":{"allow":["GET"]}}],"collection":[{"href":"https:\/\/www.svsuelfeld.de\/index.php?rest_route=\/wp\/v2\/posts"}],"about":[{"href":"https:\/\/www.svsuelfeld.de\/index.php?rest_route=\/wp\/v2\/types\/post"}],"author":[{"embeddable":true,"href":"https:\/\/www.svsuelfeld.de\/index.php?rest_route=\/wp\/v2\/users\/11"}],"replies":[{"embeddable":true,"href":"https:\/\/www.svsuelfeld.de\/index.php?rest_route=%2Fwp%2Fv2%2Fcomments&post=1313"}],"version-history":[{"count":3,"href":"https:\/\/www.svsuelfeld.de\/index.php?rest_route=\/wp\/v2\/posts\/1313\/revisions"}],"predecessor-version":[{"id":1356,"href":"https:\/\/www.svsuelfeld.de\/index.php?rest_route=\/wp\/v2\/posts\/1313\/revisions\/1356"}],"wp:featuredmedia":[{"embeddable":true,"href":"https:\/\/www.svsuelfeld.de\/index.php?rest_route=\/wp\/v2\/media\/1349"}],"wp:attachment":[{"href":"https:\/\/www.svsuelfeld.de\/index.php?rest_route=%2Fwp%2Fv2%2Fmedia&parent=1313"}],"wp:term":[{"taxonomy":"category","embeddable":true,"href":"https:\/\/www.svsuelfeld.de\/index.php?rest_route=%2Fwp%2Fv2%2Fcategories&post=1313"},{"taxonomy":"post_tag","embeddable":true,"href":"https:\/\/www.svsuelfeld.de\/index.php?rest_route=%2Fwp%2Fv2%2Ftags&post=1313"}],"curies":[{"name":"wp","href":"https:\/\/api.w.org\/{rel}","templated":true}]}}