{"id":1629,"date":"2022-05-15T20:32:00","date_gmt":"2022-05-15T18:32:00","guid":{"rendered":"https:\/\/www.svsuelfeld.de\/?p=1629"},"modified":"2022-09-26T17:09:01","modified_gmt":"2022-09-26T15:09:01","slug":"erstes-wiedersehen-nach-dem-trainingslager-ist-vor-dem-trainingslager","status":"publish","type":"post","link":"https:\/\/www.svsuelfeld.de\/?p=1629","title":{"rendered":"Erstes Wiedersehen nach dem Trainingslager, ist vor dem Trainingslager!"},"content":{"rendered":"\n<p class=\"wp-block-paragraph\">&#8222;Sonntag fahren wir zum VfL L\u00fcneburg und fahren die RTF in ATLANTE-Trikotagen!&#8220;<br>So lautete unser Motto und bei superblauem Himmel und Sonne pur, ging es f\u00fcr Marco und mich p\u00fcnktlich um 9Uhr los. Sch\u00f6ne h\u00fcgelige Landschaften, ca. 740hm auf 116km!<br>Marco schloss sich einer schnellen Gruppe an, aber mein Leistungsniveau war etwas abgeschlagen nach dem ich in Bremen am Tag zuvor die RMCD gefahren bin. Unterwegs ereignete sich noch ein Radsportunfall, wo ich dem Verunfallten half.<br>Mittags traf Marco im Ziel ein und konnte Ole und Klaus aus dem Atlante-Team kennenlernen. <br>(Marco war dieses Jahr nicht mit auf Teneriffa, ist aber f\u00fcr n\u00e4chstes Jahr fest eingeplant)<br>Die Begegnung war herzlich und ich kam ca. 30min. sp\u00e4ter hinzu und haben noch gemeinsam etwas getrunken und gegessen. <br><strong>Danke an den VfL L\u00fcneburg f\u00fcr die Orga und Verpflegung, einfach TOP!<\/strong><br>Als wir ein gemeinsames Foto machen wollten, war Klaus leider schon als RTF-Helfer zum Abschildern aufgebrochen.<br>Der n\u00e4chste gemeinsame Ausritt wird schon anvisiert.<br>Mit radsportlichen Gr\u00fc\u00dfen<br>J\u00f6rg<\/p>\n\n\n<div class=\"pgc-sgb-cb wp-block-pgcsimplygalleryblock-slider \" data-gallery-id=\"25059379\"style=&quot;min-height:360px&quot;><div class=\"sgb-preloader\" id=\"pr_25059379\">\n\t<div class=\"sgb-square\" style=\"background:#d4d4d4\"><\/div>\n\t<div class=\"sgb-square\" style=\"background:#d4d4d4\"><\/div>\n\t<div class=\"sgb-square\" style=\"background:#d4d4d4\"><\/div>\n\t<div class=\"sgb-square\" style=\"background:#d4d4d4\"><\/div><\/div><div class=\"simply-gallery-amp pgc_sgb_slider \"><noscript><div class=\"sgb-gallery\"><div class=\"sgb-item\"><a href=\"https:\/\/www.svsuelfeld.de\/?attachment_id=1636\" target=\"_blank\"><img decoding=\"async\" alt=\"\" width=\"300\" height=\"225\" loading=\"lazy\" src=\"https:\/\/www.svsuelfeld.de\/wp-content\/uploads\/2022\/05\/IMG_1979-300x225.jpg\" srcset=\"https:\/\/www.svsuelfeld.de\/wp-content\/uploads\/2022\/05\/IMG_1979-300x225.jpg 300w,https:\/\/www.svsuelfeld.de\/wp-content\/uploads\/2022\/05\/IMG_1979-1024x768.jpg 640w,https:\/\/www.svsuelfeld.de\/wp-content\/uploads\/2022\/05\/IMG_1979-scaled.jpg 2560w\" sizes=\"auto, 250px\"\/><\/a><\/div><div class=\"sgb-item\"><a href=\"https:\/\/www.svsuelfeld.de\/?attachment_id=1637\" target=\"_blank\"><img decoding=\"async\" alt=\"\" width=\"300\" height=\"225\" loading=\"lazy\" src=\"https:\/\/www.svsuelfeld.de\/wp-content\/uploads\/2022\/05\/IMG_1983-300x225.jpg\" srcset=\"https:\/\/www.svsuelfeld.de\/wp-content\/uploads\/2022\/05\/IMG_1983-300x225.jpg 300w,https:\/\/www.svsuelfeld.de\/wp-content\/uploads\/2022\/05\/IMG_1983-1024x768.jpg 640w,https:\/\/www.svsuelfeld.de\/wp-content\/uploads\/2022\/05\/IMG_1983-scaled.jpg 2560w\" sizes=\"auto, 250px\"\/><\/a><\/div><div class=\"sgb-item\"><a href=\"https:\/\/www.svsuelfeld.de\/?attachment_id=1638\" target=\"_blank\"><img decoding=\"async\" alt=\"\" width=\"300\" height=\"225\" loading=\"lazy\" src=\"https:\/\/www.svsuelfeld.de\/wp-content\/uploads\/2022\/05\/IMG_1984-300x225.jpg\" srcset=\"https:\/\/www.svsuelfeld.de\/wp-content\/uploads\/2022\/05\/IMG_1984-300x225.jpg 300w,https:\/\/www.svsuelfeld.de\/wp-content\/uploads\/2022\/05\/IMG_1984-1024x768.jpg 640w,https:\/\/www.svsuelfeld.de\/wp-content\/uploads\/2022\/05\/IMG_1984-scaled.jpg 2560w\" sizes=\"auto, 250px\"\/><\/a><\/div><div class=\"sgb-item\"><a href=\"https:\/\/www.svsuelfeld.de\/?attachment_id=1639\" target=\"_blank\"><img decoding=\"async\" alt=\"\" width=\"300\" height=\"225\" loading=\"lazy\" src=\"https:\/\/www.svsuelfeld.de\/wp-content\/uploads\/2022\/05\/IMG_1985-300x225.jpg\" srcset=\"https:\/\/www.svsuelfeld.de\/wp-content\/uploads\/2022\/05\/IMG_1985-300x225.jpg 300w,https:\/\/www.svsuelfeld.de\/wp-content\/uploads\/2022\/05\/IMG_1985-1024x768.jpg 640w,https:\/\/www.svsuelfeld.de\/wp-content\/uploads\/2022\/05\/IMG_1985-scaled.jpg 2560w\" sizes=\"auto, 250px\"\/><\/a><\/div><div class=\"sgb-item\"><a href=\"https:\/\/www.svsuelfeld.de\/?attachment_id=1640\" target=\"_blank\"><img decoding=\"async\" alt=\"\" width=\"247\" height=\"300\" loading=\"lazy\" src=\"https:\/\/www.svsuelfeld.de\/wp-content\/uploads\/2022\/05\/IMG_1994-247x300.jpeg\" srcset=\"https:\/\/www.svsuelfeld.de\/wp-content\/uploads\/2022\/05\/IMG_1994-247x300.jpeg 247w,https:\/\/www.svsuelfeld.de\/wp-content\/uploads\/2022\/05\/IMG_1994-844x1024.jpeg 640w,https:\/\/www.svsuelfeld.de\/wp-content\/uploads\/2022\/05\/IMG_1994.jpeg 1935w\" sizes=\"auto, 250px\"\/><\/a><\/div><div class=\"sgb-item\"><a href=\"https:\/\/www.svsuelfeld.de\/?attachment_id=1634\" target=\"_blank\"><img decoding=\"async\" alt=\"RTF VfL L\u00fcneburg\" width=\"241\" height=\"300\" loading=\"lazy\" src=\"https:\/\/www.svsuelfeld.de\/wp-content\/uploads\/2022\/05\/IMG_1998-241x300.jpeg\" srcset=\"https:\/\/www.svsuelfeld.de\/wp-content\/uploads\/2022\/05\/IMG_1998-241x300.jpeg 241w,https:\/\/www.svsuelfeld.de\/wp-content\/uploads\/2022\/05\/IMG_1998-824x1024.jpeg 640w,https:\/\/www.svsuelfeld.de\/wp-content\/uploads\/2022\/05\/IMG_1998.jpeg 2000w\" sizes=\"auto, 250px\"\/><\/a><div class=\"sgb-item-caption\"><em>v. links Marco, Ole &amp; J\u00f6rg<\/em><\/div><\/div><\/div><\/noscript><\/div><script type=\"application\/json\" class=\"sgb-data\">{\"sliderMaxHeight\":360,\"sliderAdminWidth\":840,\"galleryType\":\"pgc_sgb_slider\",\"galleryId\":\"25059379\",\"images\":[{\"id\":1636,\"title\":\"IMG_1979\",\"url\":\"https:\/\/www.svsuelfeld.de\/wp-content\/uploads\/2022\/05\/IMG_1979-scaled.jpg\",\"link\":\"https:\/\/www.svsuelfeld.de\/?attachment_id=1636\",\"alt\":\"\",\"description\":\"\",\"caption\":\"\",\"mime\":\"image\/jpeg\",\"type\":\"image\",\"width\":2560,\"height\":1920,\"sizes\":{\"thumbnail\":{\"height\":150,\"width\":150,\"url\":\"https:\/\/www.svsuelfeld.de\/wp-content\/uploads\/2022\/05\/IMG_1979-150x150.jpg\",\"orientation\":\"landscape\"},\"medium\":{\"height\":225,\"width\":300,\"url\":\"https:\/\/www.svsuelfeld.de\/wp-content\/uploads\/2022\/05\/IMG_1979-300x225.jpg\",\"orientation\":\"landscape\"},\"large\":{\"height\":480,\"width\":640,\"url\":\"https:\/\/www.svsuelfeld.de\/wp-content\/uploads\/2022\/05\/IMG_1979-1024x768.jpg\",\"orientation\":\"landscape\"},\"full\":{\"url\":\"https:\/\/www.svsuelfeld.de\/wp-content\/uploads\/2022\/05\/IMG_1979-scaled.jpg\",\"height\":1920,\"width\":2560,\"orientation\":\"landscape\"}},\"meta\":false,\"postlink\":\"https:\/\/www.svsuelfeld.de\/?attachment_id=1636\"},{\"id\":1637,\"title\":\"IMG_1983\",\"url\":\"https:\/\/www.svsuelfeld.de\/wp-content\/uploads\/2022\/05\/IMG_1983-scaled.jpg\",\"link\":\"https:\/\/www.svsuelfeld.de\/?attachment_id=1637\",\"alt\":\"\",\"description\":\"\",\"caption\":\"\",\"mime\":\"image\/jpeg\",\"type\":\"image\",\"width\":2560,\"height\":1920,\"sizes\":{\"thumbnail\":{\"height\":150,\"width\":150,\"url\":\"https:\/\/www.svsuelfeld.de\/wp-content\/uploads\/2022\/05\/IMG_1983-150x150.jpg\",\"orientation\":\"landscape\"},\"medium\":{\"height\":225,\"width\":300,\"url\":\"https:\/\/www.svsuelfeld.de\/wp-content\/uploads\/2022\/05\/IMG_1983-300x225.jpg\",\"orientation\":\"landscape\"},\"large\":{\"height\":480,\"width\":640,\"url\":\"https:\/\/www.svsuelfeld.de\/wp-content\/uploads\/2022\/05\/IMG_1983-1024x768.jpg\",\"orientation\":\"landscape\"},\"full\":{\"url\":\"https:\/\/www.svsuelfeld.de\/wp-content\/uploads\/2022\/05\/IMG_1983-scaled.jpg\",\"height\":1920,\"width\":2560,\"orientation\":\"landscape\"}},\"meta\":false,\"postlink\":\"https:\/\/www.svsuelfeld.de\/?attachment_id=1637\"},{\"id\":1638,\"title\":\"IMG_1984\",\"url\":\"https:\/\/www.svsuelfeld.de\/wp-content\/uploads\/2022\/05\/IMG_1984-scaled.jpg\",\"link\":\"https:\/\/www.svsuelfeld.de\/?attachment_id=1638\",\"alt\":\"\",\"description\":\"\",\"caption\":\"\",\"mime\":\"image\/jpeg\",\"type\":\"image\",\"width\":2560,\"height\":1920,\"sizes\":{\"thumbnail\":{\"height\":150,\"width\":150,\"url\":\"https:\/\/www.svsuelfeld.de\/wp-content\/uploads\/2022\/05\/IMG_1984-150x150.jpg\",\"orientation\":\"landscape\"},\"medium\":{\"height\":225,\"width\":300,\"url\":\"https:\/\/www.svsuelfeld.de\/wp-content\/uploads\/2022\/05\/IMG_1984-300x225.jpg\",\"orientation\":\"landscape\"},\"large\":{\"height\":480,\"width\":640,\"url\":\"https:\/\/www.svsuelfeld.de\/wp-content\/uploads\/2022\/05\/IMG_1984-1024x768.jpg\",\"orientation\":\"landscape\"},\"full\":{\"url\":\"https:\/\/www.svsuelfeld.de\/wp-content\/uploads\/2022\/05\/IMG_1984-scaled.jpg\",\"height\":1920,\"width\":2560,\"orientation\":\"landscape\"}},\"meta\":false,\"postlink\":\"https:\/\/www.svsuelfeld.de\/?attachment_id=1638\"},{\"id\":1639,\"title\":\"IMG_1985\",\"url\":\"https:\/\/www.svsuelfeld.de\/wp-content\/uploads\/2022\/05\/IMG_1985-scaled.jpg\",\"link\":\"https:\/\/www.svsuelfeld.de\/?attachment_id=1639\",\"alt\":\"\",\"description\":\"\",\"caption\":\"\",\"mime\":\"image\/jpeg\",\"type\":\"image\",\"width\":2560,\"height\":1920,\"sizes\":{\"thumbnail\":{\"height\":150,\"width\":150,\"url\":\"https:\/\/www.svsuelfeld.de\/wp-content\/uploads\/2022\/05\/IMG_1985-150x150.jpg\",\"orientation\":\"landscape\"},\"medium\":{\"height\":225,\"width\":300,\"url\":\"https:\/\/www.svsuelfeld.de\/wp-content\/uploads\/2022\/05\/IMG_1985-300x225.jpg\",\"orientation\":\"landscape\"},\"large\":{\"height\":480,\"width\":640,\"url\":\"https:\/\/www.svsuelfeld.de\/wp-content\/uploads\/2022\/05\/IMG_1985-1024x768.jpg\",\"orientation\":\"landscape\"},\"full\":{\"url\":\"https:\/\/www.svsuelfeld.de\/wp-content\/uploads\/2022\/05\/IMG_1985-scaled.jpg\",\"height\":1920,\"width\":2560,\"orientation\":\"landscape\"}},\"meta\":false,\"postlink\":\"https:\/\/www.svsuelfeld.de\/?attachment_id=1639\"},{\"id\":1640,\"title\":\"IMG_1994\",\"url\":\"https:\/\/www.svsuelfeld.de\/wp-content\/uploads\/2022\/05\/IMG_1994.jpeg\",\"link\":\"https:\/\/www.svsuelfeld.de\/?attachment_id=1640\",\"alt\":\"\",\"description\":\"\",\"caption\":\"\",\"mime\":\"image\/jpeg\",\"type\":\"image\",\"width\":1935,\"height\":2347,\"sizes\":{\"thumbnail\":{\"height\":150,\"width\":150,\"url\":\"https:\/\/www.svsuelfeld.de\/wp-content\/uploads\/2022\/05\/IMG_1994-150x150.jpeg\",\"orientation\":\"landscape\"},\"medium\":{\"height\":300,\"width\":247,\"url\":\"https:\/\/www.svsuelfeld.de\/wp-content\/uploads\/2022\/05\/IMG_1994-247x300.jpeg\",\"orientation\":\"portrait\"},\"large\":{\"height\":776,\"width\":640,\"url\":\"https:\/\/www.svsuelfeld.de\/wp-content\/uploads\/2022\/05\/IMG_1994-844x1024.jpeg\",\"orientation\":\"portrait\"},\"full\":{\"url\":\"https:\/\/www.svsuelfeld.de\/wp-content\/uploads\/2022\/05\/IMG_1994.jpeg\",\"height\":2347,\"width\":1935,\"orientation\":\"portrait\"}},\"meta\":false,\"postlink\":\"https:\/\/www.svsuelfeld.de\/?attachment_id=1640\"},{\"id\":1634,\"title\":\"IMG_1998\",\"url\":\"https:\/\/www.svsuelfeld.de\/wp-content\/uploads\/2022\/05\/IMG_1998.jpeg\",\"link\":\"https:\/\/www.svsuelfeld.de\/?attachment_id=1634\",\"alt\":\"RTF VfL L\u00fcneburg\",\"description\":\"v. links Marco, Ole \\u0026amp; J\u00f6rg\",\"caption\":\"v. links Marco, Ole \\u0026amp; J\u00f6rg\",\"mime\":\"image\/jpeg\",\"type\":\"image\",\"width\":2000,\"height\":2486,\"sizes\":{\"thumbnail\":{\"height\":150,\"width\":150,\"url\":\"https:\/\/www.svsuelfeld.de\/wp-content\/uploads\/2022\/05\/IMG_1998-150x150.jpeg\",\"orientation\":\"landscape\"},\"medium\":{\"height\":300,\"width\":241,\"url\":\"https:\/\/www.svsuelfeld.de\/wp-content\/uploads\/2022\/05\/IMG_1998-241x300.jpeg\",\"orientation\":\"portrait\"},\"large\":{\"height\":795,\"width\":640,\"url\":\"https:\/\/www.svsuelfeld.de\/wp-content\/uploads\/2022\/05\/IMG_1998-824x1024.jpeg\",\"orientation\":\"portrait\"},\"full\":{\"url\":\"https:\/\/www.svsuelfeld.de\/wp-content\/uploads\/2022\/05\/IMG_1998.jpeg\",\"height\":2486,\"width\":2000,\"orientation\":\"portrait\"}},\"meta\":false,\"postlink\":\"https:\/\/www.svsuelfeld.de\/?attachment_id=1634\"}],\"itemsMetaDataCollection\":[],\"galleryData\":\"{\\u0022collectionThumbRecomendedWidth\\u0022:200,\\u0022thumbSpacing\\u0022:5,\\u0022thumbMobileSpacing\\u0022:5,\\u0022externalLink\\u0022:true,\\u0022externalLinkDefName\\u0022:\\u0022Read More\\u0022,\\u0022externalLinkTextColor\\u0022:\\u0022rgba(0,0,0,1)\\u0022,\\u0022externalLinkBgColor\\u0022:\\u0022rgba(255,255,255,1)\\u0022,\\u0022externalLinkFontSize\\u0022:18,\\u0022captions\\u0022:true,\\u0022captionSrc\\u0022:\\u0022caption\\u0022,\\u0022captionHAlign\\u0022:\\u0022top\\u0022,\\u0022collectionthumbHoverTitleFontSize\\u0022:18,\\u0022collectionthumbRoundedCorners\\u0022:0,\\u0022collectionthumbHoverTitleTextColor\\u0022:\\u0022rgba(255,255,255,1)\\u0022,\\u0022collectionthumbHoverTitleTextBgColor\\u0022:\\u0022rgba(0,0,0,0.8)\\u0022,\\u0022collectionthumbHoverBgColor\\u0022:\\u0022rgba(0,0,0,0.4)\\u0022,\\u0022collectionThumbSubMenuDownload\\u0022:true,\\u0022collectionThumbSubMenuShare\\u0022:true,\\u0022collectionThumbSubMenuBgColor\\u0022:\\u0022rgba(0,0,0,0.4)\\u0022,\\u0022collectionThumbSubMenuBgColorHover\\u0022:\\u0022rgba(255,255,255,1)\\u0022,\\u0022collectionThumbSubMenuIconColor\\u0022:\\u0022rgba(255,255,255,1)\\u0022,\\u0022collectionThumbSubMenuIconColorHover\\u0022:\\u0022rgba(0,0,0,1)\\u0022,\\u0022collectionthumbColorsFilter\\u0022:\\u0022none\\u0022,\\u0022sliderItemBgColor\\u0022:\\u0022rgba(0,0,0,0)\\u0022,\\u0022sliderItemBorderColor\\u0022:\\u0022rgba(255,255,255,1)\\u0022,\\u0022sliderItemBorderWidth\\u0022:0,\\u0022sliderItemFill\\u0022:\\u0022true\\u0022,\\u0022sliderMaxHeight\\u0022:360,\\u0022sliderAdminWidth\\u0022:840,\\u0022responsiveHeight\\u0022:false,\\u0022collectionColumns\\u0022:3,\\u0022sliderAnimation\\u0022:\\u0022animation\\u0022,\\u0022sliderNextPrevNavigation\\u0022:true,\\u0022sliderNextPrevBgColor\\u0022:\\u0022rgba(255,255,255,1)\\u0022,\\u0022sliderNextPrevBgColorHover\\u0022:\\u0022rgba(0,0,0,1)\\u0022,\\u0022sliderNextPrevIconColor\\u0022:\\u0022rgba(0,0,0,1)\\u0022,\\u0022sliderNextPrevIconColorHover\\u0022:\\u0022rgba(255,255,255,1)\\u0022,\\u0022sliderThumbsNavi\\u0022:true,\\u0022sliderThumbsNaviColor\\u0022:\\u0022rgba(255,255,255,1)\\u0022,\\u0022sliderDotNavi\\u0022:false,\\u0022sliderDotNaviBgColor\\u0022:\\u0022rgba(0,0,0,.4)\\u0022,\\u0022sliderDotNaviBgColorHover\\u0022:\\u0022rgba(255,255,255,1)\\u0022,\\u0022autoPlay\\u0022:false,\\u0022autoPlayDelay\\u0022:4,\\u0022autoPlayMouseStoper\\u0022:true,\\u0022settingsModalIsOpen\\u0022:false,\\u0022galleryType\\u0022:\\u0022pgc_sgb_slider\\u0022,\\u0022align\\u0022:\\u0022\\u0022,\\u0022galleryId\\u0022:\\u002225059379\\u0022,\\u0022tagsListCustomMode\\u0022:false,\\u0022initGalleryByFirstTag\\u0022:false,\\u0022deepLinkingForTag\\u0022:false,\\u0022galleryTagsList\\u0022:[],\\u0022useClobalSettings\\u0022:false,\\u0022orderBy\\u0022:\\u0022custom\\u0022,\\u0022deepLinking\\u0022:false,\\u0022useLightbox\\u0022:true,\\u0022thumbClickAction\\u0022:\\u0022useLightbox\\u0022,\\u0022numItemsDisplayed\\u0022:0,\\u0022lazyLoading\\u0022:true,\\u0022contentNoPadding\\u0022:false,\\u0022galleryPreloaderColor\\u0022:\\u0022rgba(230,230,230,1)\\u0022,\\u0022galleryBgColor\\u0022:\\u0022rgba(0,0,0,0)\\u0022,\\u0022galleryBorderRadius\\u0022:0,\\u0022customCSS\\u0022:\\u0022\\u0022,\\u0022tagsFilter\\u0022:false,\\u0022tagCloudAll\\u0022:\\u0022All\\u0022,\\u0022tagCloudBgColor\\u0022:\\u0022rgba(153,153,153,1)\\u0022,\\u0022tagCloudBgColorOver\\u0022:\\u0022rgba(253,253,253,1)\\u0022,\\u0022tagCloudTextColor\\u0022:\\u0022rgba(253,253,253,1)\\u0022,\\u0022tagCloudTextColorOver\\u0022:\\u0022rgba(153,153,153,1)\\u0022,\\u0022tagCloudFontSize\\u0022:16,\\u0022modaBgColor\\u0022:\\u0022rgba(0,0,0,0.8)\\u0022,\\u0022modalIconColor\\u0022:\\u0022rgba(255,255,255,1)\\u0022,\\u0022modalIconColorHover\\u0022:\\u0022rgba(255,255,255,0.8)\\u0022,\\u0022shareFacebook\\u0022:true,\\u0022shareTwitter\\u0022:true,\\u0022sharePinterest\\u0022:true,\\u0022sliderItemDownload\\u0022:true,\\u0022shareCopyLink\\u0022:true,\\u0022sharePost\\u0022:\\u0022sharelink\\u0022,\\u0022copyRProtection\\u0022:false,\\u0022copyRAlert\\u0022:\\u0022Hello, this photo is mine!\\u0022,\\u0022sliderScrollNavi\\u0022:false,\\u0022sliderFullSizeViewMode\\u0022:false,\\u0022sliderNextPrevAnimation\\u0022:\\u0022animation\\u0022,\\u0022galleryScrollPositionControll\\u0022:false,\\u0022sliderVideoAutoPlay\\u0022:false,\\u0022sliderTryPlayNext\\u0022:false,\\u0022sliderVideoLoop\\u0022:false,\\u0022sliderItemCounterEnable\\u0022:true,\\u0022sliderCaptionSrc\\u0022:\\u0022caption\\u0022,\\u0022sliderItemTitleEnable\\u0022:false,\\u0022sliderItemTitleFontSize\\u0022:18,\\u0022sliderItemTitleTextColor\\u0022:\\u0022rgba(255,255,255,1)\\u0022,\\u0022itemCounterColor\\u0022:\\u0022rgba(255,255,255,1)\\u0022,\\u0022sliderThumbBarEnable\\u0022:true,\\u0022sliderThumbBarHoverColor\\u0022:\\u0022rgba(240,240,240,1)\\u0022,\\u0022sliderBgColor\\u0022:\\u0022rgba(0,0,0,0.8)\\u0022,\\u0022sliderPreloaderColor\\u0022:\\u0022rgba(240,240,240,1)\\u0022,\\u0022sliderHeaderFooterBgColor\\u0022:\\u0022rgba(0,0,0,0.4)\\u0022,\\u0022sliderNavigationColor\\u0022:\\u0022rgba(0,0,0,1)\\u0022,\\u0022sliderNavigationColorOver\\u0022:\\u0022rgba(255,255,255,1)\\u0022,\\u0022sliderNavigationIconColor\\u0022:\\u0022rgba(255,255,255,1)\\u0022,\\u0022sliderNavigationIconColorOver\\u0022:\\u0022rgba(0,0,0,1)\\u0022,\\u0022sliderSlideshow\\u0022:true,\\u0022sliderSlideshowDelay\\u0022:8,\\u0022slideshowIndicatorColor\\u0022:\\u0022rgba(255,255,255,1)\\u0022,\\u0022slideshowIndicatorColorBg\\u0022:\\u0022rgba(255,255,255,0.5)\\u0022,\\u0022sliderThumbSubMenuBackgroundColor\\u0022:\\u0022rgba(255,255,255,0)\\u0022,\\u0022sliderThumbSubMenuBackgroundColorOver\\u0022:\\u0022rgba(255,255,255,1)\\u0022,\\u0022sliderThumbSubMenuIconColor\\u0022:\\u0022rgba(255,255,255,1)\\u0022,\\u0022sliderThumbSubMenuIconHoverColor\\u0022:\\u0022rgba(0,0,0,1)\\u0022,\\u0022sliderSocialShareEnabled\\u0022:true,\\u0022sliderZoomEnable\\u0022:true,\\u0022sliderFullscreenEnabled\\u0022:true,\\u0022wpum_restrict_type\\u0022:\\u0022wpum_restrict_type_state\\u0022,\\u0022wpum_restrict_state\\u0022:\\u0022\\u0022,\\u0022wpum_restrict_show_message\\u0022:true,\\u0022skin\\u0022:\\u0022slider\\u0022}\",\"wpum_restrict_type\":\"wpum_restrict_type_state\",\"wpum_hide_state_in\":false,\"wpum_hide_state_out\":false}<\/script><script>(function(){if(window.PGC_SGB && window.PGC_SGB.searcher){window.PGC_SGB.searcher.initBlocks()}})()<\/script><\/div>","protected":false},"excerpt":{"rendered":"<p>&#8222;Sonntag fahren wir zum VfL L\u00fcneburg und fahren die RTF in ATLANTE-Trikotagen!&#8220;So lautete unser Motto und bei superblauem Himmel und Sonne pur, ging es f\u00fcr Marco und mich p\u00fcnktlich um 9Uhr los. Sch\u00f6ne h\u00fcgelige Landschaften, ca. 740hm auf 116km!Marco schloss sich einer schnellen Gruppe an, aber mein Leistungsniveau war etwas abgeschlagen nach dem ich in [&hellip;]<\/p>\n","protected":false},"author":11,"featured_media":1634,"comment_status":"open","ping_status":"open","sticky":false,"template":"","format":"standard","meta":{"_crdt_document":"","pgc_sgb_lightbox_settings":"","footnotes":""},"categories":[58],"tags":[],"class_list":["post-1629","post","type-post","status-publish","format-standard","has-post-thumbnail","hentry","category-atlante-team"],"yoast_head":"<!-- This site is optimized with the Yoast SEO plugin v27.5 - https:\/\/yoast.com\/product\/yoast-seo-wordpress\/ -->\n<title>Erstes Wiedersehen nach dem Trainingslager, ist vor dem Trainingslager! - SV S\u00fclfeld<\/title>\n<meta name=\"robots\" content=\"index, follow, max-snippet:-1, max-image-preview:large, max-video-preview:-1\" \/>\n<link rel=\"canonical\" href=\"https:\/\/www.svsuelfeld.de\/?p=1629\" \/>\n<meta property=\"og:locale\" content=\"de_DE\" \/>\n<meta property=\"og:type\" content=\"article\" \/>\n<meta property=\"og:title\" content=\"Erstes Wiedersehen nach dem Trainingslager, ist vor dem Trainingslager! - SV S\u00fclfeld\" \/>\n<meta property=\"og:description\" content=\"&#8222;Sonntag fahren wir zum VfL L\u00fcneburg und fahren die RTF in ATLANTE-Trikotagen!&#8220;So lautete unser Motto und bei superblauem Himmel und Sonne pur, ging es f\u00fcr Marco und mich p\u00fcnktlich um 9Uhr los. Sch\u00f6ne h\u00fcgelige Landschaften, ca. 740hm auf 116km!Marco schloss sich einer schnellen Gruppe an, aber mein Leistungsniveau war etwas abgeschlagen nach dem ich in [&hellip;]\" \/>\n<meta property=\"og:url\" content=\"https:\/\/www.svsuelfeld.de\/?p=1629\" \/>\n<meta property=\"og:site_name\" content=\"SV S\u00fclfeld\" \/>\n<meta property=\"article:publisher\" content=\"https:\/\/de-de.facebook.com\/svsuelfeld\/\" \/>\n<meta property=\"article:published_time\" content=\"2022-05-15T18:32:00+00:00\" \/>\n<meta property=\"article:modified_time\" content=\"2022-09-26T15:09:01+00:00\" \/>\n<meta property=\"og:image\" content=\"https:\/\/www.svsuelfeld.de\/wp-content\/uploads\/2022\/05\/IMG_1998-824x1024.jpeg\" \/>\n\t<meta property=\"og:image:width\" content=\"824\" \/>\n\t<meta property=\"og:image:height\" content=\"1024\" \/>\n\t<meta property=\"og:image:type\" content=\"image\/jpeg\" \/>\n<meta name=\"author\" content=\"radsport\" \/>\n<meta name=\"twitter:card\" content=\"summary_large_image\" \/>\n<meta name=\"twitter:label1\" content=\"Verfasst von\" \/>\n\t<meta name=\"twitter:data1\" content=\"radsport\" \/>\n\t<meta name=\"twitter:label2\" content=\"Gesch\u00e4tzte Lesezeit\" \/>\n\t<meta name=\"twitter:data2\" content=\"3\u00a0Minuten\" \/>\n<script type=\"application\/ld+json\" class=\"yoast-schema-graph\">{\"@context\":\"https:\\\/\\\/schema.org\",\"@graph\":[{\"@type\":\"Article\",\"@id\":\"https:\\\/\\\/www.svsuelfeld.de\\\/?p=1629#article\",\"isPartOf\":{\"@id\":\"https:\\\/\\\/www.svsuelfeld.de\\\/?p=1629\"},\"author\":{\"name\":\"radsport\",\"@id\":\"https:\\\/\\\/www.svsuelfeld.de\\\/#\\\/schema\\\/person\\\/415a1ff3ea8d7a36cfbaf9bc66c7c689\"},\"headline\":\"Erstes Wiedersehen nach dem Trainingslager, ist vor dem Trainingslager!\",\"datePublished\":\"2022-05-15T18:32:00+00:00\",\"dateModified\":\"2022-09-26T15:09:01+00:00\",\"mainEntityOfPage\":{\"@id\":\"https:\\\/\\\/www.svsuelfeld.de\\\/?p=1629\"},\"wordCount\":192,\"commentCount\":0,\"publisher\":{\"@id\":\"https:\\\/\\\/www.svsuelfeld.de\\\/#organization\"},\"image\":{\"@id\":\"https:\\\/\\\/www.svsuelfeld.de\\\/?p=1629#primaryimage\"},\"thumbnailUrl\":\"https:\\\/\\\/www.svsuelfeld.de\\\/wp-content\\\/uploads\\\/2022\\\/05\\\/IMG_1998.jpeg\",\"articleSection\":[\"Atlante-Team\"],\"inLanguage\":\"de\",\"potentialAction\":[{\"@type\":\"CommentAction\",\"name\":\"Comment\",\"target\":[\"https:\\\/\\\/www.svsuelfeld.de\\\/?p=1629#respond\"]}]},{\"@type\":\"WebPage\",\"@id\":\"https:\\\/\\\/www.svsuelfeld.de\\\/?p=1629\",\"url\":\"https:\\\/\\\/www.svsuelfeld.de\\\/?p=1629\",\"name\":\"Erstes Wiedersehen nach dem Trainingslager, ist vor dem Trainingslager! - SV S\u00fclfeld\",\"isPartOf\":{\"@id\":\"https:\\\/\\\/www.svsuelfeld.de\\\/#website\"},\"primaryImageOfPage\":{\"@id\":\"https:\\\/\\\/www.svsuelfeld.de\\\/?p=1629#primaryimage\"},\"image\":{\"@id\":\"https:\\\/\\\/www.svsuelfeld.de\\\/?p=1629#primaryimage\"},\"thumbnailUrl\":\"https:\\\/\\\/www.svsuelfeld.de\\\/wp-content\\\/uploads\\\/2022\\\/05\\\/IMG_1998.jpeg\",\"datePublished\":\"2022-05-15T18:32:00+00:00\",\"dateModified\":\"2022-09-26T15:09:01+00:00\",\"breadcrumb\":{\"@id\":\"https:\\\/\\\/www.svsuelfeld.de\\\/?p=1629#breadcrumb\"},\"inLanguage\":\"de\",\"potentialAction\":[{\"@type\":\"ReadAction\",\"target\":[\"https:\\\/\\\/www.svsuelfeld.de\\\/?p=1629\"]}]},{\"@type\":\"ImageObject\",\"inLanguage\":\"de\",\"@id\":\"https:\\\/\\\/www.svsuelfeld.de\\\/?p=1629#primaryimage\",\"url\":\"https:\\\/\\\/www.svsuelfeld.de\\\/wp-content\\\/uploads\\\/2022\\\/05\\\/IMG_1998.jpeg\",\"contentUrl\":\"https:\\\/\\\/www.svsuelfeld.de\\\/wp-content\\\/uploads\\\/2022\\\/05\\\/IMG_1998.jpeg\",\"width\":2000,\"height\":2486,\"caption\":\"v. links Marco, Ole &amp; J\u00f6rg\"},{\"@type\":\"BreadcrumbList\",\"@id\":\"https:\\\/\\\/www.svsuelfeld.de\\\/?p=1629#breadcrumb\",\"itemListElement\":[{\"@type\":\"ListItem\",\"position\":1,\"name\":\"Startseite\",\"item\":\"https:\\\/\\\/www.svsuelfeld.de\\\/\"},{\"@type\":\"ListItem\",\"position\":2,\"name\":\"Erstes Wiedersehen nach dem Trainingslager, ist vor dem Trainingslager!\"}]},{\"@type\":\"WebSite\",\"@id\":\"https:\\\/\\\/www.svsuelfeld.de\\\/#website\",\"url\":\"https:\\\/\\\/www.svsuelfeld.de\\\/\",\"name\":\"SV S\u00fclfeld\",\"description\":\"...mehr S\u00fclfeld geht nicht\",\"publisher\":{\"@id\":\"https:\\\/\\\/www.svsuelfeld.de\\\/#organization\"},\"potentialAction\":[{\"@type\":\"SearchAction\",\"target\":{\"@type\":\"EntryPoint\",\"urlTemplate\":\"https:\\\/\\\/www.svsuelfeld.de\\\/?s={search_term_string}\"},\"query-input\":{\"@type\":\"PropertyValueSpecification\",\"valueRequired\":true,\"valueName\":\"search_term_string\"}}],\"inLanguage\":\"de\"},{\"@type\":\"Organization\",\"@id\":\"https:\\\/\\\/www.svsuelfeld.de\\\/#organization\",\"name\":\"SV S\u00fclfeld\",\"url\":\"https:\\\/\\\/www.svsuelfeld.de\\\/\",\"logo\":{\"@type\":\"ImageObject\",\"inLanguage\":\"de\",\"@id\":\"https:\\\/\\\/www.svsuelfeld.de\\\/#\\\/schema\\\/logo\\\/image\\\/\",\"url\":\"https:\\\/\\\/www.svsuelfeld.de\\\/wp-content\\\/uploads\\\/2022\\\/06\\\/cropped-svs-logo.png\",\"contentUrl\":\"https:\\\/\\\/www.svsuelfeld.de\\\/wp-content\\\/uploads\\\/2022\\\/06\\\/cropped-svs-logo.png\",\"width\":210,\"height\":210,\"caption\":\"SV S\u00fclfeld\"},\"image\":{\"@id\":\"https:\\\/\\\/www.svsuelfeld.de\\\/#\\\/schema\\\/logo\\\/image\\\/\"},\"sameAs\":[\"https:\\\/\\\/de-de.facebook.com\\\/svsuelfeld\\\/\"]},{\"@type\":\"Person\",\"@id\":\"https:\\\/\\\/www.svsuelfeld.de\\\/#\\\/schema\\\/person\\\/415a1ff3ea8d7a36cfbaf9bc66c7c689\",\"name\":\"radsport\",\"image\":{\"@type\":\"ImageObject\",\"inLanguage\":\"de\",\"@id\":\"https:\\\/\\\/secure.gravatar.com\\\/avatar\\\/3eaa8b5c6f6f5e0be342b93ecba3bf6462e79862855ffc307d9fdc6b7cc73849?s=96&d=mm&r=g\",\"url\":\"https:\\\/\\\/secure.gravatar.com\\\/avatar\\\/3eaa8b5c6f6f5e0be342b93ecba3bf6462e79862855ffc307d9fdc6b7cc73849?s=96&d=mm&r=g\",\"contentUrl\":\"https:\\\/\\\/secure.gravatar.com\\\/avatar\\\/3eaa8b5c6f6f5e0be342b93ecba3bf6462e79862855ffc307d9fdc6b7cc73849?s=96&d=mm&r=g\",\"caption\":\"radsport\"},\"url\":\"https:\\\/\\\/www.svsuelfeld.de\\\/?author=11\"}]}<\/script>\n<!-- \/ Yoast SEO plugin. -->","yoast_head_json":{"title":"Erstes Wiedersehen nach dem Trainingslager, ist vor dem Trainingslager! - SV S\u00fclfeld","robots":{"index":"index","follow":"follow","max-snippet":"max-snippet:-1","max-image-preview":"max-image-preview:large","max-video-preview":"max-video-preview:-1"},"canonical":"https:\/\/www.svsuelfeld.de\/?p=1629","og_locale":"de_DE","og_type":"article","og_title":"Erstes Wiedersehen nach dem Trainingslager, ist vor dem Trainingslager! - SV S\u00fclfeld","og_description":"&#8222;Sonntag fahren wir zum VfL L\u00fcneburg und fahren die RTF in ATLANTE-Trikotagen!&#8220;So lautete unser Motto und bei superblauem Himmel und Sonne pur, ging es f\u00fcr Marco und mich p\u00fcnktlich um 9Uhr los. Sch\u00f6ne h\u00fcgelige Landschaften, ca. 740hm auf 116km!Marco schloss sich einer schnellen Gruppe an, aber mein Leistungsniveau war etwas abgeschlagen nach dem ich in [&hellip;]","og_url":"https:\/\/www.svsuelfeld.de\/?p=1629","og_site_name":"SV S\u00fclfeld","article_publisher":"https:\/\/de-de.facebook.com\/svsuelfeld\/","article_published_time":"2022-05-15T18:32:00+00:00","article_modified_time":"2022-09-26T15:09:01+00:00","og_image":[{"width":824,"height":1024,"url":"https:\/\/www.svsuelfeld.de\/wp-content\/uploads\/2022\/05\/IMG_1998-824x1024.jpeg","type":"image\/jpeg"}],"author":"radsport","twitter_card":"summary_large_image","twitter_misc":{"Verfasst von":"radsport","Gesch\u00e4tzte Lesezeit":"3\u00a0Minuten"},"schema":{"@context":"https:\/\/schema.org","@graph":[{"@type":"Article","@id":"https:\/\/www.svsuelfeld.de\/?p=1629#article","isPartOf":{"@id":"https:\/\/www.svsuelfeld.de\/?p=1629"},"author":{"name":"radsport","@id":"https:\/\/www.svsuelfeld.de\/#\/schema\/person\/415a1ff3ea8d7a36cfbaf9bc66c7c689"},"headline":"Erstes Wiedersehen nach dem Trainingslager, ist vor dem Trainingslager!","datePublished":"2022-05-15T18:32:00+00:00","dateModified":"2022-09-26T15:09:01+00:00","mainEntityOfPage":{"@id":"https:\/\/www.svsuelfeld.de\/?p=1629"},"wordCount":192,"commentCount":0,"publisher":{"@id":"https:\/\/www.svsuelfeld.de\/#organization"},"image":{"@id":"https:\/\/www.svsuelfeld.de\/?p=1629#primaryimage"},"thumbnailUrl":"https:\/\/www.svsuelfeld.de\/wp-content\/uploads\/2022\/05\/IMG_1998.jpeg","articleSection":["Atlante-Team"],"inLanguage":"de","potentialAction":[{"@type":"CommentAction","name":"Comment","target":["https:\/\/www.svsuelfeld.de\/?p=1629#respond"]}]},{"@type":"WebPage","@id":"https:\/\/www.svsuelfeld.de\/?p=1629","url":"https:\/\/www.svsuelfeld.de\/?p=1629","name":"Erstes Wiedersehen nach dem Trainingslager, ist vor dem Trainingslager! - SV S\u00fclfeld","isPartOf":{"@id":"https:\/\/www.svsuelfeld.de\/#website"},"primaryImageOfPage":{"@id":"https:\/\/www.svsuelfeld.de\/?p=1629#primaryimage"},"image":{"@id":"https:\/\/www.svsuelfeld.de\/?p=1629#primaryimage"},"thumbnailUrl":"https:\/\/www.svsuelfeld.de\/wp-content\/uploads\/2022\/05\/IMG_1998.jpeg","datePublished":"2022-05-15T18:32:00+00:00","dateModified":"2022-09-26T15:09:01+00:00","breadcrumb":{"@id":"https:\/\/www.svsuelfeld.de\/?p=1629#breadcrumb"},"inLanguage":"de","potentialAction":[{"@type":"ReadAction","target":["https:\/\/www.svsuelfeld.de\/?p=1629"]}]},{"@type":"ImageObject","inLanguage":"de","@id":"https:\/\/www.svsuelfeld.de\/?p=1629#primaryimage","url":"https:\/\/www.svsuelfeld.de\/wp-content\/uploads\/2022\/05\/IMG_1998.jpeg","contentUrl":"https:\/\/www.svsuelfeld.de\/wp-content\/uploads\/2022\/05\/IMG_1998.jpeg","width":2000,"height":2486,"caption":"v. links Marco, Ole &amp; J\u00f6rg"},{"@type":"BreadcrumbList","@id":"https:\/\/www.svsuelfeld.de\/?p=1629#breadcrumb","itemListElement":[{"@type":"ListItem","position":1,"name":"Startseite","item":"https:\/\/www.svsuelfeld.de\/"},{"@type":"ListItem","position":2,"name":"Erstes Wiedersehen nach dem Trainingslager, ist vor dem Trainingslager!"}]},{"@type":"WebSite","@id":"https:\/\/www.svsuelfeld.de\/#website","url":"https:\/\/www.svsuelfeld.de\/","name":"SV S\u00fclfeld","description":"...mehr S\u00fclfeld geht nicht","publisher":{"@id":"https:\/\/www.svsuelfeld.de\/#organization"},"potentialAction":[{"@type":"SearchAction","target":{"@type":"EntryPoint","urlTemplate":"https:\/\/www.svsuelfeld.de\/?s={search_term_string}"},"query-input":{"@type":"PropertyValueSpecification","valueRequired":true,"valueName":"search_term_string"}}],"inLanguage":"de"},{"@type":"Organization","@id":"https:\/\/www.svsuelfeld.de\/#organization","name":"SV S\u00fclfeld","url":"https:\/\/www.svsuelfeld.de\/","logo":{"@type":"ImageObject","inLanguage":"de","@id":"https:\/\/www.svsuelfeld.de\/#\/schema\/logo\/image\/","url":"https:\/\/www.svsuelfeld.de\/wp-content\/uploads\/2022\/06\/cropped-svs-logo.png","contentUrl":"https:\/\/www.svsuelfeld.de\/wp-content\/uploads\/2022\/06\/cropped-svs-logo.png","width":210,"height":210,"caption":"SV S\u00fclfeld"},"image":{"@id":"https:\/\/www.svsuelfeld.de\/#\/schema\/logo\/image\/"},"sameAs":["https:\/\/de-de.facebook.com\/svsuelfeld\/"]},{"@type":"Person","@id":"https:\/\/www.svsuelfeld.de\/#\/schema\/person\/415a1ff3ea8d7a36cfbaf9bc66c7c689","name":"radsport","image":{"@type":"ImageObject","inLanguage":"de","@id":"https:\/\/secure.gravatar.com\/avatar\/3eaa8b5c6f6f5e0be342b93ecba3bf6462e79862855ffc307d9fdc6b7cc73849?s=96&d=mm&r=g","url":"https:\/\/secure.gravatar.com\/avatar\/3eaa8b5c6f6f5e0be342b93ecba3bf6462e79862855ffc307d9fdc6b7cc73849?s=96&d=mm&r=g","contentUrl":"https:\/\/secure.gravatar.com\/avatar\/3eaa8b5c6f6f5e0be342b93ecba3bf6462e79862855ffc307d9fdc6b7cc73849?s=96&d=mm&r=g","caption":"radsport"},"url":"https:\/\/www.svsuelfeld.de\/?author=11"}]}},"publishpress_future_action":{"enabled":false,"date":"2026-05-08 10:53:19","action":"change-status","newStatus":"draft","terms":[],"taxonomy":"category","extraData":[]},"publishpress_future_workflow_manual_trigger":{"enabledWorkflows":[]},"_links":{"self":[{"href":"https:\/\/www.svsuelfeld.de\/index.php?rest_route=\/wp\/v2\/posts\/1629","targetHints":{"allow":["GET"]}}],"collection":[{"href":"https:\/\/www.svsuelfeld.de\/index.php?rest_route=\/wp\/v2\/posts"}],"about":[{"href":"https:\/\/www.svsuelfeld.de\/index.php?rest_route=\/wp\/v2\/types\/post"}],"author":[{"embeddable":true,"href":"https:\/\/www.svsuelfeld.de\/index.php?rest_route=\/wp\/v2\/users\/11"}],"replies":[{"embeddable":true,"href":"https:\/\/www.svsuelfeld.de\/index.php?rest_route=%2Fwp%2Fv2%2Fcomments&post=1629"}],"version-history":[{"count":9,"href":"https:\/\/www.svsuelfeld.de\/index.php?rest_route=\/wp\/v2\/posts\/1629\/revisions"}],"predecessor-version":[{"id":1645,"href":"https:\/\/www.svsuelfeld.de\/index.php?rest_route=\/wp\/v2\/posts\/1629\/revisions\/1645"}],"wp:featuredmedia":[{"embeddable":true,"href":"https:\/\/www.svsuelfeld.de\/index.php?rest_route=\/wp\/v2\/media\/1634"}],"wp:attachment":[{"href":"https:\/\/www.svsuelfeld.de\/index.php?rest_route=%2Fwp%2Fv2%2Fmedia&parent=1629"}],"wp:term":[{"taxonomy":"category","embeddable":true,"href":"https:\/\/www.svsuelfeld.de\/index.php?rest_route=%2Fwp%2Fv2%2Fcategories&post=1629"},{"taxonomy":"post_tag","embeddable":true,"href":"https:\/\/www.svsuelfeld.de\/index.php?rest_route=%2Fwp%2Fv2%2Ftags&post=1629"}],"curies":[{"name":"wp","href":"https:\/\/api.w.org\/{rel}","templated":true}]}}