{"id":1668,"date":"2022-05-31T20:34:16","date_gmt":"2022-05-31T18:34:16","guid":{"rendered":"https:\/\/www.svsuelfeld.de\/?p=1668"},"modified":"2022-06-30T16:38:57","modified_gmt":"2022-06-30T14:38:57","slug":"sturmerprobt-und-fern-der-heimat","status":"publish","type":"post","link":"https:\/\/www.svsuelfeld.de\/?p=1668","title":{"rendered":"Sturmerprobt und fern der Heimat"},"content":{"rendered":"\n<p class=\"wp-block-paragraph\">St\u00fcrmische B\u00f6en peitschen \u00fcber die See. Immer wieder \u00f6ffnen die Wolken ihre Schleusen. Wei\u00dfe Gischt tanzt auf den Wellen. Ok, statt die See muss es eigentlich die Seen hei\u00dfen. Wir sind schlie\u00dflich an der Mecklenburger Seenplatte und der Gro\u00dfteil des Regens ist auch schon gestern runtergekommen. Aber die steife Brise mit st\u00fcrmischen B\u00f6en ist geblieben.<br>Ist ja auch nicht schlimm, sind ja nur 300 Kilometer, die wir im Rahmen der Mecklenburger Seenrunde abrei\u00dfen wollen. Wir, das sind Fredrik, Thomas und Wolfgang, die heute die Farben des SVS vertreten.<br>Los geht es morgens um 05:00 Uhr auf der Festwiese in Neubrandenburg. Sch\u00f6n mit Countdown f\u00fcr unseren Startblock. Entspannt geht\u2019s los raus aus der Stadt. Die erste steile Rampe nach 2,5 Kilometern macht die Beine warm und den Kopf wach. \u00dcber sanft geschwungene H\u00fcgel mit z.T. ziemlich \u00fcblem Asphalt geht es gen Westen. Immer sch\u00f6n dem Wind entgegen. Wir segeln quasi immer hart am Wind durch die kabbelige See.<br><br>Die Verpflegungsstationen sind wie \u00fcblich gut best\u00fcckt und die Stimmung ist bestens. Vorbei an den vielen Seen der Umgebung fahren wir auf der gut ausgeschilderten Strecke durch die sch\u00f6ne Landschaft. Und Landschaft haben die hier jede Menge!<br>Besonderes Highlight ist die Verpflegungsstation in Schwarz, sch\u00f6n mit Lagerfeuer am See. Wer hier zu dicht rangeht, hat nachher sicher gro\u00dfe Schwierigkeiten die geschmolzenen Radklamotten wieder vom K\u00f6rper zu bekommen. Auch sch\u00f6n ist die Fahrt vorbei am Lenzer Krug am Plauer See. Das Gef\u00fchl muss man sich unbedingt bewahren, denn die Strecke danach ist eher f\u00fcr Mountainbikes geeignet. Aber landschaftlich sehr reizvoll.<br><br>Hin und wieder kommen jetzt sogar mal ein paar Meter mit R\u00fcckenwind. Sehr angenehm! Aber die Wellen bleiben und es zieht sich. Da kommen die Anfeuerungen in den Orten Blankenhof und Chemnitz gerade recht. Unfassbar, was die hier den ganzen Tag f\u00fcr eine Stimmung machen. Noch 2 \u00fcble H\u00fcgel und dann in Schussfahrt zur\u00fcck ins Ziel, wo der Kommentator den SV S\u00fclfeld euphorisch begr\u00fc\u00dft. So soll es doch sein!<br>Super Fahrt, super Veranstaltung, super anstrengend, super spa\u00dfig! N\u00e4chstes Jahr wieder!<br><br><br><\/p>\n\n\n\n<figure class=\"wp-block-image size-large\"><img loading=\"lazy\" decoding=\"async\" width=\"1024\" height=\"768\" src=\"https:\/\/www.svsuelfeld.de\/wp-content\/uploads\/2022\/05\/image0-4-1024x768.jpeg\" alt=\"\" class=\"wp-image-1672\" srcset=\"https:\/\/www.svsuelfeld.de\/wp-content\/uploads\/2022\/05\/image0-4-1024x768.jpeg 1024w, https:\/\/www.svsuelfeld.de\/wp-content\/uploads\/2022\/05\/image0-4-300x225.jpeg 300w, https:\/\/www.svsuelfeld.de\/wp-content\/uploads\/2022\/05\/image0-4-768x576.jpeg 768w, https:\/\/www.svsuelfeld.de\/wp-content\/uploads\/2022\/05\/image0-4-1536x1152.jpeg 1536w, https:\/\/www.svsuelfeld.de\/wp-content\/uploads\/2022\/05\/image0-4-rotated.jpeg 1544w\" sizes=\"auto, (max-width: 1024px) 100vw, 1024px\" \/><\/figure>\n\n\n\n<figure class=\"wp-block-image size-large\"><img loading=\"lazy\" decoding=\"async\" width=\"1024\" height=\"768\" src=\"https:\/\/www.svsuelfeld.de\/wp-content\/uploads\/2022\/05\/image1-4-1024x768.jpeg\" alt=\"\" class=\"wp-image-1671\" srcset=\"https:\/\/www.svsuelfeld.de\/wp-content\/uploads\/2022\/05\/image1-4-1024x768.jpeg 1024w, https:\/\/www.svsuelfeld.de\/wp-content\/uploads\/2022\/05\/image1-4-300x225.jpeg 300w, https:\/\/www.svsuelfeld.de\/wp-content\/uploads\/2022\/05\/image1-4-768x576.jpeg 768w, https:\/\/www.svsuelfeld.de\/wp-content\/uploads\/2022\/05\/image1-4-1536x1152.jpeg 1536w, https:\/\/www.svsuelfeld.de\/wp-content\/uploads\/2022\/05\/image1-4.jpeg 2016w\" sizes=\"auto, (max-width: 1024px) 100vw, 1024px\" \/><\/figure>\n\n\n\n<p class=\"wp-block-paragraph\"><\/p>\n\n\n\n<figure class=\"wp-block-image size-large\"><img loading=\"lazy\" decoding=\"async\" width=\"1024\" height=\"768\" src=\"https:\/\/www.svsuelfeld.de\/wp-content\/uploads\/2022\/05\/grafik-1024x768.png\" alt=\"\" class=\"wp-image-1669\" srcset=\"https:\/\/www.svsuelfeld.de\/wp-content\/uploads\/2022\/05\/grafik-1024x768.png 1024w, https:\/\/www.svsuelfeld.de\/wp-content\/uploads\/2022\/05\/grafik-300x225.png 300w, https:\/\/www.svsuelfeld.de\/wp-content\/uploads\/2022\/05\/grafik-768x576.png 768w, https:\/\/www.svsuelfeld.de\/wp-content\/uploads\/2022\/05\/grafik-1536x1152.png 1536w, https:\/\/www.svsuelfeld.de\/wp-content\/uploads\/2022\/05\/grafik.png 1600w\" sizes=\"auto, (max-width: 1024px) 100vw, 1024px\" \/><\/figure>\n","protected":false},"excerpt":{"rendered":"<p>St\u00fcrmische B\u00f6en peitschen \u00fcber die See. Immer wieder \u00f6ffnen die Wolken ihre Schleusen. Wei\u00dfe Gischt tanzt auf den Wellen. Ok, statt die See muss es eigentlich die Seen hei\u00dfen. Wir sind schlie\u00dflich an der Mecklenburger Seenplatte und der Gro\u00dfteil des Regens ist auch schon gestern runtergekommen. Aber die steife Brise mit st\u00fcrmischen B\u00f6en ist geblieben.Ist [&hellip;]<\/p>\n","protected":false},"author":11,"featured_media":1670,"comment_status":"open","ping_status":"open","sticky":false,"template":"","format":"standard","meta":{"_crdt_document":"","pgc_sgb_lightbox_settings":"","footnotes":""},"categories":[17],"tags":[],"class_list":["post-1668","post","type-post","status-publish","format-standard","has-post-thumbnail","hentry","category-radsport"],"yoast_head":"<!-- This site is optimized with the Yoast SEO plugin v27.5 - https:\/\/yoast.com\/product\/yoast-seo-wordpress\/ -->\n<title>Sturmerprobt und fern der Heimat - SV S\u00fclfeld<\/title>\n<meta name=\"robots\" content=\"index, follow, max-snippet:-1, max-image-preview:large, max-video-preview:-1\" \/>\n<link rel=\"canonical\" href=\"https:\/\/www.svsuelfeld.de\/?p=1668\" \/>\n<meta property=\"og:locale\" content=\"de_DE\" \/>\n<meta property=\"og:type\" content=\"article\" \/>\n<meta property=\"og:title\" content=\"Sturmerprobt und fern der Heimat - SV S\u00fclfeld\" \/>\n<meta property=\"og:description\" content=\"St\u00fcrmische B\u00f6en peitschen \u00fcber die See. Immer wieder \u00f6ffnen die Wolken ihre Schleusen. Wei\u00dfe Gischt tanzt auf den Wellen. Ok, statt die See muss es eigentlich die Seen hei\u00dfen. Wir sind schlie\u00dflich an der Mecklenburger Seenplatte und der Gro\u00dfteil des Regens ist auch schon gestern runtergekommen. Aber die steife Brise mit st\u00fcrmischen B\u00f6en ist geblieben.Ist [&hellip;]\" \/>\n<meta property=\"og:url\" content=\"https:\/\/www.svsuelfeld.de\/?p=1668\" \/>\n<meta property=\"og:site_name\" content=\"SV S\u00fclfeld\" \/>\n<meta property=\"article:publisher\" content=\"https:\/\/de-de.facebook.com\/svsuelfeld\/\" \/>\n<meta property=\"article:published_time\" content=\"2022-05-31T18:34:16+00:00\" \/>\n<meta property=\"article:modified_time\" content=\"2022-06-30T14:38:57+00:00\" \/>\n<meta property=\"og:image\" content=\"https:\/\/www.svsuelfeld.de\/wp-content\/uploads\/2022\/05\/YKjl-2lwXwG-tFLouvPLg8kCAhlBZfFT-tpv-LqfeJI-2048x1536-1.jpg\" \/>\n\t<meta property=\"og:image:width\" content=\"1600\" \/>\n\t<meta property=\"og:image:height\" content=\"1200\" \/>\n\t<meta property=\"og:image:type\" content=\"image\/jpeg\" \/>\n<meta name=\"author\" content=\"radsport\" \/>\n<meta name=\"twitter:card\" content=\"summary_large_image\" \/>\n<meta name=\"twitter:label1\" content=\"Verfasst von\" \/>\n\t<meta name=\"twitter:data1\" content=\"radsport\" \/>\n\t<meta name=\"twitter:label2\" content=\"Gesch\u00e4tzte Lesezeit\" \/>\n\t<meta name=\"twitter:data2\" content=\"3\u00a0Minuten\" \/>\n<script type=\"application\/ld+json\" class=\"yoast-schema-graph\">{\"@context\":\"https:\\\/\\\/schema.org\",\"@graph\":[{\"@type\":\"Article\",\"@id\":\"https:\\\/\\\/www.svsuelfeld.de\\\/?p=1668#article\",\"isPartOf\":{\"@id\":\"https:\\\/\\\/www.svsuelfeld.de\\\/?p=1668\"},\"author\":{\"name\":\"radsport\",\"@id\":\"https:\\\/\\\/www.svsuelfeld.de\\\/#\\\/schema\\\/person\\\/415a1ff3ea8d7a36cfbaf9bc66c7c689\"},\"headline\":\"Sturmerprobt und fern der Heimat\",\"datePublished\":\"2022-05-31T18:34:16+00:00\",\"dateModified\":\"2022-06-30T14:38:57+00:00\",\"mainEntityOfPage\":{\"@id\":\"https:\\\/\\\/www.svsuelfeld.de\\\/?p=1668\"},\"wordCount\":368,\"commentCount\":0,\"publisher\":{\"@id\":\"https:\\\/\\\/www.svsuelfeld.de\\\/#organization\"},\"image\":{\"@id\":\"https:\\\/\\\/www.svsuelfeld.de\\\/?p=1668#primaryimage\"},\"thumbnailUrl\":\"https:\\\/\\\/www.svsuelfeld.de\\\/wp-content\\\/uploads\\\/2022\\\/05\\\/YKjl-2lwXwG-tFLouvPLg8kCAhlBZfFT-tpv-LqfeJI-2048x1536-1.jpg\",\"articleSection\":[\"Radsport\"],\"inLanguage\":\"de\",\"potentialAction\":[{\"@type\":\"CommentAction\",\"name\":\"Comment\",\"target\":[\"https:\\\/\\\/www.svsuelfeld.de\\\/?p=1668#respond\"]}]},{\"@type\":\"WebPage\",\"@id\":\"https:\\\/\\\/www.svsuelfeld.de\\\/?p=1668\",\"url\":\"https:\\\/\\\/www.svsuelfeld.de\\\/?p=1668\",\"name\":\"Sturmerprobt und fern der Heimat - SV S\u00fclfeld\",\"isPartOf\":{\"@id\":\"https:\\\/\\\/www.svsuelfeld.de\\\/#website\"},\"primaryImageOfPage\":{\"@id\":\"https:\\\/\\\/www.svsuelfeld.de\\\/?p=1668#primaryimage\"},\"image\":{\"@id\":\"https:\\\/\\\/www.svsuelfeld.de\\\/?p=1668#primaryimage\"},\"thumbnailUrl\":\"https:\\\/\\\/www.svsuelfeld.de\\\/wp-content\\\/uploads\\\/2022\\\/05\\\/YKjl-2lwXwG-tFLouvPLg8kCAhlBZfFT-tpv-LqfeJI-2048x1536-1.jpg\",\"datePublished\":\"2022-05-31T18:34:16+00:00\",\"dateModified\":\"2022-06-30T14:38:57+00:00\",\"breadcrumb\":{\"@id\":\"https:\\\/\\\/www.svsuelfeld.de\\\/?p=1668#breadcrumb\"},\"inLanguage\":\"de\",\"potentialAction\":[{\"@type\":\"ReadAction\",\"target\":[\"https:\\\/\\\/www.svsuelfeld.de\\\/?p=1668\"]}]},{\"@type\":\"ImageObject\",\"inLanguage\":\"de\",\"@id\":\"https:\\\/\\\/www.svsuelfeld.de\\\/?p=1668#primaryimage\",\"url\":\"https:\\\/\\\/www.svsuelfeld.de\\\/wp-content\\\/uploads\\\/2022\\\/05\\\/YKjl-2lwXwG-tFLouvPLg8kCAhlBZfFT-tpv-LqfeJI-2048x1536-1.jpg\",\"contentUrl\":\"https:\\\/\\\/www.svsuelfeld.de\\\/wp-content\\\/uploads\\\/2022\\\/05\\\/YKjl-2lwXwG-tFLouvPLg8kCAhlBZfFT-tpv-LqfeJI-2048x1536-1.jpg\",\"width\":1600,\"height\":1200},{\"@type\":\"BreadcrumbList\",\"@id\":\"https:\\\/\\\/www.svsuelfeld.de\\\/?p=1668#breadcrumb\",\"itemListElement\":[{\"@type\":\"ListItem\",\"position\":1,\"name\":\"Startseite\",\"item\":\"https:\\\/\\\/www.svsuelfeld.de\\\/\"},{\"@type\":\"ListItem\",\"position\":2,\"name\":\"Sturmerprobt und fern der Heimat\"}]},{\"@type\":\"WebSite\",\"@id\":\"https:\\\/\\\/www.svsuelfeld.de\\\/#website\",\"url\":\"https:\\\/\\\/www.svsuelfeld.de\\\/\",\"name\":\"SV S\u00fclfeld\",\"description\":\"...mehr S\u00fclfeld geht nicht\",\"publisher\":{\"@id\":\"https:\\\/\\\/www.svsuelfeld.de\\\/#organization\"},\"potentialAction\":[{\"@type\":\"SearchAction\",\"target\":{\"@type\":\"EntryPoint\",\"urlTemplate\":\"https:\\\/\\\/www.svsuelfeld.de\\\/?s={search_term_string}\"},\"query-input\":{\"@type\":\"PropertyValueSpecification\",\"valueRequired\":true,\"valueName\":\"search_term_string\"}}],\"inLanguage\":\"de\"},{\"@type\":\"Organization\",\"@id\":\"https:\\\/\\\/www.svsuelfeld.de\\\/#organization\",\"name\":\"SV S\u00fclfeld\",\"url\":\"https:\\\/\\\/www.svsuelfeld.de\\\/\",\"logo\":{\"@type\":\"ImageObject\",\"inLanguage\":\"de\",\"@id\":\"https:\\\/\\\/www.svsuelfeld.de\\\/#\\\/schema\\\/logo\\\/image\\\/\",\"url\":\"https:\\\/\\\/www.svsuelfeld.de\\\/wp-content\\\/uploads\\\/2022\\\/06\\\/cropped-svs-logo.png\",\"contentUrl\":\"https:\\\/\\\/www.svsuelfeld.de\\\/wp-content\\\/uploads\\\/2022\\\/06\\\/cropped-svs-logo.png\",\"width\":210,\"height\":210,\"caption\":\"SV S\u00fclfeld\"},\"image\":{\"@id\":\"https:\\\/\\\/www.svsuelfeld.de\\\/#\\\/schema\\\/logo\\\/image\\\/\"},\"sameAs\":[\"https:\\\/\\\/de-de.facebook.com\\\/svsuelfeld\\\/\"]},{\"@type\":\"Person\",\"@id\":\"https:\\\/\\\/www.svsuelfeld.de\\\/#\\\/schema\\\/person\\\/415a1ff3ea8d7a36cfbaf9bc66c7c689\",\"name\":\"radsport\",\"image\":{\"@type\":\"ImageObject\",\"inLanguage\":\"de\",\"@id\":\"https:\\\/\\\/secure.gravatar.com\\\/avatar\\\/3eaa8b5c6f6f5e0be342b93ecba3bf6462e79862855ffc307d9fdc6b7cc73849?s=96&d=mm&r=g\",\"url\":\"https:\\\/\\\/secure.gravatar.com\\\/avatar\\\/3eaa8b5c6f6f5e0be342b93ecba3bf6462e79862855ffc307d9fdc6b7cc73849?s=96&d=mm&r=g\",\"contentUrl\":\"https:\\\/\\\/secure.gravatar.com\\\/avatar\\\/3eaa8b5c6f6f5e0be342b93ecba3bf6462e79862855ffc307d9fdc6b7cc73849?s=96&d=mm&r=g\",\"caption\":\"radsport\"},\"url\":\"https:\\\/\\\/www.svsuelfeld.de\\\/?author=11\"}]}<\/script>\n<!-- \/ Yoast SEO plugin. -->","yoast_head_json":{"title":"Sturmerprobt und fern der Heimat - SV S\u00fclfeld","robots":{"index":"index","follow":"follow","max-snippet":"max-snippet:-1","max-image-preview":"max-image-preview:large","max-video-preview":"max-video-preview:-1"},"canonical":"https:\/\/www.svsuelfeld.de\/?p=1668","og_locale":"de_DE","og_type":"article","og_title":"Sturmerprobt und fern der Heimat - SV S\u00fclfeld","og_description":"St\u00fcrmische B\u00f6en peitschen \u00fcber die See. Immer wieder \u00f6ffnen die Wolken ihre Schleusen. Wei\u00dfe Gischt tanzt auf den Wellen. Ok, statt die See muss es eigentlich die Seen hei\u00dfen. Wir sind schlie\u00dflich an der Mecklenburger Seenplatte und der Gro\u00dfteil des Regens ist auch schon gestern runtergekommen. Aber die steife Brise mit st\u00fcrmischen B\u00f6en ist geblieben.Ist [&hellip;]","og_url":"https:\/\/www.svsuelfeld.de\/?p=1668","og_site_name":"SV S\u00fclfeld","article_publisher":"https:\/\/de-de.facebook.com\/svsuelfeld\/","article_published_time":"2022-05-31T18:34:16+00:00","article_modified_time":"2022-06-30T14:38:57+00:00","og_image":[{"width":1600,"height":1200,"url":"https:\/\/www.svsuelfeld.de\/wp-content\/uploads\/2022\/05\/YKjl-2lwXwG-tFLouvPLg8kCAhlBZfFT-tpv-LqfeJI-2048x1536-1.jpg","type":"image\/jpeg"}],"author":"radsport","twitter_card":"summary_large_image","twitter_misc":{"Verfasst von":"radsport","Gesch\u00e4tzte Lesezeit":"3\u00a0Minuten"},"schema":{"@context":"https:\/\/schema.org","@graph":[{"@type":"Article","@id":"https:\/\/www.svsuelfeld.de\/?p=1668#article","isPartOf":{"@id":"https:\/\/www.svsuelfeld.de\/?p=1668"},"author":{"name":"radsport","@id":"https:\/\/www.svsuelfeld.de\/#\/schema\/person\/415a1ff3ea8d7a36cfbaf9bc66c7c689"},"headline":"Sturmerprobt und fern der Heimat","datePublished":"2022-05-31T18:34:16+00:00","dateModified":"2022-06-30T14:38:57+00:00","mainEntityOfPage":{"@id":"https:\/\/www.svsuelfeld.de\/?p=1668"},"wordCount":368,"commentCount":0,"publisher":{"@id":"https:\/\/www.svsuelfeld.de\/#organization"},"image":{"@id":"https:\/\/www.svsuelfeld.de\/?p=1668#primaryimage"},"thumbnailUrl":"https:\/\/www.svsuelfeld.de\/wp-content\/uploads\/2022\/05\/YKjl-2lwXwG-tFLouvPLg8kCAhlBZfFT-tpv-LqfeJI-2048x1536-1.jpg","articleSection":["Radsport"],"inLanguage":"de","potentialAction":[{"@type":"CommentAction","name":"Comment","target":["https:\/\/www.svsuelfeld.de\/?p=1668#respond"]}]},{"@type":"WebPage","@id":"https:\/\/www.svsuelfeld.de\/?p=1668","url":"https:\/\/www.svsuelfeld.de\/?p=1668","name":"Sturmerprobt und fern der Heimat - SV S\u00fclfeld","isPartOf":{"@id":"https:\/\/www.svsuelfeld.de\/#website"},"primaryImageOfPage":{"@id":"https:\/\/www.svsuelfeld.de\/?p=1668#primaryimage"},"image":{"@id":"https:\/\/www.svsuelfeld.de\/?p=1668#primaryimage"},"thumbnailUrl":"https:\/\/www.svsuelfeld.de\/wp-content\/uploads\/2022\/05\/YKjl-2lwXwG-tFLouvPLg8kCAhlBZfFT-tpv-LqfeJI-2048x1536-1.jpg","datePublished":"2022-05-31T18:34:16+00:00","dateModified":"2022-06-30T14:38:57+00:00","breadcrumb":{"@id":"https:\/\/www.svsuelfeld.de\/?p=1668#breadcrumb"},"inLanguage":"de","potentialAction":[{"@type":"ReadAction","target":["https:\/\/www.svsuelfeld.de\/?p=1668"]}]},{"@type":"ImageObject","inLanguage":"de","@id":"https:\/\/www.svsuelfeld.de\/?p=1668#primaryimage","url":"https:\/\/www.svsuelfeld.de\/wp-content\/uploads\/2022\/05\/YKjl-2lwXwG-tFLouvPLg8kCAhlBZfFT-tpv-LqfeJI-2048x1536-1.jpg","contentUrl":"https:\/\/www.svsuelfeld.de\/wp-content\/uploads\/2022\/05\/YKjl-2lwXwG-tFLouvPLg8kCAhlBZfFT-tpv-LqfeJI-2048x1536-1.jpg","width":1600,"height":1200},{"@type":"BreadcrumbList","@id":"https:\/\/www.svsuelfeld.de\/?p=1668#breadcrumb","itemListElement":[{"@type":"ListItem","position":1,"name":"Startseite","item":"https:\/\/www.svsuelfeld.de\/"},{"@type":"ListItem","position":2,"name":"Sturmerprobt und fern der Heimat"}]},{"@type":"WebSite","@id":"https:\/\/www.svsuelfeld.de\/#website","url":"https:\/\/www.svsuelfeld.de\/","name":"SV S\u00fclfeld","description":"...mehr S\u00fclfeld geht nicht","publisher":{"@id":"https:\/\/www.svsuelfeld.de\/#organization"},"potentialAction":[{"@type":"SearchAction","target":{"@type":"EntryPoint","urlTemplate":"https:\/\/www.svsuelfeld.de\/?s={search_term_string}"},"query-input":{"@type":"PropertyValueSpecification","valueRequired":true,"valueName":"search_term_string"}}],"inLanguage":"de"},{"@type":"Organization","@id":"https:\/\/www.svsuelfeld.de\/#organization","name":"SV S\u00fclfeld","url":"https:\/\/www.svsuelfeld.de\/","logo":{"@type":"ImageObject","inLanguage":"de","@id":"https:\/\/www.svsuelfeld.de\/#\/schema\/logo\/image\/","url":"https:\/\/www.svsuelfeld.de\/wp-content\/uploads\/2022\/06\/cropped-svs-logo.png","contentUrl":"https:\/\/www.svsuelfeld.de\/wp-content\/uploads\/2022\/06\/cropped-svs-logo.png","width":210,"height":210,"caption":"SV S\u00fclfeld"},"image":{"@id":"https:\/\/www.svsuelfeld.de\/#\/schema\/logo\/image\/"},"sameAs":["https:\/\/de-de.facebook.com\/svsuelfeld\/"]},{"@type":"Person","@id":"https:\/\/www.svsuelfeld.de\/#\/schema\/person\/415a1ff3ea8d7a36cfbaf9bc66c7c689","name":"radsport","image":{"@type":"ImageObject","inLanguage":"de","@id":"https:\/\/secure.gravatar.com\/avatar\/3eaa8b5c6f6f5e0be342b93ecba3bf6462e79862855ffc307d9fdc6b7cc73849?s=96&d=mm&r=g","url":"https:\/\/secure.gravatar.com\/avatar\/3eaa8b5c6f6f5e0be342b93ecba3bf6462e79862855ffc307d9fdc6b7cc73849?s=96&d=mm&r=g","contentUrl":"https:\/\/secure.gravatar.com\/avatar\/3eaa8b5c6f6f5e0be342b93ecba3bf6462e79862855ffc307d9fdc6b7cc73849?s=96&d=mm&r=g","caption":"radsport"},"url":"https:\/\/www.svsuelfeld.de\/?author=11"}]}},"publishpress_future_action":{"enabled":false,"date":"2026-05-10 15:56:19","action":"change-status","newStatus":"draft","terms":[],"taxonomy":"category","extraData":[]},"publishpress_future_workflow_manual_trigger":{"enabledWorkflows":[]},"_links":{"self":[{"href":"https:\/\/www.svsuelfeld.de\/index.php?rest_route=\/wp\/v2\/posts\/1668","targetHints":{"allow":["GET"]}}],"collection":[{"href":"https:\/\/www.svsuelfeld.de\/index.php?rest_route=\/wp\/v2\/posts"}],"about":[{"href":"https:\/\/www.svsuelfeld.de\/index.php?rest_route=\/wp\/v2\/types\/post"}],"author":[{"embeddable":true,"href":"https:\/\/www.svsuelfeld.de\/index.php?rest_route=\/wp\/v2\/users\/11"}],"replies":[{"embeddable":true,"href":"https:\/\/www.svsuelfeld.de\/index.php?rest_route=%2Fwp%2Fv2%2Fcomments&post=1668"}],"version-history":[{"count":1,"href":"https:\/\/www.svsuelfeld.de\/index.php?rest_route=\/wp\/v2\/posts\/1668\/revisions"}],"predecessor-version":[{"id":1673,"href":"https:\/\/www.svsuelfeld.de\/index.php?rest_route=\/wp\/v2\/posts\/1668\/revisions\/1673"}],"wp:featuredmedia":[{"embeddable":true,"href":"https:\/\/www.svsuelfeld.de\/index.php?rest_route=\/wp\/v2\/media\/1670"}],"wp:attachment":[{"href":"https:\/\/www.svsuelfeld.de\/index.php?rest_route=%2Fwp%2Fv2%2Fmedia&parent=1668"}],"wp:term":[{"taxonomy":"category","embeddable":true,"href":"https:\/\/www.svsuelfeld.de\/index.php?rest_route=%2Fwp%2Fv2%2Fcategories&post=1668"},{"taxonomy":"post_tag","embeddable":true,"href":"https:\/\/www.svsuelfeld.de\/index.php?rest_route=%2Fwp%2Fv2%2Ftags&post=1668"}],"curies":[{"name":"wp","href":"https:\/\/api.w.org\/{rel}","templated":true}]}}