{"id":1702,"date":"2022-06-13T08:04:46","date_gmt":"2022-06-13T06:04:46","guid":{"rendered":"https:\/\/www.svsuelfeld.de\/?p=1702"},"modified":"2022-07-13T11:26:04","modified_gmt":"2022-07-13T09:26:04","slug":"sommer-sonne-rtf","status":"publish","type":"post","link":"https:\/\/www.svsuelfeld.de\/?p=1702","title":{"rendered":"Sommer, Sonne, &#8230; RTF"},"content":{"rendered":"\n<p class=\"wp-block-paragraph\">Wenn schon eine RTF in unserem Revier und auf unserem Hausberg stattfindet, schauen wir uns das nat\u00fcrlich ganz genau an. Nach 2 Jahren kompletter Pause bzw. sehr eingeschr\u00e4nktem Veranstaltungsbetrieb starteten wir heute beim Giro Stormarn der RV Trave. Mit elf Fahrerinnen und Fahrern bilden wir eine der gr\u00f6\u00dferen Vereinsgruppen am Start. Geplant sind 90 oder 120 Kilometer, je nach pers\u00f6nlicher Vorliebe.<br><br>Der Start findet dieses Mal direkt am Exer statt. Knappe 300 Fahrer starten auf sch\u00f6nen, kleinen Stra\u00dfen aus Oldesloe heraus in s\u00fcd\u00f6stliche Richtung. Auf der 1. Schleife bot der Track selbst uns neue, sehr sch\u00f6ne, Abschnitte. Dazu Sonnenschein, Sch\u00e4fchenwolken, milde Temperaturen, ein sanfter k\u00fchlender Wind und eine SVS- Gruppe, die hervorragend rollt. Kein Wunder, das trainieren wir ja jede Woche 2 Mal. Es rollt problemlos. Bis kurz nach Tremsb\u00fcttel die Stra\u00dfe enger und eine Teamfahrerin das erste Mal auff\u00e4llig wird. Sie schl\u00e4gt an der Spitze ein enormes Tempo an. Was ist da denn los? Dazu sp\u00e4ter mehr.<br>\u00dcber S\u00fclfeld und Borstel kommen wir zum 1. Kontroll- und Verpflegungspunkt auf dem Klingberg. Aufgrund von Personalengp\u00e4ssen ist das heute auch der einzige. D.h. bei 120 km gibt\u2019s die dreifache Bergwertung. Die Verpflegung besteht aus Obst, Riegeln und Butterkuchen. Der ist so lecker, dass er in Windeseile weggefuttert ist. Bereits bei der zweiten Pause auf dem Klingberg nagen wir an Kuchenresten.<br><br>Die zweite Schleife der RTF f\u00fchrt uns \u00fcber Kloster N\u00fctschau und Poggensee in h\u00fcgeliges Terrain. Das kennen wir in und auswendig, darum teilt sich die Gruppe in den Seefelder H\u00fcgeln in \u201ez\u00fcgig gem\u00fctlich\u201c und \u201esehr z\u00fcgig\u201c. Das geht bei uns ganz ohne Absprachen. Ein gutes Team versteht sich eben ohne viele Worte.<br>So rollen wir mehr oder weniger gem\u00fctlich, aber mit zunehmendem Gegenwind, im gro\u00dfen Bogen wieder Richtung N\u00fctschau und Klingberg. Besagte Fahrerin von vorhin zeigt auch hier wieder ihre wahre Form. War morgens irgendwas im M\u00fcsli? Die Dopingkontrolle am Kontrollpunkt verweigert sie &#8211; sehr verd\u00e4chtig. <br>Das Angebot an fester Nahrung ist inzwischen &#8222;abwechslungsreich&#8220;: Obst, Cracker und Salzstangen m\u00fcssen jetzt reichen.<br><br>Die 90 km-Genussfahrer rollen von hier aus mit jeweils 2 Punkten gen Heimat, w\u00e4hrend sich eine kleine Gruppe Unerm\u00fcdliche auf die restlichen 30 Kilometer machen. In flottem Tempo geht es durch das heimische Revier auf wohlbekannten Stra\u00dfen gef\u00fchlte 10 Minuten sp\u00e4ter wieder auf den Klingberg &#8211; ein letztes Mal f\u00fcr heute. F\u00fcr unseren Abschluss haben die Kollegen des RV Trave Sandwiches mit K\u00e4se und sogar Grillwurst im Angebot. Sehr gut, denn der Autor h\u00e4tte inzwischen sogar Pappe mit Senf gegessen. Der Hungerast l\u00e4sst gr\u00fc\u00dfen.<br><br>Mit der finalen St\u00e4rkung rollen wir zufrieden nur noch den Klingberg runter nach S\u00fclfeld. Gute 120 Kilometer und drei Punkten p. P. sollen f\u00fcr heute reichen, zumal langsam ein paar dicke Regenwolken aufgezogen sind und erste Tropfen abgeben. Perfektes Timing ist eine unserer St\u00e4rken.<\/p>\n\n\n\n<p class=\"wp-block-paragraph\"><br>Unser Testurteil: Sch\u00f6ne Veranstaltung, vielen Dank an den RV Trave! Die Sache mit dem Butterkuchen verbuchen wir als Erfolg. Es gab ja keine Reste, selbst von den Resten der Reste \ud83d\ude09<br><\/p>\n\n\n\n<p class=\"wp-block-paragraph\">Neben der auff\u00e4llig guten Form einer einzelnen Dame (den Namen gibt der Autor nur auf direkte Nachfrage heraus), kann ein pers\u00f6nlicher Rekord vermeldet werden: Unser Marcus hat heute seinen ersten 100er erfolgreich absolviert! Herzlichen Gl\u00fcckwunsch, da kannst Du wirklich stolz sein. Wir \u00fcbrigens auch, weil wir Dich bei Deinem Unterfangen begleiten durften!<br><br>Die Tracks zum Nachfahren finden sich hier auf der Seite des RV Trave:<br><a href=\"https:\/\/www.rv-trave.de\/veranstaltungen\/rtf-giro-stormarn\/\">https:\/\/www.rv-trave.de\/veranstaltungen\/rtf-giro-stormarn\/<\/a><br><br><br><\/p>\n\n\n\n<figure class=\"wp-block-image size-large\"><img loading=\"lazy\" decoding=\"async\" width=\"1024\" height=\"768\" src=\"https:\/\/www.svsuelfeld.de\/wp-content\/uploads\/2022\/06\/c0f701ac-613b-494a-8554-c4389954ca65-1-1024x768.jpg\" alt=\"\" class=\"wp-image-1706\" srcset=\"https:\/\/www.svsuelfeld.de\/wp-content\/uploads\/2022\/06\/c0f701ac-613b-494a-8554-c4389954ca65-1-1024x768.jpg 1024w, https:\/\/www.svsuelfeld.de\/wp-content\/uploads\/2022\/06\/c0f701ac-613b-494a-8554-c4389954ca65-1-300x225.jpg 300w, https:\/\/www.svsuelfeld.de\/wp-content\/uploads\/2022\/06\/c0f701ac-613b-494a-8554-c4389954ca65-1-768x576.jpg 768w, https:\/\/www.svsuelfeld.de\/wp-content\/uploads\/2022\/06\/c0f701ac-613b-494a-8554-c4389954ca65-1-1536x1152.jpg 1536w, https:\/\/www.svsuelfeld.de\/wp-content\/uploads\/2022\/06\/c0f701ac-613b-494a-8554-c4389954ca65-1.jpg 2016w\" sizes=\"auto, (max-width: 1024px) 100vw, 1024px\" \/><\/figure>\n","protected":false},"excerpt":{"rendered":"<p>Wenn schon eine RTF in unserem Revier und auf unserem Hausberg stattfindet, schauen wir uns das nat\u00fcrlich ganz genau an. Nach 2 Jahren kompletter Pause bzw. sehr eingeschr\u00e4nktem Veranstaltungsbetrieb starteten wir heute beim Giro Stormarn der RV Trave. Mit elf Fahrerinnen und Fahrern bilden wir eine der gr\u00f6\u00dferen Vereinsgruppen am Start. Geplant sind 90 oder [&hellip;]<\/p>\n","protected":false},"author":11,"featured_media":1705,"comment_status":"open","ping_status":"open","sticky":false,"template":"","format":"standard","meta":{"_crdt_document":"","pgc_sgb_lightbox_settings":"","footnotes":""},"categories":[17],"tags":[],"class_list":["post-1702","post","type-post","status-publish","format-standard","has-post-thumbnail","hentry","category-radsport"],"yoast_head":"<!-- This site is optimized with the Yoast SEO plugin v27.5 - https:\/\/yoast.com\/product\/yoast-seo-wordpress\/ -->\n<title>Sommer, Sonne, ... RTF - SV S\u00fclfeld<\/title>\n<meta name=\"robots\" content=\"index, follow, max-snippet:-1, max-image-preview:large, max-video-preview:-1\" \/>\n<link rel=\"canonical\" href=\"https:\/\/www.svsuelfeld.de\/?p=1702\" \/>\n<meta property=\"og:locale\" content=\"de_DE\" \/>\n<meta property=\"og:type\" content=\"article\" \/>\n<meta property=\"og:title\" content=\"Sommer, Sonne, ... RTF - SV S\u00fclfeld\" \/>\n<meta property=\"og:description\" content=\"Wenn schon eine RTF in unserem Revier und auf unserem Hausberg stattfindet, schauen wir uns das nat\u00fcrlich ganz genau an. Nach 2 Jahren kompletter Pause bzw. sehr eingeschr\u00e4nktem Veranstaltungsbetrieb starteten wir heute beim Giro Stormarn der RV Trave. Mit elf Fahrerinnen und Fahrern bilden wir eine der gr\u00f6\u00dferen Vereinsgruppen am Start. Geplant sind 90 oder [&hellip;]\" \/>\n<meta property=\"og:url\" content=\"https:\/\/www.svsuelfeld.de\/?p=1702\" \/>\n<meta property=\"og:site_name\" content=\"SV S\u00fclfeld\" \/>\n<meta property=\"article:publisher\" content=\"https:\/\/de-de.facebook.com\/svsuelfeld\/\" \/>\n<meta property=\"article:published_time\" content=\"2022-06-13T06:04:46+00:00\" \/>\n<meta property=\"article:modified_time\" content=\"2022-07-13T09:26:04+00:00\" \/>\n<meta property=\"og:image\" content=\"https:\/\/www.svsuelfeld.de\/wp-content\/uploads\/2022\/06\/d391ce4b-0ae4-48e0-85df-2dcaba24d406.jpg\" \/>\n\t<meta property=\"og:image:width\" content=\"2048\" \/>\n\t<meta property=\"og:image:height\" content=\"1232\" \/>\n\t<meta property=\"og:image:type\" content=\"image\/jpeg\" \/>\n<meta name=\"author\" content=\"radsport\" \/>\n<meta name=\"twitter:card\" content=\"summary_large_image\" \/>\n<meta name=\"twitter:label1\" content=\"Verfasst von\" \/>\n\t<meta name=\"twitter:data1\" content=\"radsport\" \/>\n\t<meta name=\"twitter:label2\" content=\"Gesch\u00e4tzte Lesezeit\" \/>\n\t<meta name=\"twitter:data2\" content=\"4\u00a0Minuten\" \/>\n<script type=\"application\/ld+json\" class=\"yoast-schema-graph\">{\"@context\":\"https:\\\/\\\/schema.org\",\"@graph\":[{\"@type\":\"Article\",\"@id\":\"https:\\\/\\\/www.svsuelfeld.de\\\/?p=1702#article\",\"isPartOf\":{\"@id\":\"https:\\\/\\\/www.svsuelfeld.de\\\/?p=1702\"},\"author\":{\"name\":\"radsport\",\"@id\":\"https:\\\/\\\/www.svsuelfeld.de\\\/#\\\/schema\\\/person\\\/415a1ff3ea8d7a36cfbaf9bc66c7c689\"},\"headline\":\"Sommer, Sonne, &#8230; RTF\",\"datePublished\":\"2022-06-13T06:04:46+00:00\",\"dateModified\":\"2022-07-13T09:26:04+00:00\",\"mainEntityOfPage\":{\"@id\":\"https:\\\/\\\/www.svsuelfeld.de\\\/?p=1702\"},\"wordCount\":602,\"commentCount\":0,\"publisher\":{\"@id\":\"https:\\\/\\\/www.svsuelfeld.de\\\/#organization\"},\"image\":{\"@id\":\"https:\\\/\\\/www.svsuelfeld.de\\\/?p=1702#primaryimage\"},\"thumbnailUrl\":\"https:\\\/\\\/www.svsuelfeld.de\\\/wp-content\\\/uploads\\\/2022\\\/06\\\/d391ce4b-0ae4-48e0-85df-2dcaba24d406.jpg\",\"articleSection\":[\"Radsport\"],\"inLanguage\":\"de\",\"potentialAction\":[{\"@type\":\"CommentAction\",\"name\":\"Comment\",\"target\":[\"https:\\\/\\\/www.svsuelfeld.de\\\/?p=1702#respond\"]}]},{\"@type\":\"WebPage\",\"@id\":\"https:\\\/\\\/www.svsuelfeld.de\\\/?p=1702\",\"url\":\"https:\\\/\\\/www.svsuelfeld.de\\\/?p=1702\",\"name\":\"Sommer, Sonne, ... RTF - SV S\u00fclfeld\",\"isPartOf\":{\"@id\":\"https:\\\/\\\/www.svsuelfeld.de\\\/#website\"},\"primaryImageOfPage\":{\"@id\":\"https:\\\/\\\/www.svsuelfeld.de\\\/?p=1702#primaryimage\"},\"image\":{\"@id\":\"https:\\\/\\\/www.svsuelfeld.de\\\/?p=1702#primaryimage\"},\"thumbnailUrl\":\"https:\\\/\\\/www.svsuelfeld.de\\\/wp-content\\\/uploads\\\/2022\\\/06\\\/d391ce4b-0ae4-48e0-85df-2dcaba24d406.jpg\",\"datePublished\":\"2022-06-13T06:04:46+00:00\",\"dateModified\":\"2022-07-13T09:26:04+00:00\",\"breadcrumb\":{\"@id\":\"https:\\\/\\\/www.svsuelfeld.de\\\/?p=1702#breadcrumb\"},\"inLanguage\":\"de\",\"potentialAction\":[{\"@type\":\"ReadAction\",\"target\":[\"https:\\\/\\\/www.svsuelfeld.de\\\/?p=1702\"]}]},{\"@type\":\"ImageObject\",\"inLanguage\":\"de\",\"@id\":\"https:\\\/\\\/www.svsuelfeld.de\\\/?p=1702#primaryimage\",\"url\":\"https:\\\/\\\/www.svsuelfeld.de\\\/wp-content\\\/uploads\\\/2022\\\/06\\\/d391ce4b-0ae4-48e0-85df-2dcaba24d406.jpg\",\"contentUrl\":\"https:\\\/\\\/www.svsuelfeld.de\\\/wp-content\\\/uploads\\\/2022\\\/06\\\/d391ce4b-0ae4-48e0-85df-2dcaba24d406.jpg\",\"width\":2048,\"height\":1232},{\"@type\":\"BreadcrumbList\",\"@id\":\"https:\\\/\\\/www.svsuelfeld.de\\\/?p=1702#breadcrumb\",\"itemListElement\":[{\"@type\":\"ListItem\",\"position\":1,\"name\":\"Startseite\",\"item\":\"https:\\\/\\\/www.svsuelfeld.de\\\/\"},{\"@type\":\"ListItem\",\"position\":2,\"name\":\"Sommer, Sonne, &#8230; RTF\"}]},{\"@type\":\"WebSite\",\"@id\":\"https:\\\/\\\/www.svsuelfeld.de\\\/#website\",\"url\":\"https:\\\/\\\/www.svsuelfeld.de\\\/\",\"name\":\"SV S\u00fclfeld\",\"description\":\"...mehr S\u00fclfeld geht nicht\",\"publisher\":{\"@id\":\"https:\\\/\\\/www.svsuelfeld.de\\\/#organization\"},\"potentialAction\":[{\"@type\":\"SearchAction\",\"target\":{\"@type\":\"EntryPoint\",\"urlTemplate\":\"https:\\\/\\\/www.svsuelfeld.de\\\/?s={search_term_string}\"},\"query-input\":{\"@type\":\"PropertyValueSpecification\",\"valueRequired\":true,\"valueName\":\"search_term_string\"}}],\"inLanguage\":\"de\"},{\"@type\":\"Organization\",\"@id\":\"https:\\\/\\\/www.svsuelfeld.de\\\/#organization\",\"name\":\"SV S\u00fclfeld\",\"url\":\"https:\\\/\\\/www.svsuelfeld.de\\\/\",\"logo\":{\"@type\":\"ImageObject\",\"inLanguage\":\"de\",\"@id\":\"https:\\\/\\\/www.svsuelfeld.de\\\/#\\\/schema\\\/logo\\\/image\\\/\",\"url\":\"https:\\\/\\\/www.svsuelfeld.de\\\/wp-content\\\/uploads\\\/2022\\\/06\\\/cropped-svs-logo.png\",\"contentUrl\":\"https:\\\/\\\/www.svsuelfeld.de\\\/wp-content\\\/uploads\\\/2022\\\/06\\\/cropped-svs-logo.png\",\"width\":210,\"height\":210,\"caption\":\"SV S\u00fclfeld\"},\"image\":{\"@id\":\"https:\\\/\\\/www.svsuelfeld.de\\\/#\\\/schema\\\/logo\\\/image\\\/\"},\"sameAs\":[\"https:\\\/\\\/de-de.facebook.com\\\/svsuelfeld\\\/\"]},{\"@type\":\"Person\",\"@id\":\"https:\\\/\\\/www.svsuelfeld.de\\\/#\\\/schema\\\/person\\\/415a1ff3ea8d7a36cfbaf9bc66c7c689\",\"name\":\"radsport\",\"image\":{\"@type\":\"ImageObject\",\"inLanguage\":\"de\",\"@id\":\"https:\\\/\\\/secure.gravatar.com\\\/avatar\\\/3eaa8b5c6f6f5e0be342b93ecba3bf6462e79862855ffc307d9fdc6b7cc73849?s=96&d=mm&r=g\",\"url\":\"https:\\\/\\\/secure.gravatar.com\\\/avatar\\\/3eaa8b5c6f6f5e0be342b93ecba3bf6462e79862855ffc307d9fdc6b7cc73849?s=96&d=mm&r=g\",\"contentUrl\":\"https:\\\/\\\/secure.gravatar.com\\\/avatar\\\/3eaa8b5c6f6f5e0be342b93ecba3bf6462e79862855ffc307d9fdc6b7cc73849?s=96&d=mm&r=g\",\"caption\":\"radsport\"},\"url\":\"https:\\\/\\\/www.svsuelfeld.de\\\/?author=11\"}]}<\/script>\n<!-- \/ Yoast SEO plugin. -->","yoast_head_json":{"title":"Sommer, Sonne, ... RTF - SV S\u00fclfeld","robots":{"index":"index","follow":"follow","max-snippet":"max-snippet:-1","max-image-preview":"max-image-preview:large","max-video-preview":"max-video-preview:-1"},"canonical":"https:\/\/www.svsuelfeld.de\/?p=1702","og_locale":"de_DE","og_type":"article","og_title":"Sommer, Sonne, ... RTF - SV S\u00fclfeld","og_description":"Wenn schon eine RTF in unserem Revier und auf unserem Hausberg stattfindet, schauen wir uns das nat\u00fcrlich ganz genau an. Nach 2 Jahren kompletter Pause bzw. sehr eingeschr\u00e4nktem Veranstaltungsbetrieb starteten wir heute beim Giro Stormarn der RV Trave. Mit elf Fahrerinnen und Fahrern bilden wir eine der gr\u00f6\u00dferen Vereinsgruppen am Start. Geplant sind 90 oder [&hellip;]","og_url":"https:\/\/www.svsuelfeld.de\/?p=1702","og_site_name":"SV S\u00fclfeld","article_publisher":"https:\/\/de-de.facebook.com\/svsuelfeld\/","article_published_time":"2022-06-13T06:04:46+00:00","article_modified_time":"2022-07-13T09:26:04+00:00","og_image":[{"width":2048,"height":1232,"url":"https:\/\/www.svsuelfeld.de\/wp-content\/uploads\/2022\/06\/d391ce4b-0ae4-48e0-85df-2dcaba24d406.jpg","type":"image\/jpeg"}],"author":"radsport","twitter_card":"summary_large_image","twitter_misc":{"Verfasst von":"radsport","Gesch\u00e4tzte Lesezeit":"4\u00a0Minuten"},"schema":{"@context":"https:\/\/schema.org","@graph":[{"@type":"Article","@id":"https:\/\/www.svsuelfeld.de\/?p=1702#article","isPartOf":{"@id":"https:\/\/www.svsuelfeld.de\/?p=1702"},"author":{"name":"radsport","@id":"https:\/\/www.svsuelfeld.de\/#\/schema\/person\/415a1ff3ea8d7a36cfbaf9bc66c7c689"},"headline":"Sommer, Sonne, &#8230; RTF","datePublished":"2022-06-13T06:04:46+00:00","dateModified":"2022-07-13T09:26:04+00:00","mainEntityOfPage":{"@id":"https:\/\/www.svsuelfeld.de\/?p=1702"},"wordCount":602,"commentCount":0,"publisher":{"@id":"https:\/\/www.svsuelfeld.de\/#organization"},"image":{"@id":"https:\/\/www.svsuelfeld.de\/?p=1702#primaryimage"},"thumbnailUrl":"https:\/\/www.svsuelfeld.de\/wp-content\/uploads\/2022\/06\/d391ce4b-0ae4-48e0-85df-2dcaba24d406.jpg","articleSection":["Radsport"],"inLanguage":"de","potentialAction":[{"@type":"CommentAction","name":"Comment","target":["https:\/\/www.svsuelfeld.de\/?p=1702#respond"]}]},{"@type":"WebPage","@id":"https:\/\/www.svsuelfeld.de\/?p=1702","url":"https:\/\/www.svsuelfeld.de\/?p=1702","name":"Sommer, Sonne, ... RTF - SV S\u00fclfeld","isPartOf":{"@id":"https:\/\/www.svsuelfeld.de\/#website"},"primaryImageOfPage":{"@id":"https:\/\/www.svsuelfeld.de\/?p=1702#primaryimage"},"image":{"@id":"https:\/\/www.svsuelfeld.de\/?p=1702#primaryimage"},"thumbnailUrl":"https:\/\/www.svsuelfeld.de\/wp-content\/uploads\/2022\/06\/d391ce4b-0ae4-48e0-85df-2dcaba24d406.jpg","datePublished":"2022-06-13T06:04:46+00:00","dateModified":"2022-07-13T09:26:04+00:00","breadcrumb":{"@id":"https:\/\/www.svsuelfeld.de\/?p=1702#breadcrumb"},"inLanguage":"de","potentialAction":[{"@type":"ReadAction","target":["https:\/\/www.svsuelfeld.de\/?p=1702"]}]},{"@type":"ImageObject","inLanguage":"de","@id":"https:\/\/www.svsuelfeld.de\/?p=1702#primaryimage","url":"https:\/\/www.svsuelfeld.de\/wp-content\/uploads\/2022\/06\/d391ce4b-0ae4-48e0-85df-2dcaba24d406.jpg","contentUrl":"https:\/\/www.svsuelfeld.de\/wp-content\/uploads\/2022\/06\/d391ce4b-0ae4-48e0-85df-2dcaba24d406.jpg","width":2048,"height":1232},{"@type":"BreadcrumbList","@id":"https:\/\/www.svsuelfeld.de\/?p=1702#breadcrumb","itemListElement":[{"@type":"ListItem","position":1,"name":"Startseite","item":"https:\/\/www.svsuelfeld.de\/"},{"@type":"ListItem","position":2,"name":"Sommer, Sonne, &#8230; RTF"}]},{"@type":"WebSite","@id":"https:\/\/www.svsuelfeld.de\/#website","url":"https:\/\/www.svsuelfeld.de\/","name":"SV S\u00fclfeld","description":"...mehr S\u00fclfeld geht nicht","publisher":{"@id":"https:\/\/www.svsuelfeld.de\/#organization"},"potentialAction":[{"@type":"SearchAction","target":{"@type":"EntryPoint","urlTemplate":"https:\/\/www.svsuelfeld.de\/?s={search_term_string}"},"query-input":{"@type":"PropertyValueSpecification","valueRequired":true,"valueName":"search_term_string"}}],"inLanguage":"de"},{"@type":"Organization","@id":"https:\/\/www.svsuelfeld.de\/#organization","name":"SV S\u00fclfeld","url":"https:\/\/www.svsuelfeld.de\/","logo":{"@type":"ImageObject","inLanguage":"de","@id":"https:\/\/www.svsuelfeld.de\/#\/schema\/logo\/image\/","url":"https:\/\/www.svsuelfeld.de\/wp-content\/uploads\/2022\/06\/cropped-svs-logo.png","contentUrl":"https:\/\/www.svsuelfeld.de\/wp-content\/uploads\/2022\/06\/cropped-svs-logo.png","width":210,"height":210,"caption":"SV S\u00fclfeld"},"image":{"@id":"https:\/\/www.svsuelfeld.de\/#\/schema\/logo\/image\/"},"sameAs":["https:\/\/de-de.facebook.com\/svsuelfeld\/"]},{"@type":"Person","@id":"https:\/\/www.svsuelfeld.de\/#\/schema\/person\/415a1ff3ea8d7a36cfbaf9bc66c7c689","name":"radsport","image":{"@type":"ImageObject","inLanguage":"de","@id":"https:\/\/secure.gravatar.com\/avatar\/3eaa8b5c6f6f5e0be342b93ecba3bf6462e79862855ffc307d9fdc6b7cc73849?s=96&d=mm&r=g","url":"https:\/\/secure.gravatar.com\/avatar\/3eaa8b5c6f6f5e0be342b93ecba3bf6462e79862855ffc307d9fdc6b7cc73849?s=96&d=mm&r=g","contentUrl":"https:\/\/secure.gravatar.com\/avatar\/3eaa8b5c6f6f5e0be342b93ecba3bf6462e79862855ffc307d9fdc6b7cc73849?s=96&d=mm&r=g","caption":"radsport"},"url":"https:\/\/www.svsuelfeld.de\/?author=11"}]}},"publishpress_future_action":{"enabled":false,"date":"2026-05-06 19:47:38","action":"change-status","newStatus":"draft","terms":[],"taxonomy":"category","extraData":[]},"publishpress_future_workflow_manual_trigger":{"enabledWorkflows":[]},"_links":{"self":[{"href":"https:\/\/www.svsuelfeld.de\/index.php?rest_route=\/wp\/v2\/posts\/1702","targetHints":{"allow":["GET"]}}],"collection":[{"href":"https:\/\/www.svsuelfeld.de\/index.php?rest_route=\/wp\/v2\/posts"}],"about":[{"href":"https:\/\/www.svsuelfeld.de\/index.php?rest_route=\/wp\/v2\/types\/post"}],"author":[{"embeddable":true,"href":"https:\/\/www.svsuelfeld.de\/index.php?rest_route=\/wp\/v2\/users\/11"}],"replies":[{"embeddable":true,"href":"https:\/\/www.svsuelfeld.de\/index.php?rest_route=%2Fwp%2Fv2%2Fcomments&post=1702"}],"version-history":[{"count":5,"href":"https:\/\/www.svsuelfeld.de\/index.php?rest_route=\/wp\/v2\/posts\/1702\/revisions"}],"predecessor-version":[{"id":1712,"href":"https:\/\/www.svsuelfeld.de\/index.php?rest_route=\/wp\/v2\/posts\/1702\/revisions\/1712"}],"wp:featuredmedia":[{"embeddable":true,"href":"https:\/\/www.svsuelfeld.de\/index.php?rest_route=\/wp\/v2\/media\/1705"}],"wp:attachment":[{"href":"https:\/\/www.svsuelfeld.de\/index.php?rest_route=%2Fwp%2Fv2%2Fmedia&parent=1702"}],"wp:term":[{"taxonomy":"category","embeddable":true,"href":"https:\/\/www.svsuelfeld.de\/index.php?rest_route=%2Fwp%2Fv2%2Fcategories&post=1702"},{"taxonomy":"post_tag","embeddable":true,"href":"https:\/\/www.svsuelfeld.de\/index.php?rest_route=%2Fwp%2Fv2%2Ftags&post=1702"}],"curies":[{"name":"wp","href":"https:\/\/api.w.org\/{rel}","templated":true}]}}