{"id":2137,"date":"2023-04-23T13:24:53","date_gmt":"2023-04-23T11:24:53","guid":{"rendered":"https:\/\/www.svsuelfeld.de\/?p=2137"},"modified":"2023-04-28T11:26:16","modified_gmt":"2023-04-28T09:26:16","slug":"einladung-jhv-2023","status":"publish","type":"post","link":"https:\/\/www.svsuelfeld.de\/?p=2137","title":{"rendered":"Einladung: JHV 2023"},"content":{"rendered":"\n<p class=\"wp-block-paragraph\"><strong>EINLADUNG<\/strong><\/p>\n\n\n\n<p class=\"wp-block-paragraph\">Die ordentliche Mitgliederversammlung (JHV) des SV S\u00fclfeld findet in diesem Jahr am<\/p>\n\n\n\n<p class=\"wp-block-paragraph\"><strong>05.05.2023 um 19:30 Uhr im G\u00fcnthers auf dem Sportplatz<\/strong><\/p>\n\n\n\n<p class=\"wp-block-paragraph\">statt.<\/p>\n\n\n\n<p class=\"wp-block-paragraph\"><em><strong>Alle Mitglieder des SVS sind eingeladen an der Veranstaltung teilzunehmen.<\/strong><\/em><\/p>\n\n\n\n<p class=\"wp-block-paragraph\">Um nicht unn\u00f6tig Papier zu verbrauchen haben wir (wie gewohnt) die Spartenberichte ausschlie\u00dflich online ver\u00f6ffentlicht. Im Einzelnen:<\/p>\n\n\n\n<ul class=\"wp-block-list\">\n<li><a href=\"https:\/\/www.svsuelfeld.de\/2023\/04\/23\/spartenbericht-fuer-das-jahr-2022\/\">Badminton<\/a><\/li>\n\n\n\n<li><mark style=\"background-color:rgba(0, 0, 0, 0)\" class=\"has-inline-color has-vivid-red-color\"><a href=\"https:\/\/www.svsuelfeld.de\/2023\/04\/23\/spartenbericht-2023-fitness\/\">Fitness<\/a><\/mark><\/li>\n\n\n\n<li>Fu\u00dfball (<mark style=\"background-color:rgba(0, 0, 0, 0)\" class=\"has-inline-color has-vivid-red-color\"><a href=\"https:\/\/www.svsuelfeld.de\/2023\/04\/23\/spartenbericht-2023-fussball-jugend\/\">Junioren<\/a> <\/mark>\/ <a href=\"https:\/\/www.svsuelfeld.de\/2023\/04\/24\/spartenbericht-2023-fussball-senioren\/\">Senioren<\/a>)<\/li>\n\n\n\n<li>Handball (<mark style=\"background-color:rgba(0, 0, 0, 0)\" class=\"has-inline-color has-vivid-red-color\"><a href=\"https:\/\/www.svsuelfeld.de\/2023\/04\/23\/spartenbericht-2023-handball\/\">Junioren<\/a> <\/mark>\/ <a href=\"https:\/\/www.svsuelfeld.de\/2023\/04\/25\/spartenbericht-2023-handball-senioren\/\">Senioren<\/a>)<\/li>\n\n\n\n<li><mark style=\"background-color:rgba(0, 0, 0, 0)\" class=\"has-inline-color has-vivid-red-color\"><a href=\"https:\/\/www.svsuelfeld.de\/2023\/04\/23\/spartenbericht-2023-juniorsport\/\">Juniorsport<\/a><\/mark><\/li>\n\n\n\n<li><a href=\"https:\/\/www.svsuelfeld.de\/2023\/04\/23\/jahresbericht-leichtathletik-2022\/\">Leichtathletik<\/a><\/li>\n\n\n\n<li><a href=\"https:\/\/www.svsuelfeld.de\/2023\/04\/25\/spartenbericht-2023-schwertschaukampf\/\">Mittelalterliche Schwertschaukampf<\/a><\/li>\n\n\n\n<li><a href=\"https:\/\/www.svsuelfeld.de\/2023\/04\/24\/spartenbericht-2023-radsport\/\">Radsport<\/a><\/li>\n\n\n\n<li><a href=\"https:\/\/www.svsuelfeld.de\/2023\/04\/23\/spartenbericht-turnierhundesport-2023\/\">Turnierhundesport THS<\/a><\/li>\n\n\n\n<li><a href=\"https:\/\/www.svsuelfeld.de\/2023\/04\/23\/spartenbericht-volleyball-2023\/\">Volleyball<\/a><\/li>\n<\/ul>\n\n\n\n<p class=\"wp-block-paragraph\">Au\u00dferdem wird hier die Einladung als PDF ver\u00f6ffentlicht.<\/p>\n\n\n\n<div class=\"wp-block-file\"><a id=\"wp-block-file--media-fb30dfb7-cf9a-4f0d-9d4e-27b89d5053be\" href=\"https:\/\/www.svsuelfeld.de\/wp-content\/uploads\/2023\/04\/JHV_2023_Einladung.pdf\" target=\"_blank\" rel=\"noreferrer noopener\">JHV_2023_Einladung<\/a><a href=\"https:\/\/www.svsuelfeld.de\/wp-content\/uploads\/2023\/04\/JHV_2023_Einladung.pdf\" class=\"wp-block-file__button wp-element-button\" download aria-describedby=\"wp-block-file--media-fb30dfb7-cf9a-4f0d-9d4e-27b89d5053be\">Herunterladen<\/a><\/div>\n\n\n\n<p class=\"wp-block-paragraph\">Viel Spa\u00df bei der Lekt\u00fcre.<\/p>\n","protected":false},"excerpt":{"rendered":"<p>EINLADUNG Die ordentliche Mitgliederversammlung (JHV) des SV S\u00fclfeld findet in diesem Jahr am 05.05.2023 um 19:30 Uhr im G\u00fcnthers auf dem Sportplatz statt. Alle Mitglieder des SVS sind eingeladen an der Veranstaltung teilzunehmen. Um nicht unn\u00f6tig Papier zu verbrauchen haben wir (wie gewohnt) die Spartenberichte ausschlie\u00dflich online ver\u00f6ffentlicht. Im Einzelnen: Au\u00dferdem wird hier die Einladung [&hellip;]<\/p>\n","protected":false},"author":1,"featured_media":776,"comment_status":"closed","ping_status":"closed","sticky":false,"template":"","format":"standard","meta":{"_crdt_document":"","pgc_sgb_lightbox_settings":"","footnotes":""},"categories":[9],"tags":[],"class_list":["post-2137","post","type-post","status-publish","format-standard","has-post-thumbnail","hentry","category-der-verein"],"yoast_head":"<!-- This site is optimized with the Yoast SEO plugin v27.5 - https:\/\/yoast.com\/product\/yoast-seo-wordpress\/ -->\n<title>Einladung: JHV 2023 - SV S\u00fclfeld<\/title>\n<meta name=\"robots\" content=\"index, follow, max-snippet:-1, max-image-preview:large, max-video-preview:-1\" \/>\n<link rel=\"canonical\" href=\"https:\/\/www.svsuelfeld.de\/?p=2137\" \/>\n<meta property=\"og:locale\" content=\"de_DE\" \/>\n<meta property=\"og:type\" content=\"article\" \/>\n<meta property=\"og:title\" content=\"Einladung: JHV 2023 - SV S\u00fclfeld\" \/>\n<meta property=\"og:description\" content=\"EINLADUNG Die ordentliche Mitgliederversammlung (JHV) des SV S\u00fclfeld findet in diesem Jahr am 05.05.2023 um 19:30 Uhr im G\u00fcnthers auf dem Sportplatz statt. Alle Mitglieder des SVS sind eingeladen an der Veranstaltung teilzunehmen. Um nicht unn\u00f6tig Papier zu verbrauchen haben wir (wie gewohnt) die Spartenberichte ausschlie\u00dflich online ver\u00f6ffentlicht. Im Einzelnen: Au\u00dferdem wird hier die Einladung [&hellip;]\" \/>\n<meta property=\"og:url\" content=\"https:\/\/www.svsuelfeld.de\/?p=2137\" \/>\n<meta property=\"og:site_name\" content=\"SV S\u00fclfeld\" \/>\n<meta property=\"article:publisher\" content=\"https:\/\/de-de.facebook.com\/svsuelfeld\/\" \/>\n<meta property=\"article:published_time\" content=\"2023-04-23T11:24:53+00:00\" \/>\n<meta property=\"article:modified_time\" content=\"2023-04-28T09:26:16+00:00\" \/>\n<meta property=\"og:image\" content=\"https:\/\/www.svsuelfeld.de\/wp-content\/uploads\/2022\/03\/JHV_Einladung_2019.png\" \/>\n\t<meta property=\"og:image:width\" content=\"401\" \/>\n\t<meta property=\"og:image:height\" content=\"479\" \/>\n\t<meta property=\"og:image:type\" content=\"image\/png\" \/>\n<meta name=\"author\" content=\"Admin\" \/>\n<meta name=\"twitter:card\" content=\"summary_large_image\" \/>\n<meta name=\"twitter:label1\" content=\"Verfasst von\" \/>\n\t<meta name=\"twitter:data1\" content=\"Admin\" \/>\n\t<meta name=\"twitter:label2\" content=\"Gesch\u00e4tzte Lesezeit\" \/>\n\t<meta name=\"twitter:data2\" content=\"1\u00a0Minute\" \/>\n<script type=\"application\/ld+json\" class=\"yoast-schema-graph\">{\"@context\":\"https:\\\/\\\/schema.org\",\"@graph\":[{\"@type\":\"Article\",\"@id\":\"https:\\\/\\\/www.svsuelfeld.de\\\/?p=2137#article\",\"isPartOf\":{\"@id\":\"https:\\\/\\\/www.svsuelfeld.de\\\/?p=2137\"},\"author\":{\"name\":\"Admin\",\"@id\":\"https:\\\/\\\/www.svsuelfeld.de\\\/#\\\/schema\\\/person\\\/d9d2426f6701f3567d39ffbf6c69ed96\"},\"headline\":\"Einladung: JHV 2023\",\"datePublished\":\"2023-04-23T11:24:53+00:00\",\"dateModified\":\"2023-04-28T09:26:16+00:00\",\"mainEntityOfPage\":{\"@id\":\"https:\\\/\\\/www.svsuelfeld.de\\\/?p=2137\"},\"wordCount\":91,\"publisher\":{\"@id\":\"https:\\\/\\\/www.svsuelfeld.de\\\/#organization\"},\"image\":{\"@id\":\"https:\\\/\\\/www.svsuelfeld.de\\\/?p=2137#primaryimage\"},\"thumbnailUrl\":\"https:\\\/\\\/www.svsuelfeld.de\\\/wp-content\\\/uploads\\\/2022\\\/03\\\/JHV_Einladung_2019.png\",\"articleSection\":[\"Der Verein\"],\"inLanguage\":\"de\"},{\"@type\":\"WebPage\",\"@id\":\"https:\\\/\\\/www.svsuelfeld.de\\\/?p=2137\",\"url\":\"https:\\\/\\\/www.svsuelfeld.de\\\/?p=2137\",\"name\":\"Einladung: JHV 2023 - SV S\u00fclfeld\",\"isPartOf\":{\"@id\":\"https:\\\/\\\/www.svsuelfeld.de\\\/#website\"},\"primaryImageOfPage\":{\"@id\":\"https:\\\/\\\/www.svsuelfeld.de\\\/?p=2137#primaryimage\"},\"image\":{\"@id\":\"https:\\\/\\\/www.svsuelfeld.de\\\/?p=2137#primaryimage\"},\"thumbnailUrl\":\"https:\\\/\\\/www.svsuelfeld.de\\\/wp-content\\\/uploads\\\/2022\\\/03\\\/JHV_Einladung_2019.png\",\"datePublished\":\"2023-04-23T11:24:53+00:00\",\"dateModified\":\"2023-04-28T09:26:16+00:00\",\"breadcrumb\":{\"@id\":\"https:\\\/\\\/www.svsuelfeld.de\\\/?p=2137#breadcrumb\"},\"inLanguage\":\"de\",\"potentialAction\":[{\"@type\":\"ReadAction\",\"target\":[\"https:\\\/\\\/www.svsuelfeld.de\\\/?p=2137\"]}]},{\"@type\":\"ImageObject\",\"inLanguage\":\"de\",\"@id\":\"https:\\\/\\\/www.svsuelfeld.de\\\/?p=2137#primaryimage\",\"url\":\"https:\\\/\\\/www.svsuelfeld.de\\\/wp-content\\\/uploads\\\/2022\\\/03\\\/JHV_Einladung_2019.png\",\"contentUrl\":\"https:\\\/\\\/www.svsuelfeld.de\\\/wp-content\\\/uploads\\\/2022\\\/03\\\/JHV_Einladung_2019.png\",\"width\":401,\"height\":479},{\"@type\":\"BreadcrumbList\",\"@id\":\"https:\\\/\\\/www.svsuelfeld.de\\\/?p=2137#breadcrumb\",\"itemListElement\":[{\"@type\":\"ListItem\",\"position\":1,\"name\":\"Startseite\",\"item\":\"https:\\\/\\\/www.svsuelfeld.de\\\/\"},{\"@type\":\"ListItem\",\"position\":2,\"name\":\"Einladung: JHV 2023\"}]},{\"@type\":\"WebSite\",\"@id\":\"https:\\\/\\\/www.svsuelfeld.de\\\/#website\",\"url\":\"https:\\\/\\\/www.svsuelfeld.de\\\/\",\"name\":\"SV S\u00fclfeld\",\"description\":\"...mehr S\u00fclfeld geht nicht\",\"publisher\":{\"@id\":\"https:\\\/\\\/www.svsuelfeld.de\\\/#organization\"},\"potentialAction\":[{\"@type\":\"SearchAction\",\"target\":{\"@type\":\"EntryPoint\",\"urlTemplate\":\"https:\\\/\\\/www.svsuelfeld.de\\\/?s={search_term_string}\"},\"query-input\":{\"@type\":\"PropertyValueSpecification\",\"valueRequired\":true,\"valueName\":\"search_term_string\"}}],\"inLanguage\":\"de\"},{\"@type\":\"Organization\",\"@id\":\"https:\\\/\\\/www.svsuelfeld.de\\\/#organization\",\"name\":\"SV S\u00fclfeld\",\"url\":\"https:\\\/\\\/www.svsuelfeld.de\\\/\",\"logo\":{\"@type\":\"ImageObject\",\"inLanguage\":\"de\",\"@id\":\"https:\\\/\\\/www.svsuelfeld.de\\\/#\\\/schema\\\/logo\\\/image\\\/\",\"url\":\"https:\\\/\\\/www.svsuelfeld.de\\\/wp-content\\\/uploads\\\/2022\\\/06\\\/cropped-svs-logo.png\",\"contentUrl\":\"https:\\\/\\\/www.svsuelfeld.de\\\/wp-content\\\/uploads\\\/2022\\\/06\\\/cropped-svs-logo.png\",\"width\":210,\"height\":210,\"caption\":\"SV S\u00fclfeld\"},\"image\":{\"@id\":\"https:\\\/\\\/www.svsuelfeld.de\\\/#\\\/schema\\\/logo\\\/image\\\/\"},\"sameAs\":[\"https:\\\/\\\/de-de.facebook.com\\\/svsuelfeld\\\/\"]},{\"@type\":\"Person\",\"@id\":\"https:\\\/\\\/www.svsuelfeld.de\\\/#\\\/schema\\\/person\\\/d9d2426f6701f3567d39ffbf6c69ed96\",\"name\":\"Admin\",\"image\":{\"@type\":\"ImageObject\",\"inLanguage\":\"de\",\"@id\":\"https:\\\/\\\/www.svsuelfeld.de\\\/wp-content\\\/uploads\\\/2022\\\/08\\\/cropped-dh_265-96x96.png\",\"url\":\"https:\\\/\\\/www.svsuelfeld.de\\\/wp-content\\\/uploads\\\/2022\\\/08\\\/cropped-dh_265-96x96.png\",\"contentUrl\":\"https:\\\/\\\/www.svsuelfeld.de\\\/wp-content\\\/uploads\\\/2022\\\/08\\\/cropped-dh_265-96x96.png\",\"caption\":\"Admin\"},\"sameAs\":[\"http:\\\/\\\/www.svsuelfeld.de\"],\"url\":\"https:\\\/\\\/www.svsuelfeld.de\\\/?author=1\"}]}<\/script>\n<!-- \/ Yoast SEO plugin. -->","yoast_head_json":{"title":"Einladung: JHV 2023 - SV S\u00fclfeld","robots":{"index":"index","follow":"follow","max-snippet":"max-snippet:-1","max-image-preview":"max-image-preview:large","max-video-preview":"max-video-preview:-1"},"canonical":"https:\/\/www.svsuelfeld.de\/?p=2137","og_locale":"de_DE","og_type":"article","og_title":"Einladung: JHV 2023 - SV S\u00fclfeld","og_description":"EINLADUNG Die ordentliche Mitgliederversammlung (JHV) des SV S\u00fclfeld findet in diesem Jahr am 05.05.2023 um 19:30 Uhr im G\u00fcnthers auf dem Sportplatz statt. Alle Mitglieder des SVS sind eingeladen an der Veranstaltung teilzunehmen. Um nicht unn\u00f6tig Papier zu verbrauchen haben wir (wie gewohnt) die Spartenberichte ausschlie\u00dflich online ver\u00f6ffentlicht. Im Einzelnen: Au\u00dferdem wird hier die Einladung [&hellip;]","og_url":"https:\/\/www.svsuelfeld.de\/?p=2137","og_site_name":"SV S\u00fclfeld","article_publisher":"https:\/\/de-de.facebook.com\/svsuelfeld\/","article_published_time":"2023-04-23T11:24:53+00:00","article_modified_time":"2023-04-28T09:26:16+00:00","og_image":[{"width":401,"height":479,"url":"https:\/\/www.svsuelfeld.de\/wp-content\/uploads\/2022\/03\/JHV_Einladung_2019.png","type":"image\/png"}],"author":"Admin","twitter_card":"summary_large_image","twitter_misc":{"Verfasst von":"Admin","Gesch\u00e4tzte Lesezeit":"1\u00a0Minute"},"schema":{"@context":"https:\/\/schema.org","@graph":[{"@type":"Article","@id":"https:\/\/www.svsuelfeld.de\/?p=2137#article","isPartOf":{"@id":"https:\/\/www.svsuelfeld.de\/?p=2137"},"author":{"name":"Admin","@id":"https:\/\/www.svsuelfeld.de\/#\/schema\/person\/d9d2426f6701f3567d39ffbf6c69ed96"},"headline":"Einladung: JHV 2023","datePublished":"2023-04-23T11:24:53+00:00","dateModified":"2023-04-28T09:26:16+00:00","mainEntityOfPage":{"@id":"https:\/\/www.svsuelfeld.de\/?p=2137"},"wordCount":91,"publisher":{"@id":"https:\/\/www.svsuelfeld.de\/#organization"},"image":{"@id":"https:\/\/www.svsuelfeld.de\/?p=2137#primaryimage"},"thumbnailUrl":"https:\/\/www.svsuelfeld.de\/wp-content\/uploads\/2022\/03\/JHV_Einladung_2019.png","articleSection":["Der Verein"],"inLanguage":"de"},{"@type":"WebPage","@id":"https:\/\/www.svsuelfeld.de\/?p=2137","url":"https:\/\/www.svsuelfeld.de\/?p=2137","name":"Einladung: JHV 2023 - SV S\u00fclfeld","isPartOf":{"@id":"https:\/\/www.svsuelfeld.de\/#website"},"primaryImageOfPage":{"@id":"https:\/\/www.svsuelfeld.de\/?p=2137#primaryimage"},"image":{"@id":"https:\/\/www.svsuelfeld.de\/?p=2137#primaryimage"},"thumbnailUrl":"https:\/\/www.svsuelfeld.de\/wp-content\/uploads\/2022\/03\/JHV_Einladung_2019.png","datePublished":"2023-04-23T11:24:53+00:00","dateModified":"2023-04-28T09:26:16+00:00","breadcrumb":{"@id":"https:\/\/www.svsuelfeld.de\/?p=2137#breadcrumb"},"inLanguage":"de","potentialAction":[{"@type":"ReadAction","target":["https:\/\/www.svsuelfeld.de\/?p=2137"]}]},{"@type":"ImageObject","inLanguage":"de","@id":"https:\/\/www.svsuelfeld.de\/?p=2137#primaryimage","url":"https:\/\/www.svsuelfeld.de\/wp-content\/uploads\/2022\/03\/JHV_Einladung_2019.png","contentUrl":"https:\/\/www.svsuelfeld.de\/wp-content\/uploads\/2022\/03\/JHV_Einladung_2019.png","width":401,"height":479},{"@type":"BreadcrumbList","@id":"https:\/\/www.svsuelfeld.de\/?p=2137#breadcrumb","itemListElement":[{"@type":"ListItem","position":1,"name":"Startseite","item":"https:\/\/www.svsuelfeld.de\/"},{"@type":"ListItem","position":2,"name":"Einladung: JHV 2023"}]},{"@type":"WebSite","@id":"https:\/\/www.svsuelfeld.de\/#website","url":"https:\/\/www.svsuelfeld.de\/","name":"SV S\u00fclfeld","description":"...mehr S\u00fclfeld geht nicht","publisher":{"@id":"https:\/\/www.svsuelfeld.de\/#organization"},"potentialAction":[{"@type":"SearchAction","target":{"@type":"EntryPoint","urlTemplate":"https:\/\/www.svsuelfeld.de\/?s={search_term_string}"},"query-input":{"@type":"PropertyValueSpecification","valueRequired":true,"valueName":"search_term_string"}}],"inLanguage":"de"},{"@type":"Organization","@id":"https:\/\/www.svsuelfeld.de\/#organization","name":"SV S\u00fclfeld","url":"https:\/\/www.svsuelfeld.de\/","logo":{"@type":"ImageObject","inLanguage":"de","@id":"https:\/\/www.svsuelfeld.de\/#\/schema\/logo\/image\/","url":"https:\/\/www.svsuelfeld.de\/wp-content\/uploads\/2022\/06\/cropped-svs-logo.png","contentUrl":"https:\/\/www.svsuelfeld.de\/wp-content\/uploads\/2022\/06\/cropped-svs-logo.png","width":210,"height":210,"caption":"SV S\u00fclfeld"},"image":{"@id":"https:\/\/www.svsuelfeld.de\/#\/schema\/logo\/image\/"},"sameAs":["https:\/\/de-de.facebook.com\/svsuelfeld\/"]},{"@type":"Person","@id":"https:\/\/www.svsuelfeld.de\/#\/schema\/person\/d9d2426f6701f3567d39ffbf6c69ed96","name":"Admin","image":{"@type":"ImageObject","inLanguage":"de","@id":"https:\/\/www.svsuelfeld.de\/wp-content\/uploads\/2022\/08\/cropped-dh_265-96x96.png","url":"https:\/\/www.svsuelfeld.de\/wp-content\/uploads\/2022\/08\/cropped-dh_265-96x96.png","contentUrl":"https:\/\/www.svsuelfeld.de\/wp-content\/uploads\/2022\/08\/cropped-dh_265-96x96.png","caption":"Admin"},"sameAs":["http:\/\/www.svsuelfeld.de"],"url":"https:\/\/www.svsuelfeld.de\/?author=1"}]}},"publishpress_future_action":{"enabled":false,"date":"2026-05-08 13:10:53","action":"change-status","newStatus":"draft","terms":[],"taxonomy":"category","extraData":[]},"publishpress_future_workflow_manual_trigger":{"enabledWorkflows":[]},"_links":{"self":[{"href":"https:\/\/www.svsuelfeld.de\/index.php?rest_route=\/wp\/v2\/posts\/2137","targetHints":{"allow":["GET"]}}],"collection":[{"href":"https:\/\/www.svsuelfeld.de\/index.php?rest_route=\/wp\/v2\/posts"}],"about":[{"href":"https:\/\/www.svsuelfeld.de\/index.php?rest_route=\/wp\/v2\/types\/post"}],"author":[{"embeddable":true,"href":"https:\/\/www.svsuelfeld.de\/index.php?rest_route=\/wp\/v2\/users\/1"}],"replies":[{"embeddable":true,"href":"https:\/\/www.svsuelfeld.de\/index.php?rest_route=%2Fwp%2Fv2%2Fcomments&post=2137"}],"version-history":[{"count":10,"href":"https:\/\/www.svsuelfeld.de\/index.php?rest_route=\/wp\/v2\/posts\/2137\/revisions"}],"predecessor-version":[{"id":2225,"href":"https:\/\/www.svsuelfeld.de\/index.php?rest_route=\/wp\/v2\/posts\/2137\/revisions\/2225"}],"wp:featuredmedia":[{"embeddable":true,"href":"https:\/\/www.svsuelfeld.de\/index.php?rest_route=\/wp\/v2\/media\/776"}],"wp:attachment":[{"href":"https:\/\/www.svsuelfeld.de\/index.php?rest_route=%2Fwp%2Fv2%2Fmedia&parent=2137"}],"wp:term":[{"taxonomy":"category","embeddable":true,"href":"https:\/\/www.svsuelfeld.de\/index.php?rest_route=%2Fwp%2Fv2%2Fcategories&post=2137"},{"taxonomy":"post_tag","embeddable":true,"href":"https:\/\/www.svsuelfeld.de\/index.php?rest_route=%2Fwp%2Fv2%2Ftags&post=2137"}],"curies":[{"name":"wp","href":"https:\/\/api.w.org\/{rel}","templated":true}]}}