{"id":2162,"date":"2023-04-23T13:04:29","date_gmt":"2023-04-23T11:04:29","guid":{"rendered":"https:\/\/www.svsuelfeld.de\/?p=2162"},"modified":"2023-04-23T13:06:09","modified_gmt":"2023-04-23T11:06:09","slug":"spartenbericht-2023-fitness","status":"publish","type":"post","link":"https:\/\/www.svsuelfeld.de\/?p=2162","title":{"rendered":"Spartenbericht 2023 &#8211; Fitness"},"content":{"rendered":"\n<p class=\"wp-block-paragraph\">Das Angebot der Fitness-Sparte\u00a0umfasste im Jahr 2022 sechs\u00a0Kurse pro Woche (1x vormittags und\u00a05x abends).<\/p>\n\n\n\n<p class=\"wp-block-paragraph\">Als Trainer*innen konnten wir weiterhin auf Claudia Heusinger z\u00e4hlen als qualifizierte Trainerin f\u00fcr Zumba\u00aeGold. Au\u00dferdem wurde zun\u00e4chst ab August 2022 ein Step Aerobic Kurs durch Ute Warkulat angeboten. Dieser wurde aufgrund von beruflichen Gr\u00fcnden von Lara Petersen ersetzt mit einem Hula Hoop Kurs, der dauerhaft viel Zulauf hat.<\/p>\n\n\n\n<p class=\"wp-block-paragraph\">Die Spartenleiterin und \u00dcbungsleiterin mit C-Lizenz Paulina Br\u00f6cker, die auch f\u00fcr die n\u00e4chsten zwei Jahre gew\u00e4hlt ist, f\u00fchrte zwei neue Kurse ein. Fitness 50+ und Fitness 60+, ersterer hat schnell viele Teilnehmer suggeriert. Der Kurs Fitness 60+ hatte zu Beginn Anfangsschwierigkeiten und wechselte nach 6 Wochen den Namen (ehemals Stuhlgymnastik). Nun kommt eine feste Gruppe von 10-14 Teilnehmer*innen&nbsp; w\u00f6chentlich zum Kurs. Au\u00dferdem gibt es den Fitness Allrounder Kurs, der den HIIT Kurs haupts\u00e4chlich im Namen ersetzt. Der Mobilit\u00e4t, R\u00fccken und Entspannungskurs ist weiterhin beliebt.<\/p>\n\n\n\n<p class=\"wp-block-paragraph\">&nbsp;Gestartet sind wir im August 2022 im Allgemeinen mit einer geringeren Teilnehmer*innenzahl. Jedoch hat sich dies wieder reguliert. Die Kurse werden durchschnittlich von 5 bis 25 Teilnehmer*innen besucht. Regelm\u00e4\u00dfig k\u00f6nnen wir auch weiterhin immer wieder neue Teilnehmer*innen begr\u00fc\u00dft und als neue Mitglieder im Sportverein gewinnen.&nbsp;<\/p>\n\n\n\n<p class=\"wp-block-paragraph\">Besondere Zielsetzung der Kurse liegt dabei auf der Erhaltung und Verbesserung der allgemeinen&nbsp;k\u00f6rperlichen und mentalen&nbsp;Fitness und Gesundheit. Den&nbsp;perfekten Ausgleich&nbsp;zum Alltag&nbsp;bieten die Kurse durch gezieltes&nbsp;Training des Herz-Kreislauf-Systems,&nbsp;differenzierten&nbsp;Kraft-Ausdauer-Einheiten, fordernden Koordinations\u00fcbungen und&nbsp;gezielten Kursen zur St\u00e4rkung der R\u00fccken- und Rumpfmuskulatur. Es sind weitere Kurse geplant, jedoch werden noch \u00dcbungsleiter*innen daf\u00fcr gesucht.<\/p>\n","protected":false},"excerpt":{"rendered":"<p>Das Angebot der Fitness-Sparte\u00a0umfasste im Jahr 2022 sechs\u00a0Kurse pro Woche (1x vormittags und\u00a05x abends). Als Trainer*innen konnten wir weiterhin auf Claudia Heusinger z\u00e4hlen als qualifizierte Trainerin f\u00fcr Zumba\u00aeGold. Au\u00dferdem wurde zun\u00e4chst ab August 2022 ein Step Aerobic Kurs durch Ute Warkulat angeboten. Dieser wurde aufgrund von beruflichen Gr\u00fcnden von Lara Petersen ersetzt mit einem Hula [&hellip;]<\/p>\n","protected":false},"author":1,"featured_media":79,"comment_status":"open","ping_status":"open","sticky":false,"template":"","format":"standard","meta":{"_crdt_document":"","pgc_sgb_lightbox_settings":"","footnotes":""},"categories":[11],"tags":[],"class_list":["post-2162","post","type-post","status-publish","format-standard","has-post-thumbnail","hentry","category-fitness"],"yoast_head":"<!-- This site is optimized with the Yoast SEO plugin v27.5 - https:\/\/yoast.com\/product\/yoast-seo-wordpress\/ -->\n<title>Spartenbericht 2023 - Fitness - SV S\u00fclfeld<\/title>\n<meta name=\"robots\" content=\"index, follow, max-snippet:-1, max-image-preview:large, max-video-preview:-1\" \/>\n<link rel=\"canonical\" href=\"https:\/\/www.svsuelfeld.de\/?p=2162\" \/>\n<meta property=\"og:locale\" content=\"de_DE\" \/>\n<meta property=\"og:type\" content=\"article\" \/>\n<meta property=\"og:title\" content=\"Spartenbericht 2023 - Fitness - SV S\u00fclfeld\" \/>\n<meta property=\"og:description\" content=\"Das Angebot der Fitness-Sparte\u00a0umfasste im Jahr 2022 sechs\u00a0Kurse pro Woche (1x vormittags und\u00a05x abends). Als Trainer*innen konnten wir weiterhin auf Claudia Heusinger z\u00e4hlen als qualifizierte Trainerin f\u00fcr Zumba\u00aeGold. Au\u00dferdem wurde zun\u00e4chst ab August 2022 ein Step Aerobic Kurs durch Ute Warkulat angeboten. Dieser wurde aufgrund von beruflichen Gr\u00fcnden von Lara Petersen ersetzt mit einem Hula [&hellip;]\" \/>\n<meta property=\"og:url\" content=\"https:\/\/www.svsuelfeld.de\/?p=2162\" \/>\n<meta property=\"og:site_name\" content=\"SV S\u00fclfeld\" \/>\n<meta property=\"article:publisher\" content=\"https:\/\/de-de.facebook.com\/svsuelfeld\/\" \/>\n<meta property=\"article:published_time\" content=\"2023-04-23T11:04:29+00:00\" \/>\n<meta property=\"article:modified_time\" content=\"2023-04-23T11:06:09+00:00\" \/>\n<meta property=\"og:image\" content=\"https:\/\/www.svsuelfeld.de\/wp-content\/uploads\/2022\/02\/fitness.jpg\" \/>\n\t<meta property=\"og:image:width\" content=\"1920\" \/>\n\t<meta property=\"og:image:height\" content=\"1280\" \/>\n\t<meta property=\"og:image:type\" content=\"image\/jpeg\" \/>\n<meta name=\"author\" content=\"Admin\" \/>\n<meta name=\"twitter:card\" content=\"summary_large_image\" \/>\n<meta name=\"twitter:label1\" content=\"Verfasst von\" \/>\n\t<meta name=\"twitter:data1\" content=\"Admin\" \/>\n\t<meta name=\"twitter:label2\" content=\"Gesch\u00e4tzte Lesezeit\" \/>\n\t<meta name=\"twitter:data2\" content=\"2\u00a0Minuten\" \/>\n<script type=\"application\/ld+json\" class=\"yoast-schema-graph\">{\"@context\":\"https:\\\/\\\/schema.org\",\"@graph\":[{\"@type\":\"Article\",\"@id\":\"https:\\\/\\\/www.svsuelfeld.de\\\/?p=2162#article\",\"isPartOf\":{\"@id\":\"https:\\\/\\\/www.svsuelfeld.de\\\/?p=2162\"},\"author\":{\"name\":\"Admin\",\"@id\":\"https:\\\/\\\/www.svsuelfeld.de\\\/#\\\/schema\\\/person\\\/d9d2426f6701f3567d39ffbf6c69ed96\"},\"headline\":\"Spartenbericht 2023 &#8211; Fitness\",\"datePublished\":\"2023-04-23T11:04:29+00:00\",\"dateModified\":\"2023-04-23T11:06:09+00:00\",\"mainEntityOfPage\":{\"@id\":\"https:\\\/\\\/www.svsuelfeld.de\\\/?p=2162\"},\"wordCount\":286,\"commentCount\":0,\"publisher\":{\"@id\":\"https:\\\/\\\/www.svsuelfeld.de\\\/#organization\"},\"image\":{\"@id\":\"https:\\\/\\\/www.svsuelfeld.de\\\/?p=2162#primaryimage\"},\"thumbnailUrl\":\"https:\\\/\\\/www.svsuelfeld.de\\\/wp-content\\\/uploads\\\/2022\\\/02\\\/fitness.jpg\",\"articleSection\":[\"Fitness\"],\"inLanguage\":\"de\",\"potentialAction\":[{\"@type\":\"CommentAction\",\"name\":\"Comment\",\"target\":[\"https:\\\/\\\/www.svsuelfeld.de\\\/?p=2162#respond\"]}]},{\"@type\":\"WebPage\",\"@id\":\"https:\\\/\\\/www.svsuelfeld.de\\\/?p=2162\",\"url\":\"https:\\\/\\\/www.svsuelfeld.de\\\/?p=2162\",\"name\":\"Spartenbericht 2023 - Fitness - SV S\u00fclfeld\",\"isPartOf\":{\"@id\":\"https:\\\/\\\/www.svsuelfeld.de\\\/#website\"},\"primaryImageOfPage\":{\"@id\":\"https:\\\/\\\/www.svsuelfeld.de\\\/?p=2162#primaryimage\"},\"image\":{\"@id\":\"https:\\\/\\\/www.svsuelfeld.de\\\/?p=2162#primaryimage\"},\"thumbnailUrl\":\"https:\\\/\\\/www.svsuelfeld.de\\\/wp-content\\\/uploads\\\/2022\\\/02\\\/fitness.jpg\",\"datePublished\":\"2023-04-23T11:04:29+00:00\",\"dateModified\":\"2023-04-23T11:06:09+00:00\",\"breadcrumb\":{\"@id\":\"https:\\\/\\\/www.svsuelfeld.de\\\/?p=2162#breadcrumb\"},\"inLanguage\":\"de\",\"potentialAction\":[{\"@type\":\"ReadAction\",\"target\":[\"https:\\\/\\\/www.svsuelfeld.de\\\/?p=2162\"]}]},{\"@type\":\"ImageObject\",\"inLanguage\":\"de\",\"@id\":\"https:\\\/\\\/www.svsuelfeld.de\\\/?p=2162#primaryimage\",\"url\":\"https:\\\/\\\/www.svsuelfeld.de\\\/wp-content\\\/uploads\\\/2022\\\/02\\\/fitness.jpg\",\"contentUrl\":\"https:\\\/\\\/www.svsuelfeld.de\\\/wp-content\\\/uploads\\\/2022\\\/02\\\/fitness.jpg\",\"width\":1920,\"height\":1280},{\"@type\":\"BreadcrumbList\",\"@id\":\"https:\\\/\\\/www.svsuelfeld.de\\\/?p=2162#breadcrumb\",\"itemListElement\":[{\"@type\":\"ListItem\",\"position\":1,\"name\":\"Startseite\",\"item\":\"https:\\\/\\\/www.svsuelfeld.de\\\/\"},{\"@type\":\"ListItem\",\"position\":2,\"name\":\"Spartenbericht 2023 &#8211; Fitness\"}]},{\"@type\":\"WebSite\",\"@id\":\"https:\\\/\\\/www.svsuelfeld.de\\\/#website\",\"url\":\"https:\\\/\\\/www.svsuelfeld.de\\\/\",\"name\":\"SV S\u00fclfeld\",\"description\":\"...mehr S\u00fclfeld geht nicht\",\"publisher\":{\"@id\":\"https:\\\/\\\/www.svsuelfeld.de\\\/#organization\"},\"potentialAction\":[{\"@type\":\"SearchAction\",\"target\":{\"@type\":\"EntryPoint\",\"urlTemplate\":\"https:\\\/\\\/www.svsuelfeld.de\\\/?s={search_term_string}\"},\"query-input\":{\"@type\":\"PropertyValueSpecification\",\"valueRequired\":true,\"valueName\":\"search_term_string\"}}],\"inLanguage\":\"de\"},{\"@type\":\"Organization\",\"@id\":\"https:\\\/\\\/www.svsuelfeld.de\\\/#organization\",\"name\":\"SV S\u00fclfeld\",\"url\":\"https:\\\/\\\/www.svsuelfeld.de\\\/\",\"logo\":{\"@type\":\"ImageObject\",\"inLanguage\":\"de\",\"@id\":\"https:\\\/\\\/www.svsuelfeld.de\\\/#\\\/schema\\\/logo\\\/image\\\/\",\"url\":\"https:\\\/\\\/www.svsuelfeld.de\\\/wp-content\\\/uploads\\\/2022\\\/06\\\/cropped-svs-logo.png\",\"contentUrl\":\"https:\\\/\\\/www.svsuelfeld.de\\\/wp-content\\\/uploads\\\/2022\\\/06\\\/cropped-svs-logo.png\",\"width\":210,\"height\":210,\"caption\":\"SV S\u00fclfeld\"},\"image\":{\"@id\":\"https:\\\/\\\/www.svsuelfeld.de\\\/#\\\/schema\\\/logo\\\/image\\\/\"},\"sameAs\":[\"https:\\\/\\\/de-de.facebook.com\\\/svsuelfeld\\\/\"]},{\"@type\":\"Person\",\"@id\":\"https:\\\/\\\/www.svsuelfeld.de\\\/#\\\/schema\\\/person\\\/d9d2426f6701f3567d39ffbf6c69ed96\",\"name\":\"Admin\",\"image\":{\"@type\":\"ImageObject\",\"inLanguage\":\"de\",\"@id\":\"https:\\\/\\\/www.svsuelfeld.de\\\/wp-content\\\/uploads\\\/2022\\\/08\\\/cropped-dh_265-96x96.png\",\"url\":\"https:\\\/\\\/www.svsuelfeld.de\\\/wp-content\\\/uploads\\\/2022\\\/08\\\/cropped-dh_265-96x96.png\",\"contentUrl\":\"https:\\\/\\\/www.svsuelfeld.de\\\/wp-content\\\/uploads\\\/2022\\\/08\\\/cropped-dh_265-96x96.png\",\"caption\":\"Admin\"},\"sameAs\":[\"http:\\\/\\\/www.svsuelfeld.de\"],\"url\":\"https:\\\/\\\/www.svsuelfeld.de\\\/?author=1\"}]}<\/script>\n<!-- \/ Yoast SEO plugin. -->","yoast_head_json":{"title":"Spartenbericht 2023 - Fitness - SV S\u00fclfeld","robots":{"index":"index","follow":"follow","max-snippet":"max-snippet:-1","max-image-preview":"max-image-preview:large","max-video-preview":"max-video-preview:-1"},"canonical":"https:\/\/www.svsuelfeld.de\/?p=2162","og_locale":"de_DE","og_type":"article","og_title":"Spartenbericht 2023 - Fitness - SV S\u00fclfeld","og_description":"Das Angebot der Fitness-Sparte\u00a0umfasste im Jahr 2022 sechs\u00a0Kurse pro Woche (1x vormittags und\u00a05x abends). Als Trainer*innen konnten wir weiterhin auf Claudia Heusinger z\u00e4hlen als qualifizierte Trainerin f\u00fcr Zumba\u00aeGold. Au\u00dferdem wurde zun\u00e4chst ab August 2022 ein Step Aerobic Kurs durch Ute Warkulat angeboten. Dieser wurde aufgrund von beruflichen Gr\u00fcnden von Lara Petersen ersetzt mit einem Hula [&hellip;]","og_url":"https:\/\/www.svsuelfeld.de\/?p=2162","og_site_name":"SV S\u00fclfeld","article_publisher":"https:\/\/de-de.facebook.com\/svsuelfeld\/","article_published_time":"2023-04-23T11:04:29+00:00","article_modified_time":"2023-04-23T11:06:09+00:00","og_image":[{"width":1920,"height":1280,"url":"https:\/\/www.svsuelfeld.de\/wp-content\/uploads\/2022\/02\/fitness.jpg","type":"image\/jpeg"}],"author":"Admin","twitter_card":"summary_large_image","twitter_misc":{"Verfasst von":"Admin","Gesch\u00e4tzte Lesezeit":"2\u00a0Minuten"},"schema":{"@context":"https:\/\/schema.org","@graph":[{"@type":"Article","@id":"https:\/\/www.svsuelfeld.de\/?p=2162#article","isPartOf":{"@id":"https:\/\/www.svsuelfeld.de\/?p=2162"},"author":{"name":"Admin","@id":"https:\/\/www.svsuelfeld.de\/#\/schema\/person\/d9d2426f6701f3567d39ffbf6c69ed96"},"headline":"Spartenbericht 2023 &#8211; Fitness","datePublished":"2023-04-23T11:04:29+00:00","dateModified":"2023-04-23T11:06:09+00:00","mainEntityOfPage":{"@id":"https:\/\/www.svsuelfeld.de\/?p=2162"},"wordCount":286,"commentCount":0,"publisher":{"@id":"https:\/\/www.svsuelfeld.de\/#organization"},"image":{"@id":"https:\/\/www.svsuelfeld.de\/?p=2162#primaryimage"},"thumbnailUrl":"https:\/\/www.svsuelfeld.de\/wp-content\/uploads\/2022\/02\/fitness.jpg","articleSection":["Fitness"],"inLanguage":"de","potentialAction":[{"@type":"CommentAction","name":"Comment","target":["https:\/\/www.svsuelfeld.de\/?p=2162#respond"]}]},{"@type":"WebPage","@id":"https:\/\/www.svsuelfeld.de\/?p=2162","url":"https:\/\/www.svsuelfeld.de\/?p=2162","name":"Spartenbericht 2023 - Fitness - SV S\u00fclfeld","isPartOf":{"@id":"https:\/\/www.svsuelfeld.de\/#website"},"primaryImageOfPage":{"@id":"https:\/\/www.svsuelfeld.de\/?p=2162#primaryimage"},"image":{"@id":"https:\/\/www.svsuelfeld.de\/?p=2162#primaryimage"},"thumbnailUrl":"https:\/\/www.svsuelfeld.de\/wp-content\/uploads\/2022\/02\/fitness.jpg","datePublished":"2023-04-23T11:04:29+00:00","dateModified":"2023-04-23T11:06:09+00:00","breadcrumb":{"@id":"https:\/\/www.svsuelfeld.de\/?p=2162#breadcrumb"},"inLanguage":"de","potentialAction":[{"@type":"ReadAction","target":["https:\/\/www.svsuelfeld.de\/?p=2162"]}]},{"@type":"ImageObject","inLanguage":"de","@id":"https:\/\/www.svsuelfeld.de\/?p=2162#primaryimage","url":"https:\/\/www.svsuelfeld.de\/wp-content\/uploads\/2022\/02\/fitness.jpg","contentUrl":"https:\/\/www.svsuelfeld.de\/wp-content\/uploads\/2022\/02\/fitness.jpg","width":1920,"height":1280},{"@type":"BreadcrumbList","@id":"https:\/\/www.svsuelfeld.de\/?p=2162#breadcrumb","itemListElement":[{"@type":"ListItem","position":1,"name":"Startseite","item":"https:\/\/www.svsuelfeld.de\/"},{"@type":"ListItem","position":2,"name":"Spartenbericht 2023 &#8211; Fitness"}]},{"@type":"WebSite","@id":"https:\/\/www.svsuelfeld.de\/#website","url":"https:\/\/www.svsuelfeld.de\/","name":"SV S\u00fclfeld","description":"...mehr S\u00fclfeld geht nicht","publisher":{"@id":"https:\/\/www.svsuelfeld.de\/#organization"},"potentialAction":[{"@type":"SearchAction","target":{"@type":"EntryPoint","urlTemplate":"https:\/\/www.svsuelfeld.de\/?s={search_term_string}"},"query-input":{"@type":"PropertyValueSpecification","valueRequired":true,"valueName":"search_term_string"}}],"inLanguage":"de"},{"@type":"Organization","@id":"https:\/\/www.svsuelfeld.de\/#organization","name":"SV S\u00fclfeld","url":"https:\/\/www.svsuelfeld.de\/","logo":{"@type":"ImageObject","inLanguage":"de","@id":"https:\/\/www.svsuelfeld.de\/#\/schema\/logo\/image\/","url":"https:\/\/www.svsuelfeld.de\/wp-content\/uploads\/2022\/06\/cropped-svs-logo.png","contentUrl":"https:\/\/www.svsuelfeld.de\/wp-content\/uploads\/2022\/06\/cropped-svs-logo.png","width":210,"height":210,"caption":"SV S\u00fclfeld"},"image":{"@id":"https:\/\/www.svsuelfeld.de\/#\/schema\/logo\/image\/"},"sameAs":["https:\/\/de-de.facebook.com\/svsuelfeld\/"]},{"@type":"Person","@id":"https:\/\/www.svsuelfeld.de\/#\/schema\/person\/d9d2426f6701f3567d39ffbf6c69ed96","name":"Admin","image":{"@type":"ImageObject","inLanguage":"de","@id":"https:\/\/www.svsuelfeld.de\/wp-content\/uploads\/2022\/08\/cropped-dh_265-96x96.png","url":"https:\/\/www.svsuelfeld.de\/wp-content\/uploads\/2022\/08\/cropped-dh_265-96x96.png","contentUrl":"https:\/\/www.svsuelfeld.de\/wp-content\/uploads\/2022\/08\/cropped-dh_265-96x96.png","caption":"Admin"},"sameAs":["http:\/\/www.svsuelfeld.de"],"url":"https:\/\/www.svsuelfeld.de\/?author=1"}]}},"publishpress_future_action":{"enabled":false,"date":"2026-05-08 13:16:45","action":"change-status","newStatus":"draft","terms":[],"taxonomy":"category","extraData":[]},"publishpress_future_workflow_manual_trigger":{"enabledWorkflows":[]},"_links":{"self":[{"href":"https:\/\/www.svsuelfeld.de\/index.php?rest_route=\/wp\/v2\/posts\/2162","targetHints":{"allow":["GET"]}}],"collection":[{"href":"https:\/\/www.svsuelfeld.de\/index.php?rest_route=\/wp\/v2\/posts"}],"about":[{"href":"https:\/\/www.svsuelfeld.de\/index.php?rest_route=\/wp\/v2\/types\/post"}],"author":[{"embeddable":true,"href":"https:\/\/www.svsuelfeld.de\/index.php?rest_route=\/wp\/v2\/users\/1"}],"replies":[{"embeddable":true,"href":"https:\/\/www.svsuelfeld.de\/index.php?rest_route=%2Fwp%2Fv2%2Fcomments&post=2162"}],"version-history":[{"count":3,"href":"https:\/\/www.svsuelfeld.de\/index.php?rest_route=\/wp\/v2\/posts\/2162\/revisions"}],"predecessor-version":[{"id":2187,"href":"https:\/\/www.svsuelfeld.de\/index.php?rest_route=\/wp\/v2\/posts\/2162\/revisions\/2187"}],"wp:featuredmedia":[{"embeddable":true,"href":"https:\/\/www.svsuelfeld.de\/index.php?rest_route=\/wp\/v2\/media\/79"}],"wp:attachment":[{"href":"https:\/\/www.svsuelfeld.de\/index.php?rest_route=%2Fwp%2Fv2%2Fmedia&parent=2162"}],"wp:term":[{"taxonomy":"category","embeddable":true,"href":"https:\/\/www.svsuelfeld.de\/index.php?rest_route=%2Fwp%2Fv2%2Fcategories&post=2162"},{"taxonomy":"post_tag","embeddable":true,"href":"https:\/\/www.svsuelfeld.de\/index.php?rest_route=%2Fwp%2Fv2%2Ftags&post=2162"}],"curies":[{"name":"wp","href":"https:\/\/api.w.org\/{rel}","templated":true}]}}