{"id":2181,"date":"2023-04-23T13:01:56","date_gmt":"2023-04-23T11:01:56","guid":{"rendered":"https:\/\/www.svsuelfeld.de\/?p=2181"},"modified":"2023-04-23T13:01:57","modified_gmt":"2023-04-23T11:01:57","slug":"jahresbericht-leichtathletik-2022","status":"publish","type":"post","link":"https:\/\/www.svsuelfeld.de\/?p=2181","title":{"rendered":"Jahresbericht Leichtathletik 2022"},"content":{"rendered":"\n<figure class=\"wp-block-table\"><table><tbody><tr><td>Wir sind eine gemischte Gruppe von 2 Frauen und 2 M\u00e4nner .<\/td><\/tr><tr><td>Um fit zu bleiben treffen wir uns im Sommer (von Mai bis Oktober) auf dem Sportplatz<\/td><\/tr><tr><td>und trainieren f\u00fcr das Sportabzeichen.<br><\/td><\/tr><tr><td>Im Winter treffen wir uns einmal in der Woche in der Gymnastikhalle.<br>Wir haben dann vom 03.05. bis 13.09.2022 Training f\u00fcr das Sportabzeichen auf dem Sportplatz gemacht.<br>Wir haben leider durch Corona nur an 13 Laufwettk\u00e4mpfen von 3.000 m bis 42.195 m teilgenommen k\u00f6nnen.<\/td><\/tr><tr><td>5 Mal haben wir den 1. Altersklassenplatz erreicht. 1 Mal einen Seniorenlandesmeister \u00fcber 7.900 m Crosslauf Marcus Klatt hat in Hamburg seinen 1. Marathon in einer Zeit von 3:55:50 Stunden geschafft.<br><\/td><\/tr><\/tbody><\/table><\/figure>\n\n\n\n<p class=\"wp-block-paragraph\">Trainingszeit im Winter: &nbsp;&nbsp;&nbsp;&nbsp;&nbsp;&nbsp;&nbsp;&nbsp;&nbsp;&nbsp;&nbsp; Dienstags von 19:00 bis 20:00 Uhr in der Gymnastikhalle.<\/p>\n\n\n\n<p class=\"wp-block-paragraph\">Training in der Halle beginnt mit warmmachen und Gymnastik, \u00dcbungen mit dem Medizinball, Sprints, Hochsprung, Ballspiele\u2026<\/p>\n\n\n\n<p class=\"wp-block-paragraph\">Trainingszeit im Sommer:&nbsp;&nbsp;&nbsp;&nbsp;&nbsp;&nbsp;&nbsp;&nbsp;&nbsp;&nbsp;&nbsp;Dienstags 18.30- 20.00 Uhr<\/p>\n\n\n\n<p class=\"wp-block-paragraph\">&nbsp;&nbsp;&nbsp;&nbsp;&nbsp;&nbsp;&nbsp;&nbsp;&nbsp;&nbsp;&nbsp;&nbsp;&nbsp;&nbsp;&nbsp;&nbsp;&nbsp;&nbsp;&nbsp;&nbsp;&nbsp;&nbsp;&nbsp;&nbsp;&nbsp;&nbsp;&nbsp;&nbsp;&nbsp;&nbsp;&nbsp;&nbsp;&nbsp;&nbsp;&nbsp;&nbsp;&nbsp;&nbsp;&nbsp;&nbsp;&nbsp;&nbsp;&nbsp;&nbsp;&nbsp;&nbsp;&nbsp;&nbsp;&nbsp;&nbsp;&nbsp;&nbsp;&nbsp;&nbsp;&nbsp;&nbsp;&nbsp;Trainingsablauf: Aufw\u00e4rmen, Gymnastik, Kugelsto\u00dfen,<\/p>\n\n\n\n<p class=\"wp-block-paragraph\">Weitsprung und 50\/75\/100 m Lauf<\/p>\n\n\n\n<p class=\"wp-block-paragraph\">&nbsp;&nbsp;&nbsp;&nbsp;&nbsp;&nbsp;&nbsp;&nbsp;&nbsp;&nbsp;&nbsp;&nbsp;&nbsp;&nbsp;&nbsp;&nbsp;&nbsp;&nbsp;&nbsp;&nbsp;&nbsp;&nbsp;&nbsp;&nbsp;&nbsp;&nbsp;&nbsp;&nbsp;&nbsp;&nbsp;&nbsp;&nbsp;&nbsp;&nbsp;&nbsp;&nbsp;&nbsp;&nbsp;&nbsp;&nbsp;&nbsp;&nbsp;&nbsp;&nbsp;&nbsp;&nbsp;&nbsp;&nbsp;&nbsp;&nbsp;&nbsp;&nbsp;&nbsp;&nbsp;&nbsp;&nbsp;&nbsp;&nbsp;&nbsp;&nbsp;&nbsp;&nbsp; Sportabzeichen und\/ oder Dreikampfabzeichen<\/p>\n\n\n\n<p class=\"wp-block-paragraph\">In diesem Jahr haben folgende Sportler das Sportabzeichen erhalten:<\/p>\n\n\n\n<p class=\"wp-block-paragraph\">Mila Klatt<\/p>\n\n\n\n<p class=\"wp-block-paragraph\">Amy Klatt<\/p>\n\n\n\n<p class=\"wp-block-paragraph\">Janine Klatt<\/p>\n\n\n\n<p class=\"wp-block-paragraph\">Dirk Wulff<\/p>\n\n\n\n<p class=\"wp-block-paragraph\">Leider hat sich die Leichtathletik Sparte zum Jahresende 2022 aufgel\u00f6st.<\/p>\n\n\n\n<p class=\"wp-block-paragraph\"><strong>Jugendliche und Kinder<\/strong><\/p>\n\n\n\n<p class=\"wp-block-paragraph\">Leider haben wir keine Trainer f\u00fcr die Jugendlichen und Kinder gefunden.<\/p>\n\n\n\n<p class=\"wp-block-paragraph\">Dirk Wulff<\/p>\n\n\n\n<p class=\"wp-block-paragraph\">Spartenleiter<\/p>\n","protected":false},"excerpt":{"rendered":"<p>Wir sind eine gemischte Gruppe von 2 Frauen und 2 M\u00e4nner . Um fit zu bleiben treffen wir uns im Sommer (von Mai bis Oktober) auf dem Sportplatz und trainieren f\u00fcr das Sportabzeichen. Im Winter treffen wir uns einmal in der Woche in der Gymnastikhalle.Wir haben dann vom 03.05. bis 13.09.2022 Training f\u00fcr das Sportabzeichen [&hellip;]<\/p>\n","protected":false},"author":1,"featured_media":472,"comment_status":"closed","ping_status":"closed","sticky":false,"template":"","format":"standard","meta":{"_crdt_document":"","pgc_sgb_lightbox_settings":"","footnotes":""},"categories":[15],"tags":[],"class_list":["post-2181","post","type-post","status-publish","format-standard","has-post-thumbnail","hentry","category-leichtathletik"],"yoast_head":"<!-- This site is optimized with the Yoast SEO plugin v27.5 - https:\/\/yoast.com\/product\/yoast-seo-wordpress\/ -->\n<title>Jahresbericht Leichtathletik 2022 - SV S\u00fclfeld<\/title>\n<meta name=\"robots\" content=\"index, follow, max-snippet:-1, max-image-preview:large, max-video-preview:-1\" \/>\n<link rel=\"canonical\" href=\"https:\/\/www.svsuelfeld.de\/?p=2181\" \/>\n<meta property=\"og:locale\" content=\"de_DE\" \/>\n<meta property=\"og:type\" content=\"article\" \/>\n<meta property=\"og:title\" content=\"Jahresbericht Leichtathletik 2022 - SV S\u00fclfeld\" \/>\n<meta property=\"og:description\" content=\"Wir sind eine gemischte Gruppe von 2 Frauen und 2 M\u00e4nner . Um fit zu bleiben treffen wir uns im Sommer (von Mai bis Oktober) auf dem Sportplatz und trainieren f\u00fcr das Sportabzeichen. Im Winter treffen wir uns einmal in der Woche in der Gymnastikhalle.Wir haben dann vom 03.05. bis 13.09.2022 Training f\u00fcr das Sportabzeichen [&hellip;]\" \/>\n<meta property=\"og:url\" content=\"https:\/\/www.svsuelfeld.de\/?p=2181\" \/>\n<meta property=\"og:site_name\" content=\"SV S\u00fclfeld\" \/>\n<meta property=\"article:publisher\" content=\"https:\/\/de-de.facebook.com\/svsuelfeld\/\" \/>\n<meta property=\"article:published_time\" content=\"2023-04-23T11:01:56+00:00\" \/>\n<meta property=\"article:modified_time\" content=\"2023-04-23T11:01:57+00:00\" \/>\n<meta property=\"og:image\" content=\"https:\/\/www.svsuelfeld.de\/wp-content\/uploads\/2022\/03\/race-932254_1920.jpg\" \/>\n\t<meta property=\"og:image:width\" content=\"1920\" \/>\n\t<meta property=\"og:image:height\" content=\"1280\" \/>\n\t<meta property=\"og:image:type\" content=\"image\/jpeg\" \/>\n<meta name=\"author\" content=\"Admin\" \/>\n<meta name=\"twitter:card\" content=\"summary_large_image\" \/>\n<meta name=\"twitter:label1\" content=\"Verfasst von\" \/>\n\t<meta name=\"twitter:data1\" content=\"Admin\" \/>\n\t<meta name=\"twitter:label2\" content=\"Gesch\u00e4tzte Lesezeit\" \/>\n\t<meta name=\"twitter:data2\" content=\"2\u00a0Minuten\" \/>\n<script type=\"application\/ld+json\" class=\"yoast-schema-graph\">{\"@context\":\"https:\\\/\\\/schema.org\",\"@graph\":[{\"@type\":\"Article\",\"@id\":\"https:\\\/\\\/www.svsuelfeld.de\\\/?p=2181#article\",\"isPartOf\":{\"@id\":\"https:\\\/\\\/www.svsuelfeld.de\\\/?p=2181\"},\"author\":{\"name\":\"Admin\",\"@id\":\"https:\\\/\\\/www.svsuelfeld.de\\\/#\\\/schema\\\/person\\\/d9d2426f6701f3567d39ffbf6c69ed96\"},\"headline\":\"Jahresbericht Leichtathletik 2022\",\"datePublished\":\"2023-04-23T11:01:56+00:00\",\"dateModified\":\"2023-04-23T11:01:57+00:00\",\"mainEntityOfPage\":{\"@id\":\"https:\\\/\\\/www.svsuelfeld.de\\\/?p=2181\"},\"wordCount\":333,\"publisher\":{\"@id\":\"https:\\\/\\\/www.svsuelfeld.de\\\/#organization\"},\"image\":{\"@id\":\"https:\\\/\\\/www.svsuelfeld.de\\\/?p=2181#primaryimage\"},\"thumbnailUrl\":\"https:\\\/\\\/www.svsuelfeld.de\\\/wp-content\\\/uploads\\\/2022\\\/03\\\/race-932254_1920.jpg\",\"articleSection\":[\"Leichtathletik\"],\"inLanguage\":\"de\"},{\"@type\":\"WebPage\",\"@id\":\"https:\\\/\\\/www.svsuelfeld.de\\\/?p=2181\",\"url\":\"https:\\\/\\\/www.svsuelfeld.de\\\/?p=2181\",\"name\":\"Jahresbericht Leichtathletik 2022 - SV S\u00fclfeld\",\"isPartOf\":{\"@id\":\"https:\\\/\\\/www.svsuelfeld.de\\\/#website\"},\"primaryImageOfPage\":{\"@id\":\"https:\\\/\\\/www.svsuelfeld.de\\\/?p=2181#primaryimage\"},\"image\":{\"@id\":\"https:\\\/\\\/www.svsuelfeld.de\\\/?p=2181#primaryimage\"},\"thumbnailUrl\":\"https:\\\/\\\/www.svsuelfeld.de\\\/wp-content\\\/uploads\\\/2022\\\/03\\\/race-932254_1920.jpg\",\"datePublished\":\"2023-04-23T11:01:56+00:00\",\"dateModified\":\"2023-04-23T11:01:57+00:00\",\"breadcrumb\":{\"@id\":\"https:\\\/\\\/www.svsuelfeld.de\\\/?p=2181#breadcrumb\"},\"inLanguage\":\"de\",\"potentialAction\":[{\"@type\":\"ReadAction\",\"target\":[\"https:\\\/\\\/www.svsuelfeld.de\\\/?p=2181\"]}]},{\"@type\":\"ImageObject\",\"inLanguage\":\"de\",\"@id\":\"https:\\\/\\\/www.svsuelfeld.de\\\/?p=2181#primaryimage\",\"url\":\"https:\\\/\\\/www.svsuelfeld.de\\\/wp-content\\\/uploads\\\/2022\\\/03\\\/race-932254_1920.jpg\",\"contentUrl\":\"https:\\\/\\\/www.svsuelfeld.de\\\/wp-content\\\/uploads\\\/2022\\\/03\\\/race-932254_1920.jpg\",\"width\":1920,\"height\":1280},{\"@type\":\"BreadcrumbList\",\"@id\":\"https:\\\/\\\/www.svsuelfeld.de\\\/?p=2181#breadcrumb\",\"itemListElement\":[{\"@type\":\"ListItem\",\"position\":1,\"name\":\"Startseite\",\"item\":\"https:\\\/\\\/www.svsuelfeld.de\\\/\"},{\"@type\":\"ListItem\",\"position\":2,\"name\":\"Jahresbericht Leichtathletik 2022\"}]},{\"@type\":\"WebSite\",\"@id\":\"https:\\\/\\\/www.svsuelfeld.de\\\/#website\",\"url\":\"https:\\\/\\\/www.svsuelfeld.de\\\/\",\"name\":\"SV S\u00fclfeld\",\"description\":\"...mehr S\u00fclfeld geht nicht\",\"publisher\":{\"@id\":\"https:\\\/\\\/www.svsuelfeld.de\\\/#organization\"},\"potentialAction\":[{\"@type\":\"SearchAction\",\"target\":{\"@type\":\"EntryPoint\",\"urlTemplate\":\"https:\\\/\\\/www.svsuelfeld.de\\\/?s={search_term_string}\"},\"query-input\":{\"@type\":\"PropertyValueSpecification\",\"valueRequired\":true,\"valueName\":\"search_term_string\"}}],\"inLanguage\":\"de\"},{\"@type\":\"Organization\",\"@id\":\"https:\\\/\\\/www.svsuelfeld.de\\\/#organization\",\"name\":\"SV S\u00fclfeld\",\"url\":\"https:\\\/\\\/www.svsuelfeld.de\\\/\",\"logo\":{\"@type\":\"ImageObject\",\"inLanguage\":\"de\",\"@id\":\"https:\\\/\\\/www.svsuelfeld.de\\\/#\\\/schema\\\/logo\\\/image\\\/\",\"url\":\"https:\\\/\\\/www.svsuelfeld.de\\\/wp-content\\\/uploads\\\/2022\\\/06\\\/cropped-svs-logo.png\",\"contentUrl\":\"https:\\\/\\\/www.svsuelfeld.de\\\/wp-content\\\/uploads\\\/2022\\\/06\\\/cropped-svs-logo.png\",\"width\":210,\"height\":210,\"caption\":\"SV S\u00fclfeld\"},\"image\":{\"@id\":\"https:\\\/\\\/www.svsuelfeld.de\\\/#\\\/schema\\\/logo\\\/image\\\/\"},\"sameAs\":[\"https:\\\/\\\/de-de.facebook.com\\\/svsuelfeld\\\/\"]},{\"@type\":\"Person\",\"@id\":\"https:\\\/\\\/www.svsuelfeld.de\\\/#\\\/schema\\\/person\\\/d9d2426f6701f3567d39ffbf6c69ed96\",\"name\":\"Admin\",\"image\":{\"@type\":\"ImageObject\",\"inLanguage\":\"de\",\"@id\":\"https:\\\/\\\/www.svsuelfeld.de\\\/wp-content\\\/uploads\\\/2022\\\/08\\\/cropped-dh_265-96x96.png\",\"url\":\"https:\\\/\\\/www.svsuelfeld.de\\\/wp-content\\\/uploads\\\/2022\\\/08\\\/cropped-dh_265-96x96.png\",\"contentUrl\":\"https:\\\/\\\/www.svsuelfeld.de\\\/wp-content\\\/uploads\\\/2022\\\/08\\\/cropped-dh_265-96x96.png\",\"caption\":\"Admin\"},\"sameAs\":[\"http:\\\/\\\/www.svsuelfeld.de\"],\"url\":\"https:\\\/\\\/www.svsuelfeld.de\\\/?author=1\"}]}<\/script>\n<!-- \/ Yoast SEO plugin. -->","yoast_head_json":{"title":"Jahresbericht Leichtathletik 2022 - SV S\u00fclfeld","robots":{"index":"index","follow":"follow","max-snippet":"max-snippet:-1","max-image-preview":"max-image-preview:large","max-video-preview":"max-video-preview:-1"},"canonical":"https:\/\/www.svsuelfeld.de\/?p=2181","og_locale":"de_DE","og_type":"article","og_title":"Jahresbericht Leichtathletik 2022 - SV S\u00fclfeld","og_description":"Wir sind eine gemischte Gruppe von 2 Frauen und 2 M\u00e4nner . Um fit zu bleiben treffen wir uns im Sommer (von Mai bis Oktober) auf dem Sportplatz und trainieren f\u00fcr das Sportabzeichen. Im Winter treffen wir uns einmal in der Woche in der Gymnastikhalle.Wir haben dann vom 03.05. bis 13.09.2022 Training f\u00fcr das Sportabzeichen [&hellip;]","og_url":"https:\/\/www.svsuelfeld.de\/?p=2181","og_site_name":"SV S\u00fclfeld","article_publisher":"https:\/\/de-de.facebook.com\/svsuelfeld\/","article_published_time":"2023-04-23T11:01:56+00:00","article_modified_time":"2023-04-23T11:01:57+00:00","og_image":[{"width":1920,"height":1280,"url":"https:\/\/www.svsuelfeld.de\/wp-content\/uploads\/2022\/03\/race-932254_1920.jpg","type":"image\/jpeg"}],"author":"Admin","twitter_card":"summary_large_image","twitter_misc":{"Verfasst von":"Admin","Gesch\u00e4tzte Lesezeit":"2\u00a0Minuten"},"schema":{"@context":"https:\/\/schema.org","@graph":[{"@type":"Article","@id":"https:\/\/www.svsuelfeld.de\/?p=2181#article","isPartOf":{"@id":"https:\/\/www.svsuelfeld.de\/?p=2181"},"author":{"name":"Admin","@id":"https:\/\/www.svsuelfeld.de\/#\/schema\/person\/d9d2426f6701f3567d39ffbf6c69ed96"},"headline":"Jahresbericht Leichtathletik 2022","datePublished":"2023-04-23T11:01:56+00:00","dateModified":"2023-04-23T11:01:57+00:00","mainEntityOfPage":{"@id":"https:\/\/www.svsuelfeld.de\/?p=2181"},"wordCount":333,"publisher":{"@id":"https:\/\/www.svsuelfeld.de\/#organization"},"image":{"@id":"https:\/\/www.svsuelfeld.de\/?p=2181#primaryimage"},"thumbnailUrl":"https:\/\/www.svsuelfeld.de\/wp-content\/uploads\/2022\/03\/race-932254_1920.jpg","articleSection":["Leichtathletik"],"inLanguage":"de"},{"@type":"WebPage","@id":"https:\/\/www.svsuelfeld.de\/?p=2181","url":"https:\/\/www.svsuelfeld.de\/?p=2181","name":"Jahresbericht Leichtathletik 2022 - SV S\u00fclfeld","isPartOf":{"@id":"https:\/\/www.svsuelfeld.de\/#website"},"primaryImageOfPage":{"@id":"https:\/\/www.svsuelfeld.de\/?p=2181#primaryimage"},"image":{"@id":"https:\/\/www.svsuelfeld.de\/?p=2181#primaryimage"},"thumbnailUrl":"https:\/\/www.svsuelfeld.de\/wp-content\/uploads\/2022\/03\/race-932254_1920.jpg","datePublished":"2023-04-23T11:01:56+00:00","dateModified":"2023-04-23T11:01:57+00:00","breadcrumb":{"@id":"https:\/\/www.svsuelfeld.de\/?p=2181#breadcrumb"},"inLanguage":"de","potentialAction":[{"@type":"ReadAction","target":["https:\/\/www.svsuelfeld.de\/?p=2181"]}]},{"@type":"ImageObject","inLanguage":"de","@id":"https:\/\/www.svsuelfeld.de\/?p=2181#primaryimage","url":"https:\/\/www.svsuelfeld.de\/wp-content\/uploads\/2022\/03\/race-932254_1920.jpg","contentUrl":"https:\/\/www.svsuelfeld.de\/wp-content\/uploads\/2022\/03\/race-932254_1920.jpg","width":1920,"height":1280},{"@type":"BreadcrumbList","@id":"https:\/\/www.svsuelfeld.de\/?p=2181#breadcrumb","itemListElement":[{"@type":"ListItem","position":1,"name":"Startseite","item":"https:\/\/www.svsuelfeld.de\/"},{"@type":"ListItem","position":2,"name":"Jahresbericht Leichtathletik 2022"}]},{"@type":"WebSite","@id":"https:\/\/www.svsuelfeld.de\/#website","url":"https:\/\/www.svsuelfeld.de\/","name":"SV S\u00fclfeld","description":"...mehr S\u00fclfeld geht nicht","publisher":{"@id":"https:\/\/www.svsuelfeld.de\/#organization"},"potentialAction":[{"@type":"SearchAction","target":{"@type":"EntryPoint","urlTemplate":"https:\/\/www.svsuelfeld.de\/?s={search_term_string}"},"query-input":{"@type":"PropertyValueSpecification","valueRequired":true,"valueName":"search_term_string"}}],"inLanguage":"de"},{"@type":"Organization","@id":"https:\/\/www.svsuelfeld.de\/#organization","name":"SV S\u00fclfeld","url":"https:\/\/www.svsuelfeld.de\/","logo":{"@type":"ImageObject","inLanguage":"de","@id":"https:\/\/www.svsuelfeld.de\/#\/schema\/logo\/image\/","url":"https:\/\/www.svsuelfeld.de\/wp-content\/uploads\/2022\/06\/cropped-svs-logo.png","contentUrl":"https:\/\/www.svsuelfeld.de\/wp-content\/uploads\/2022\/06\/cropped-svs-logo.png","width":210,"height":210,"caption":"SV S\u00fclfeld"},"image":{"@id":"https:\/\/www.svsuelfeld.de\/#\/schema\/logo\/image\/"},"sameAs":["https:\/\/de-de.facebook.com\/svsuelfeld\/"]},{"@type":"Person","@id":"https:\/\/www.svsuelfeld.de\/#\/schema\/person\/d9d2426f6701f3567d39ffbf6c69ed96","name":"Admin","image":{"@type":"ImageObject","inLanguage":"de","@id":"https:\/\/www.svsuelfeld.de\/wp-content\/uploads\/2022\/08\/cropped-dh_265-96x96.png","url":"https:\/\/www.svsuelfeld.de\/wp-content\/uploads\/2022\/08\/cropped-dh_265-96x96.png","contentUrl":"https:\/\/www.svsuelfeld.de\/wp-content\/uploads\/2022\/08\/cropped-dh_265-96x96.png","caption":"Admin"},"sameAs":["http:\/\/www.svsuelfeld.de"],"url":"https:\/\/www.svsuelfeld.de\/?author=1"}]}},"publishpress_future_action":{"enabled":false,"date":"2026-05-10 10:21:42","action":"change-status","newStatus":"draft","terms":[],"taxonomy":"category","extraData":[]},"publishpress_future_workflow_manual_trigger":{"enabledWorkflows":[]},"_links":{"self":[{"href":"https:\/\/www.svsuelfeld.de\/index.php?rest_route=\/wp\/v2\/posts\/2181","targetHints":{"allow":["GET"]}}],"collection":[{"href":"https:\/\/www.svsuelfeld.de\/index.php?rest_route=\/wp\/v2\/posts"}],"about":[{"href":"https:\/\/www.svsuelfeld.de\/index.php?rest_route=\/wp\/v2\/types\/post"}],"author":[{"embeddable":true,"href":"https:\/\/www.svsuelfeld.de\/index.php?rest_route=\/wp\/v2\/users\/1"}],"replies":[{"embeddable":true,"href":"https:\/\/www.svsuelfeld.de\/index.php?rest_route=%2Fwp%2Fv2%2Fcomments&post=2181"}],"version-history":[{"count":1,"href":"https:\/\/www.svsuelfeld.de\/index.php?rest_route=\/wp\/v2\/posts\/2181\/revisions"}],"predecessor-version":[{"id":2182,"href":"https:\/\/www.svsuelfeld.de\/index.php?rest_route=\/wp\/v2\/posts\/2181\/revisions\/2182"}],"wp:featuredmedia":[{"embeddable":true,"href":"https:\/\/www.svsuelfeld.de\/index.php?rest_route=\/wp\/v2\/media\/472"}],"wp:attachment":[{"href":"https:\/\/www.svsuelfeld.de\/index.php?rest_route=%2Fwp%2Fv2%2Fmedia&parent=2181"}],"wp:term":[{"taxonomy":"category","embeddable":true,"href":"https:\/\/www.svsuelfeld.de\/index.php?rest_route=%2Fwp%2Fv2%2Fcategories&post=2181"},{"taxonomy":"post_tag","embeddable":true,"href":"https:\/\/www.svsuelfeld.de\/index.php?rest_route=%2Fwp%2Fv2%2Ftags&post=2181"}],"curies":[{"name":"wp","href":"https:\/\/api.w.org\/{rel}","templated":true}]}}