{"id":2275,"date":"2023-07-08T21:10:48","date_gmt":"2023-07-08T19:10:48","guid":{"rendered":"https:\/\/www.svsuelfeld.de\/?p=2275"},"modified":"2023-09-15T14:57:49","modified_gmt":"2023-09-15T12:57:49","slug":"spartenbericht-nr-3-darts","status":"publish","type":"post","link":"https:\/\/www.svsuelfeld.de\/?p=2275","title":{"rendered":"Spartenbericht Nr.3 &#8211; Darts"},"content":{"rendered":"\n<p class=\"wp-block-paragraph\">Ausw\u00e4rts \u201cGame on!\u201c\ud83c\udfaf<\/p>\n\n\n\n<p class=\"wp-block-paragraph\">Voller Vorfreude fand am 05.07.2023 das erste Match f\u00fcr die SV S\u00fclfeld Dartsparte gegen eine andere Dartmannschaft statt. Es ging zum und gegen den SC Wakendorf I und damit gleich gegen einen Gegner, der bereits an der Steeldart-Liga Kreis Segeberg teilgenommen hat.<\/p>\n\n\n\n<p class=\"wp-block-paragraph\">Zu sechst reisten wir an und spielten in 8 Einzeln und 4 Doppeln das klassische 501 mit Double-Out im Best of Three Modus.<\/p>\n\n\n\n<figure class=\"wp-block-image size-large\"><img loading=\"lazy\" decoding=\"async\" width=\"768\" height=\"1024\" src=\"https:\/\/www.svsuelfeld.de\/wp-content\/uploads\/2023\/07\/darts3-2-768x1024.jpg\" alt=\"\" class=\"wp-image-2276\" srcset=\"https:\/\/www.svsuelfeld.de\/wp-content\/uploads\/2023\/07\/darts3-2-768x1024.jpg 768w, https:\/\/www.svsuelfeld.de\/wp-content\/uploads\/2023\/07\/darts3-2-225x300.jpg 225w, https:\/\/www.svsuelfeld.de\/wp-content\/uploads\/2023\/07\/darts3-2-300x400.jpg 300w, https:\/\/www.svsuelfeld.de\/wp-content\/uploads\/2023\/07\/darts3-2-1152x1536.jpg 1152w, https:\/\/www.svsuelfeld.de\/wp-content\/uploads\/2023\/07\/darts3-2-1536x2048.jpg 1536w, https:\/\/www.svsuelfeld.de\/wp-content\/uploads\/2023\/07\/darts3-2-scaled.jpg 1920w\" sizes=\"auto, (max-width: 768px) 100vw, 768px\" \/><\/figure>\n\n\n\n<p class=\"wp-block-paragraph\">Hohe Scores blieben zun\u00e4chst auf beiden Seiten aus. Man merkte deutlich die anf\u00e4ngliche Nervosit\u00e4t, die der Vorfreude gewichen war. Zitat eines Teilnehmers: \u201eIrgendwie f\u00fchlen sich meine Arme an wie Gummi!\u201c<\/p>\n\n\n\n<p class=\"wp-block-paragraph\">Es ist doch etwas Anderes bei einem fremden Verein offiziell anzutreten, als allein in seinem Keller die Pfeile zu schmei\u00dfen.<\/p>\n\n\n\n<p class=\"wp-block-paragraph\">Diese Nervosit\u00e4t verschwand dann allerdings nach den ersten Legs und der Spa\u00df stand mal wieder im Vordergrund. Die Scores wurden auf beiden Seiten besser. Es entwickelten sich ausgeglichene Matches. Allerdings war uns der Gegner im Checkout \u00fcberlegen und gewann am Ende auch verdient mit 8:4.<\/p>\n\n\n\n<p class=\"wp-block-paragraph\">Fazit des ersten offiziellen Matchs: Verstecken m\u00fcssen wir uns hinsichtlich der Averages nicht. Es gilt aber die Checkout-Quote zu verbessern, um die n\u00e4chsten Matches ggf. f\u00fcr uns zu entscheiden. Alle Teilnehmer*innen waren sich jedoch einig: Es hat Riesenspa\u00df gemacht!<\/p>\n\n\n\n<p class=\"wp-block-paragraph\">Die Revanche gegen den SC Wakendorf I ist schon in Planung. Dann aber im altehrw\u00fcrdigen \u201eG\u00fcnthers\u201c!<\/p>\n\n\n\n<p class=\"wp-block-paragraph\">Bis demn\u00e4chst und \u201eGood Darts!\u201c<\/p>\n\n\n\n<p class=\"wp-block-paragraph\">Till<\/p>\n","protected":false},"excerpt":{"rendered":"<p>Ausw\u00e4rts \u201cGame on!\u201c\ud83c\udfaf Voller Vorfreude fand am 05.07.2023 das erste Match f\u00fcr die SV S\u00fclfeld Dartsparte gegen eine andere Dartmannschaft statt. Es ging zum und gegen den SC Wakendorf I und damit gleich gegen einen Gegner, der bereits an der Steeldart-Liga Kreis Segeberg teilgenommen hat. Zu sechst reisten wir an und spielten in 8 Einzeln [&hellip;]<\/p>\n","protected":false},"author":1,"featured_media":2277,"comment_status":"open","ping_status":"open","sticky":false,"template":"","format":"standard","meta":{"_crdt_document":"","pgc_sgb_lightbox_settings":"","footnotes":""},"categories":[122],"tags":[],"class_list":["post-2275","post","type-post","status-publish","format-standard","has-post-thumbnail","hentry","category-darts"],"yoast_head":"<!-- This site is optimized with the Yoast SEO plugin v27.5 - https:\/\/yoast.com\/product\/yoast-seo-wordpress\/ -->\n<title>Spartenbericht Nr.3 - Darts - SV S\u00fclfeld<\/title>\n<meta name=\"robots\" content=\"index, follow, max-snippet:-1, max-image-preview:large, max-video-preview:-1\" \/>\n<link rel=\"canonical\" href=\"https:\/\/www.svsuelfeld.de\/?p=2275\" \/>\n<meta property=\"og:locale\" content=\"de_DE\" \/>\n<meta property=\"og:type\" content=\"article\" \/>\n<meta property=\"og:title\" content=\"Spartenbericht Nr.3 - Darts - SV S\u00fclfeld\" \/>\n<meta property=\"og:description\" content=\"Ausw\u00e4rts \u201cGame on!\u201c\ud83c\udfaf Voller Vorfreude fand am 05.07.2023 das erste Match f\u00fcr die SV S\u00fclfeld Dartsparte gegen eine andere Dartmannschaft statt. Es ging zum und gegen den SC Wakendorf I und damit gleich gegen einen Gegner, der bereits an der Steeldart-Liga Kreis Segeberg teilgenommen hat. Zu sechst reisten wir an und spielten in 8 Einzeln [&hellip;]\" \/>\n<meta property=\"og:url\" content=\"https:\/\/www.svsuelfeld.de\/?p=2275\" \/>\n<meta property=\"og:site_name\" content=\"SV S\u00fclfeld\" \/>\n<meta property=\"article:publisher\" content=\"https:\/\/de-de.facebook.com\/svsuelfeld\/\" \/>\n<meta property=\"article:published_time\" content=\"2023-07-08T19:10:48+00:00\" \/>\n<meta property=\"article:modified_time\" content=\"2023-09-15T12:57:49+00:00\" \/>\n<meta property=\"og:image\" content=\"https:\/\/www.svsuelfeld.de\/wp-content\/uploads\/2023\/07\/darts3-1-scaled.jpg\" \/>\n\t<meta property=\"og:image:width\" content=\"1920\" \/>\n\t<meta property=\"og:image:height\" content=\"2560\" \/>\n\t<meta property=\"og:image:type\" content=\"image\/jpeg\" \/>\n<meta name=\"author\" content=\"Admin\" \/>\n<meta name=\"twitter:card\" content=\"summary_large_image\" \/>\n<meta name=\"twitter:label1\" content=\"Verfasst von\" \/>\n\t<meta name=\"twitter:data1\" content=\"Admin\" \/>\n\t<meta name=\"twitter:label2\" content=\"Gesch\u00e4tzte Lesezeit\" \/>\n\t<meta name=\"twitter:data2\" content=\"1\u00a0Minute\" \/>\n<script type=\"application\/ld+json\" class=\"yoast-schema-graph\">{\"@context\":\"https:\\\/\\\/schema.org\",\"@graph\":[{\"@type\":\"Article\",\"@id\":\"https:\\\/\\\/www.svsuelfeld.de\\\/?p=2275#article\",\"isPartOf\":{\"@id\":\"https:\\\/\\\/www.svsuelfeld.de\\\/?p=2275\"},\"author\":{\"name\":\"Admin\",\"@id\":\"https:\\\/\\\/www.svsuelfeld.de\\\/#\\\/schema\\\/person\\\/d9d2426f6701f3567d39ffbf6c69ed96\"},\"headline\":\"Spartenbericht Nr.3 &#8211; Darts\",\"datePublished\":\"2023-07-08T19:10:48+00:00\",\"dateModified\":\"2023-09-15T12:57:49+00:00\",\"mainEntityOfPage\":{\"@id\":\"https:\\\/\\\/www.svsuelfeld.de\\\/?p=2275\"},\"wordCount\":239,\"commentCount\":0,\"publisher\":{\"@id\":\"https:\\\/\\\/www.svsuelfeld.de\\\/#organization\"},\"image\":{\"@id\":\"https:\\\/\\\/www.svsuelfeld.de\\\/?p=2275#primaryimage\"},\"thumbnailUrl\":\"https:\\\/\\\/www.svsuelfeld.de\\\/wp-content\\\/uploads\\\/2023\\\/07\\\/darts3-1-scaled.jpg\",\"articleSection\":[\"Darts\"],\"inLanguage\":\"de\",\"potentialAction\":[{\"@type\":\"CommentAction\",\"name\":\"Comment\",\"target\":[\"https:\\\/\\\/www.svsuelfeld.de\\\/?p=2275#respond\"]}]},{\"@type\":\"WebPage\",\"@id\":\"https:\\\/\\\/www.svsuelfeld.de\\\/?p=2275\",\"url\":\"https:\\\/\\\/www.svsuelfeld.de\\\/?p=2275\",\"name\":\"Spartenbericht Nr.3 - Darts - SV S\u00fclfeld\",\"isPartOf\":{\"@id\":\"https:\\\/\\\/www.svsuelfeld.de\\\/#website\"},\"primaryImageOfPage\":{\"@id\":\"https:\\\/\\\/www.svsuelfeld.de\\\/?p=2275#primaryimage\"},\"image\":{\"@id\":\"https:\\\/\\\/www.svsuelfeld.de\\\/?p=2275#primaryimage\"},\"thumbnailUrl\":\"https:\\\/\\\/www.svsuelfeld.de\\\/wp-content\\\/uploads\\\/2023\\\/07\\\/darts3-1-scaled.jpg\",\"datePublished\":\"2023-07-08T19:10:48+00:00\",\"dateModified\":\"2023-09-15T12:57:49+00:00\",\"breadcrumb\":{\"@id\":\"https:\\\/\\\/www.svsuelfeld.de\\\/?p=2275#breadcrumb\"},\"inLanguage\":\"de\",\"potentialAction\":[{\"@type\":\"ReadAction\",\"target\":[\"https:\\\/\\\/www.svsuelfeld.de\\\/?p=2275\"]}]},{\"@type\":\"ImageObject\",\"inLanguage\":\"de\",\"@id\":\"https:\\\/\\\/www.svsuelfeld.de\\\/?p=2275#primaryimage\",\"url\":\"https:\\\/\\\/www.svsuelfeld.de\\\/wp-content\\\/uploads\\\/2023\\\/07\\\/darts3-1-scaled.jpg\",\"contentUrl\":\"https:\\\/\\\/www.svsuelfeld.de\\\/wp-content\\\/uploads\\\/2023\\\/07\\\/darts3-1-scaled.jpg\",\"width\":1920,\"height\":2560},{\"@type\":\"BreadcrumbList\",\"@id\":\"https:\\\/\\\/www.svsuelfeld.de\\\/?p=2275#breadcrumb\",\"itemListElement\":[{\"@type\":\"ListItem\",\"position\":1,\"name\":\"Startseite\",\"item\":\"https:\\\/\\\/www.svsuelfeld.de\\\/\"},{\"@type\":\"ListItem\",\"position\":2,\"name\":\"Spartenbericht Nr.3 &#8211; Darts\"}]},{\"@type\":\"WebSite\",\"@id\":\"https:\\\/\\\/www.svsuelfeld.de\\\/#website\",\"url\":\"https:\\\/\\\/www.svsuelfeld.de\\\/\",\"name\":\"SV S\u00fclfeld\",\"description\":\"...mehr S\u00fclfeld geht nicht\",\"publisher\":{\"@id\":\"https:\\\/\\\/www.svsuelfeld.de\\\/#organization\"},\"potentialAction\":[{\"@type\":\"SearchAction\",\"target\":{\"@type\":\"EntryPoint\",\"urlTemplate\":\"https:\\\/\\\/www.svsuelfeld.de\\\/?s={search_term_string}\"},\"query-input\":{\"@type\":\"PropertyValueSpecification\",\"valueRequired\":true,\"valueName\":\"search_term_string\"}}],\"inLanguage\":\"de\"},{\"@type\":\"Organization\",\"@id\":\"https:\\\/\\\/www.svsuelfeld.de\\\/#organization\",\"name\":\"SV S\u00fclfeld\",\"url\":\"https:\\\/\\\/www.svsuelfeld.de\\\/\",\"logo\":{\"@type\":\"ImageObject\",\"inLanguage\":\"de\",\"@id\":\"https:\\\/\\\/www.svsuelfeld.de\\\/#\\\/schema\\\/logo\\\/image\\\/\",\"url\":\"https:\\\/\\\/www.svsuelfeld.de\\\/wp-content\\\/uploads\\\/2022\\\/06\\\/cropped-svs-logo.png\",\"contentUrl\":\"https:\\\/\\\/www.svsuelfeld.de\\\/wp-content\\\/uploads\\\/2022\\\/06\\\/cropped-svs-logo.png\",\"width\":210,\"height\":210,\"caption\":\"SV S\u00fclfeld\"},\"image\":{\"@id\":\"https:\\\/\\\/www.svsuelfeld.de\\\/#\\\/schema\\\/logo\\\/image\\\/\"},\"sameAs\":[\"https:\\\/\\\/de-de.facebook.com\\\/svsuelfeld\\\/\"]},{\"@type\":\"Person\",\"@id\":\"https:\\\/\\\/www.svsuelfeld.de\\\/#\\\/schema\\\/person\\\/d9d2426f6701f3567d39ffbf6c69ed96\",\"name\":\"Admin\",\"image\":{\"@type\":\"ImageObject\",\"inLanguage\":\"de\",\"@id\":\"https:\\\/\\\/www.svsuelfeld.de\\\/wp-content\\\/uploads\\\/2022\\\/08\\\/cropped-dh_265-96x96.png\",\"url\":\"https:\\\/\\\/www.svsuelfeld.de\\\/wp-content\\\/uploads\\\/2022\\\/08\\\/cropped-dh_265-96x96.png\",\"contentUrl\":\"https:\\\/\\\/www.svsuelfeld.de\\\/wp-content\\\/uploads\\\/2022\\\/08\\\/cropped-dh_265-96x96.png\",\"caption\":\"Admin\"},\"sameAs\":[\"http:\\\/\\\/www.svsuelfeld.de\"],\"url\":\"https:\\\/\\\/www.svsuelfeld.de\\\/?author=1\"}]}<\/script>\n<!-- \/ Yoast SEO plugin. -->","yoast_head_json":{"title":"Spartenbericht Nr.3 - Darts - SV S\u00fclfeld","robots":{"index":"index","follow":"follow","max-snippet":"max-snippet:-1","max-image-preview":"max-image-preview:large","max-video-preview":"max-video-preview:-1"},"canonical":"https:\/\/www.svsuelfeld.de\/?p=2275","og_locale":"de_DE","og_type":"article","og_title":"Spartenbericht Nr.3 - Darts - SV S\u00fclfeld","og_description":"Ausw\u00e4rts \u201cGame on!\u201c\ud83c\udfaf Voller Vorfreude fand am 05.07.2023 das erste Match f\u00fcr die SV S\u00fclfeld Dartsparte gegen eine andere Dartmannschaft statt. Es ging zum und gegen den SC Wakendorf I und damit gleich gegen einen Gegner, der bereits an der Steeldart-Liga Kreis Segeberg teilgenommen hat. Zu sechst reisten wir an und spielten in 8 Einzeln [&hellip;]","og_url":"https:\/\/www.svsuelfeld.de\/?p=2275","og_site_name":"SV S\u00fclfeld","article_publisher":"https:\/\/de-de.facebook.com\/svsuelfeld\/","article_published_time":"2023-07-08T19:10:48+00:00","article_modified_time":"2023-09-15T12:57:49+00:00","og_image":[{"width":1920,"height":2560,"url":"https:\/\/www.svsuelfeld.de\/wp-content\/uploads\/2023\/07\/darts3-1-scaled.jpg","type":"image\/jpeg"}],"author":"Admin","twitter_card":"summary_large_image","twitter_misc":{"Verfasst von":"Admin","Gesch\u00e4tzte Lesezeit":"1\u00a0Minute"},"schema":{"@context":"https:\/\/schema.org","@graph":[{"@type":"Article","@id":"https:\/\/www.svsuelfeld.de\/?p=2275#article","isPartOf":{"@id":"https:\/\/www.svsuelfeld.de\/?p=2275"},"author":{"name":"Admin","@id":"https:\/\/www.svsuelfeld.de\/#\/schema\/person\/d9d2426f6701f3567d39ffbf6c69ed96"},"headline":"Spartenbericht Nr.3 &#8211; Darts","datePublished":"2023-07-08T19:10:48+00:00","dateModified":"2023-09-15T12:57:49+00:00","mainEntityOfPage":{"@id":"https:\/\/www.svsuelfeld.de\/?p=2275"},"wordCount":239,"commentCount":0,"publisher":{"@id":"https:\/\/www.svsuelfeld.de\/#organization"},"image":{"@id":"https:\/\/www.svsuelfeld.de\/?p=2275#primaryimage"},"thumbnailUrl":"https:\/\/www.svsuelfeld.de\/wp-content\/uploads\/2023\/07\/darts3-1-scaled.jpg","articleSection":["Darts"],"inLanguage":"de","potentialAction":[{"@type":"CommentAction","name":"Comment","target":["https:\/\/www.svsuelfeld.de\/?p=2275#respond"]}]},{"@type":"WebPage","@id":"https:\/\/www.svsuelfeld.de\/?p=2275","url":"https:\/\/www.svsuelfeld.de\/?p=2275","name":"Spartenbericht Nr.3 - Darts - SV S\u00fclfeld","isPartOf":{"@id":"https:\/\/www.svsuelfeld.de\/#website"},"primaryImageOfPage":{"@id":"https:\/\/www.svsuelfeld.de\/?p=2275#primaryimage"},"image":{"@id":"https:\/\/www.svsuelfeld.de\/?p=2275#primaryimage"},"thumbnailUrl":"https:\/\/www.svsuelfeld.de\/wp-content\/uploads\/2023\/07\/darts3-1-scaled.jpg","datePublished":"2023-07-08T19:10:48+00:00","dateModified":"2023-09-15T12:57:49+00:00","breadcrumb":{"@id":"https:\/\/www.svsuelfeld.de\/?p=2275#breadcrumb"},"inLanguage":"de","potentialAction":[{"@type":"ReadAction","target":["https:\/\/www.svsuelfeld.de\/?p=2275"]}]},{"@type":"ImageObject","inLanguage":"de","@id":"https:\/\/www.svsuelfeld.de\/?p=2275#primaryimage","url":"https:\/\/www.svsuelfeld.de\/wp-content\/uploads\/2023\/07\/darts3-1-scaled.jpg","contentUrl":"https:\/\/www.svsuelfeld.de\/wp-content\/uploads\/2023\/07\/darts3-1-scaled.jpg","width":1920,"height":2560},{"@type":"BreadcrumbList","@id":"https:\/\/www.svsuelfeld.de\/?p=2275#breadcrumb","itemListElement":[{"@type":"ListItem","position":1,"name":"Startseite","item":"https:\/\/www.svsuelfeld.de\/"},{"@type":"ListItem","position":2,"name":"Spartenbericht Nr.3 &#8211; Darts"}]},{"@type":"WebSite","@id":"https:\/\/www.svsuelfeld.de\/#website","url":"https:\/\/www.svsuelfeld.de\/","name":"SV S\u00fclfeld","description":"...mehr S\u00fclfeld geht nicht","publisher":{"@id":"https:\/\/www.svsuelfeld.de\/#organization"},"potentialAction":[{"@type":"SearchAction","target":{"@type":"EntryPoint","urlTemplate":"https:\/\/www.svsuelfeld.de\/?s={search_term_string}"},"query-input":{"@type":"PropertyValueSpecification","valueRequired":true,"valueName":"search_term_string"}}],"inLanguage":"de"},{"@type":"Organization","@id":"https:\/\/www.svsuelfeld.de\/#organization","name":"SV S\u00fclfeld","url":"https:\/\/www.svsuelfeld.de\/","logo":{"@type":"ImageObject","inLanguage":"de","@id":"https:\/\/www.svsuelfeld.de\/#\/schema\/logo\/image\/","url":"https:\/\/www.svsuelfeld.de\/wp-content\/uploads\/2022\/06\/cropped-svs-logo.png","contentUrl":"https:\/\/www.svsuelfeld.de\/wp-content\/uploads\/2022\/06\/cropped-svs-logo.png","width":210,"height":210,"caption":"SV S\u00fclfeld"},"image":{"@id":"https:\/\/www.svsuelfeld.de\/#\/schema\/logo\/image\/"},"sameAs":["https:\/\/de-de.facebook.com\/svsuelfeld\/"]},{"@type":"Person","@id":"https:\/\/www.svsuelfeld.de\/#\/schema\/person\/d9d2426f6701f3567d39ffbf6c69ed96","name":"Admin","image":{"@type":"ImageObject","inLanguage":"de","@id":"https:\/\/www.svsuelfeld.de\/wp-content\/uploads\/2022\/08\/cropped-dh_265-96x96.png","url":"https:\/\/www.svsuelfeld.de\/wp-content\/uploads\/2022\/08\/cropped-dh_265-96x96.png","contentUrl":"https:\/\/www.svsuelfeld.de\/wp-content\/uploads\/2022\/08\/cropped-dh_265-96x96.png","caption":"Admin"},"sameAs":["http:\/\/www.svsuelfeld.de"],"url":"https:\/\/www.svsuelfeld.de\/?author=1"}]}},"publishpress_future_action":{"enabled":false,"date":"2026-05-06 12:16:38","action":"change-status","newStatus":"draft","terms":[],"taxonomy":"category","extraData":[]},"publishpress_future_workflow_manual_trigger":{"enabledWorkflows":[]},"_links":{"self":[{"href":"https:\/\/www.svsuelfeld.de\/index.php?rest_route=\/wp\/v2\/posts\/2275","targetHints":{"allow":["GET"]}}],"collection":[{"href":"https:\/\/www.svsuelfeld.de\/index.php?rest_route=\/wp\/v2\/posts"}],"about":[{"href":"https:\/\/www.svsuelfeld.de\/index.php?rest_route=\/wp\/v2\/types\/post"}],"author":[{"embeddable":true,"href":"https:\/\/www.svsuelfeld.de\/index.php?rest_route=\/wp\/v2\/users\/1"}],"replies":[{"embeddable":true,"href":"https:\/\/www.svsuelfeld.de\/index.php?rest_route=%2Fwp%2Fv2%2Fcomments&post=2275"}],"version-history":[{"count":1,"href":"https:\/\/www.svsuelfeld.de\/index.php?rest_route=\/wp\/v2\/posts\/2275\/revisions"}],"predecessor-version":[{"id":2278,"href":"https:\/\/www.svsuelfeld.de\/index.php?rest_route=\/wp\/v2\/posts\/2275\/revisions\/2278"}],"wp:featuredmedia":[{"embeddable":true,"href":"https:\/\/www.svsuelfeld.de\/index.php?rest_route=\/wp\/v2\/media\/2277"}],"wp:attachment":[{"href":"https:\/\/www.svsuelfeld.de\/index.php?rest_route=%2Fwp%2Fv2%2Fmedia&parent=2275"}],"wp:term":[{"taxonomy":"category","embeddable":true,"href":"https:\/\/www.svsuelfeld.de\/index.php?rest_route=%2Fwp%2Fv2%2Fcategories&post=2275"},{"taxonomy":"post_tag","embeddable":true,"href":"https:\/\/www.svsuelfeld.de\/index.php?rest_route=%2Fwp%2Fv2%2Ftags&post=2275"}],"curies":[{"name":"wp","href":"https:\/\/api.w.org\/{rel}","templated":true}]}}