{"id":293,"date":"2017-03-21T13:04:00","date_gmt":"2017-03-21T12:04:00","guid":{"rendered":"https:\/\/www.svsuelfeld.de\/?p=293"},"modified":"2022-03-21T10:07:58","modified_gmt":"2022-03-21T09:07:58","slug":"spartenbericht-fussball-jugend-2017","status":"publish","type":"post","link":"https:\/\/www.svsuelfeld.de\/?p=293","title":{"rendered":"Spartenbericht Fu\u00dfball Jugend 2017"},"content":{"rendered":"\n<h2 class=\"wp-block-heading\">Bericht aus der Sparte Fu\u00dfball-Junioren 2016\/17<\/h2>\n\n\n\n<p class=\"wp-block-paragraph\">In der Fu\u00dfballjugendsparte werden derzeit etwa 90 Kinder und Jugendliche an Mannschaftssport Fu\u00dfball herangef\u00fchrt. Beim Training werden neben den sportlichen Aspekten den Jugendlichen auch soziale Kompetenz, Integration und nat\u00fcrlich Teamf\u00e4higkeit n\u00e4her gebracht.&nbsp; Dass der Spa\u00df dabei nicht zu kurz kommt, daf\u00fcr sorgen die zahlreichen Trainer und Betreuer, die Woche f\u00fcr Woche gemeinsam mit den Kindern begeistert auf dem Fu\u00dfballplatz stehen.<\/p>\n\n\n\n<p class=\"wp-block-paragraph\">Im Jahr 2016 wurden wieder viele Veranstaltungen f\u00fcr unsere jungen Sportler durchgef\u00fchrt. Neben dem mannschaftseigenen Hallenturnier fand auch dieses Jahr wieder das Wolfgang-Horn-Turnier, nun schon zum 55. Mal, statt. Wir danken allen freiwilligen Helfern f\u00fcr ihre tolle Unterst\u00fctzung! Ohne diesen Einsatz w\u00e4re ein solches Turnier nicht m\u00f6glich!<\/p>\n\n\n\n<p class=\"wp-block-paragraph\">In der Saison 2016\/17 konnten wir leider nicht f\u00fcr jede Altersgruppe eine Mannschaft zur Punktspielrunde anmelden. Eine E-Jugend (Jahrgang 06\/07) gibt es dieses Jahr nicht.&nbsp; In A- und C-Jugend haben wir eine sehr erfolgreiche Spielgemeinschaft mit dem Bargfelder SV, die auch in den kommenden Jahren fortgef\u00fchrt und vertieft werden soll. Auch gibt es wieder eine C-M\u00e4dchenmannschaft, die allerdings au\u00dfer Konkurrenz spielt, da die \u00e4ltesten Spielerinnen bereits im B-Jugendalter sind.<\/p>\n\n\n\n<p class=\"wp-block-paragraph\">Die aktuelle Spartenleitung, bestehend aus dem Vater-Sohn-Gespann J\u00f6rg und Justus Br\u00f6cker wird ab der Jahreshauptversammlung nicht mehr zur Verf\u00fcgung stehen. Deshalb wurde bereits versucht, einen oder mehrere Nachfolger zu finden, die mithilfe einer schriftlichen Anleitung schnell \u00fcbernehmen k\u00f6nnen. Das erfolgreiche Sommerturnier, der WHC, wird weiterhin von Mathias Rapp und Johannes Br\u00f6cker organisiert, f\u00fcr das dazugeh\u00f6rige Catering f\u00fchlt sich Michaela Marxsen verantwortlich. Auch die Spartenkasse ist bei Karin und Olaf Pump in professioneller Hand, sodass ein neuer Spartenleiter sich ausschlie\u00dflich um das sportliche und organisatorische \u201eTagesgesch\u00e4ft\u201c k\u00fcmmern muss. F\u00fcr R\u00fcckfragen stehen die beiden selbstredend immer zur Verf\u00fcgung.<\/p>\n\n\n\n<p class=\"wp-block-paragraph\">Berichte aus den Mannschaften: A-Jugend &#8211; B-Jugend &#8211;&nbsp;<a>C-Jugend&nbsp;<\/a>&#8211; D-Jugend &#8211; E-Jugend &#8211; F-Jugend &#8211;&nbsp;<a>G-Jugend<\/a><\/p>\n\n\n\n<hr class=\"wp-block-separator\"\/>\n\n\n\n<h3 class=\"wp-block-heading\">C-Jugend:<\/h3>\n\n\n\n<p class=\"wp-block-paragraph\"><img alt=\"Die C-Jugend mit den neuen gesponserten Trainingsanz\u00fcgen\" width=\"500\" height=\"240\"><em>Die C-Jugend mit den neuen gesponserten Trainingsanz\u00fcgen<\/em><\/p>\n\n\n\n<p class=\"wp-block-paragraph\">Unsere C-Jugend spielt nun schon im dritten Jahr als Spielgemeinschaft unter dem Namen SG Bargfeld-S\u00fclfeld. Gemeinsam mit dem Bargfelder SV konnten wir dadurch jedes Jahr 2 CJugend Mannschaften melden. Die Zusammenarbeit wurde dabei immer intensiver. Im ersten Jahr waren die Mannschaften noch total getrennt, eine spielte und trainierte in S\u00fclfeld und die andere in Bargfeld, nur bei Bedarf konnten Spieler in der jeweils anderen Mannschaft aushelfen.<\/p>\n\n\n\n\n\n<p class=\"wp-block-paragraph\">Im zweiten Jahr haben wir dann einmal pro Woche gemeinsam trainiert. In der Endabrechnung kam zweimal die Vizemeisterschaft heraus. In dieser Saison trainieren wir nun komplett gemeinsam mit fast 30 Spielern montags in Bargfeld und donnerstags in S\u00fclfeld. Die Zusammenarbeit mit J\u00f6rg Br\u00f6cker aus S\u00fclfeld und klappt sehr gut und fast jeder Spieler hat schon einmal in der ersten oder der zweiten Mannschaft gespielt. Als teambildende Ma\u00dfnahme waren wir im Herbst im Kletterwald L\u00fctjensee und zur Weihnachtsfeier haben wir uns erst in der Soccerhalle ausgetobt. Danach wurden wir von Herrn Singh, dem Besitzer des &#8222;Casa Grande&#8220; in Bargteheide zum Essen eingeladen. Und abschlie\u00dfend haben wir uns dann noch ins Vereinsheim in S\u00fclfeld zusammengesetzt und bei Tischkicker, Darts und Fifa 17 die Feier ausklingen lassen. Es hat allen viel Spa\u00df gemacht.<\/p>\n\n\n\n<p class=\"wp-block-paragraph\">Im Winter haben wir einige Hallenturniere gespielt, wobei wir die Hallenturniere in Fahrenkrug\/Schackendorf, in Nahe und unser eigenes in S\u00fclfeld gewinnen konnten. H\u00f6hepunkt war allerdings der Gewinn der Vizehallenkreismeisterschaft f\u00fcr die SG Bargfeld- S\u00fclfeld im Kreis Stormarn.<\/p>\n\n\n\n<figure class=\"wp-block-table\"><table><tbody><tr><td><img alt=\"\" width=\"150\" height=\"181\">&nbsp;<\/td><td>&nbsp;<img alt=\"Mannschaft HMK 2017\" width=\"300\" height=\"229\"><br><em>hinten: Ole, Timon, Finn, Luca, Melvin, Thorsten Henk<\/em><br><em>vorne: Rasmus, Massoud, Ian<\/em><\/td><\/tr><\/tbody><\/table><\/figure>\n\n\n\n<p class=\"wp-block-paragraph\">Aktuell steht die erste Mannschaft auf dem 4. Platz der Kreisklasse A Stormarn-Lauenburg und die zweite Mannschaft auf dem 9. Platz der Kreisklasse B in Bad Segeberg<\/p>\n\n\n\n<hr class=\"wp-block-separator\"\/>\n\n\n\n<h3 class=\"wp-block-heading\">G-Jugend:<\/h3>\n\n\n\n<p class=\"wp-block-paragraph\">Unsere G-Jugend Mannschaft spielt in dieser Saison in der Staffel A im Kreis Segeberg.<\/p>\n\n\n\n<p class=\"wp-block-paragraph\">\u00dcber neue Spielerinnen und Spieler ab 4 Jahren freuen wir uns immer. Schaut doch einfach beim Training vorbei.<\/p>\n\n\n\n<p class=\"wp-block-paragraph\">F\u00fcr die kommende Saison (2017\/2018) sucht die G-Jugend eine\/n neue\/n Trainer\/in. Bei Interesse meldet euch bitte beim Jugendobmann oder beim 1. Vorsitzenden.<\/p>\n","protected":false},"excerpt":{"rendered":"<p>Bericht aus der Sparte Fu\u00dfball-Junioren 2016\/17 In der Fu\u00dfballjugendsparte werden derzeit etwa 90 Kinder und Jugendliche an Mannschaftssport Fu\u00dfball herangef\u00fchrt. Beim Training werden neben den sportlichen Aspekten den Jugendlichen auch soziale Kompetenz, Integration und nat\u00fcrlich Teamf\u00e4higkeit n\u00e4her gebracht.&nbsp; Dass der Spa\u00df dabei nicht zu kurz kommt, daf\u00fcr sorgen die zahlreichen Trainer und Betreuer, die Woche [&hellip;]<\/p>\n","protected":false},"author":6,"featured_media":78,"comment_status":"closed","ping_status":"closed","sticky":false,"template":"","format":"standard","meta":{"_crdt_document":"","pgc_sgb_lightbox_settings":"","footnotes":""},"categories":[35],"tags":[],"class_list":["post-293","post","type-post","status-publish","format-standard","has-post-thumbnail","hentry","category-fussball-jugend"],"yoast_head":"<!-- This site is optimized with the Yoast SEO plugin v27.5 - https:\/\/yoast.com\/product\/yoast-seo-wordpress\/ -->\n<title>Spartenbericht Fu\u00dfball Jugend 2017 - SV S\u00fclfeld<\/title>\n<meta name=\"robots\" content=\"index, follow, max-snippet:-1, max-image-preview:large, max-video-preview:-1\" \/>\n<link rel=\"canonical\" href=\"https:\/\/www.svsuelfeld.de\/?p=293\" \/>\n<meta property=\"og:locale\" content=\"de_DE\" \/>\n<meta property=\"og:type\" content=\"article\" \/>\n<meta property=\"og:title\" content=\"Spartenbericht Fu\u00dfball Jugend 2017 - SV S\u00fclfeld\" \/>\n<meta property=\"og:description\" content=\"Bericht aus der Sparte Fu\u00dfball-Junioren 2016\/17 In der Fu\u00dfballjugendsparte werden derzeit etwa 90 Kinder und Jugendliche an Mannschaftssport Fu\u00dfball herangef\u00fchrt. Beim Training werden neben den sportlichen Aspekten den Jugendlichen auch soziale Kompetenz, Integration und nat\u00fcrlich Teamf\u00e4higkeit n\u00e4her gebracht.&nbsp; Dass der Spa\u00df dabei nicht zu kurz kommt, daf\u00fcr sorgen die zahlreichen Trainer und Betreuer, die Woche [&hellip;]\" \/>\n<meta property=\"og:url\" content=\"https:\/\/www.svsuelfeld.de\/?p=293\" \/>\n<meta property=\"og:site_name\" content=\"SV S\u00fclfeld\" \/>\n<meta property=\"article:publisher\" content=\"https:\/\/de-de.facebook.com\/svsuelfeld\/\" \/>\n<meta property=\"article:published_time\" content=\"2017-03-21T12:04:00+00:00\" \/>\n<meta property=\"article:modified_time\" content=\"2022-03-21T09:07:58+00:00\" \/>\n<meta property=\"og:image\" content=\"https:\/\/www.svsuelfeld.de\/wp-content\/uploads\/2022\/02\/fussball.jpg\" \/>\n\t<meta property=\"og:image:width\" content=\"1920\" \/>\n\t<meta property=\"og:image:height\" content=\"1280\" \/>\n\t<meta property=\"og:image:type\" content=\"image\/jpeg\" \/>\n<meta name=\"author\" content=\"fussball\" \/>\n<meta name=\"twitter:card\" content=\"summary_large_image\" \/>\n<meta name=\"twitter:label1\" content=\"Verfasst von\" \/>\n\t<meta name=\"twitter:data1\" content=\"fussball\" \/>\n\t<meta name=\"twitter:label2\" content=\"Gesch\u00e4tzte Lesezeit\" \/>\n\t<meta name=\"twitter:data2\" content=\"3\u00a0Minuten\" \/>\n<script type=\"application\/ld+json\" class=\"yoast-schema-graph\">{\"@context\":\"https:\\\/\\\/schema.org\",\"@graph\":[{\"@type\":\"Article\",\"@id\":\"https:\\\/\\\/www.svsuelfeld.de\\\/?p=293#article\",\"isPartOf\":{\"@id\":\"https:\\\/\\\/www.svsuelfeld.de\\\/?p=293\"},\"author\":{\"name\":\"fussball\",\"@id\":\"https:\\\/\\\/www.svsuelfeld.de\\\/#\\\/schema\\\/person\\\/28cb3b4050d906868084a9abf2b916ab\"},\"headline\":\"Spartenbericht Fu\u00dfball Jugend 2017\",\"datePublished\":\"2017-03-21T12:04:00+00:00\",\"dateModified\":\"2022-03-21T09:07:58+00:00\",\"mainEntityOfPage\":{\"@id\":\"https:\\\/\\\/www.svsuelfeld.de\\\/?p=293\"},\"wordCount\":681,\"publisher\":{\"@id\":\"https:\\\/\\\/www.svsuelfeld.de\\\/#organization\"},\"image\":{\"@id\":\"https:\\\/\\\/www.svsuelfeld.de\\\/?p=293#primaryimage\"},\"thumbnailUrl\":\"https:\\\/\\\/www.svsuelfeld.de\\\/wp-content\\\/uploads\\\/2022\\\/02\\\/fussball.jpg\",\"articleSection\":[\"Fu\u00dfball Jugend\"],\"inLanguage\":\"de\"},{\"@type\":\"WebPage\",\"@id\":\"https:\\\/\\\/www.svsuelfeld.de\\\/?p=293\",\"url\":\"https:\\\/\\\/www.svsuelfeld.de\\\/?p=293\",\"name\":\"Spartenbericht Fu\u00dfball Jugend 2017 - SV S\u00fclfeld\",\"isPartOf\":{\"@id\":\"https:\\\/\\\/www.svsuelfeld.de\\\/#website\"},\"primaryImageOfPage\":{\"@id\":\"https:\\\/\\\/www.svsuelfeld.de\\\/?p=293#primaryimage\"},\"image\":{\"@id\":\"https:\\\/\\\/www.svsuelfeld.de\\\/?p=293#primaryimage\"},\"thumbnailUrl\":\"https:\\\/\\\/www.svsuelfeld.de\\\/wp-content\\\/uploads\\\/2022\\\/02\\\/fussball.jpg\",\"datePublished\":\"2017-03-21T12:04:00+00:00\",\"dateModified\":\"2022-03-21T09:07:58+00:00\",\"breadcrumb\":{\"@id\":\"https:\\\/\\\/www.svsuelfeld.de\\\/?p=293#breadcrumb\"},\"inLanguage\":\"de\",\"potentialAction\":[{\"@type\":\"ReadAction\",\"target\":[\"https:\\\/\\\/www.svsuelfeld.de\\\/?p=293\"]}]},{\"@type\":\"ImageObject\",\"inLanguage\":\"de\",\"@id\":\"https:\\\/\\\/www.svsuelfeld.de\\\/?p=293#primaryimage\",\"url\":\"https:\\\/\\\/www.svsuelfeld.de\\\/wp-content\\\/uploads\\\/2022\\\/02\\\/fussball.jpg\",\"contentUrl\":\"https:\\\/\\\/www.svsuelfeld.de\\\/wp-content\\\/uploads\\\/2022\\\/02\\\/fussball.jpg\",\"width\":1920,\"height\":1280},{\"@type\":\"BreadcrumbList\",\"@id\":\"https:\\\/\\\/www.svsuelfeld.de\\\/?p=293#breadcrumb\",\"itemListElement\":[{\"@type\":\"ListItem\",\"position\":1,\"name\":\"Startseite\",\"item\":\"https:\\\/\\\/www.svsuelfeld.de\\\/\"},{\"@type\":\"ListItem\",\"position\":2,\"name\":\"Spartenbericht Fu\u00dfball Jugend 2017\"}]},{\"@type\":\"WebSite\",\"@id\":\"https:\\\/\\\/www.svsuelfeld.de\\\/#website\",\"url\":\"https:\\\/\\\/www.svsuelfeld.de\\\/\",\"name\":\"SV S\u00fclfeld\",\"description\":\"...mehr S\u00fclfeld geht nicht\",\"publisher\":{\"@id\":\"https:\\\/\\\/www.svsuelfeld.de\\\/#organization\"},\"potentialAction\":[{\"@type\":\"SearchAction\",\"target\":{\"@type\":\"EntryPoint\",\"urlTemplate\":\"https:\\\/\\\/www.svsuelfeld.de\\\/?s={search_term_string}\"},\"query-input\":{\"@type\":\"PropertyValueSpecification\",\"valueRequired\":true,\"valueName\":\"search_term_string\"}}],\"inLanguage\":\"de\"},{\"@type\":\"Organization\",\"@id\":\"https:\\\/\\\/www.svsuelfeld.de\\\/#organization\",\"name\":\"SV S\u00fclfeld\",\"url\":\"https:\\\/\\\/www.svsuelfeld.de\\\/\",\"logo\":{\"@type\":\"ImageObject\",\"inLanguage\":\"de\",\"@id\":\"https:\\\/\\\/www.svsuelfeld.de\\\/#\\\/schema\\\/logo\\\/image\\\/\",\"url\":\"https:\\\/\\\/www.svsuelfeld.de\\\/wp-content\\\/uploads\\\/2022\\\/06\\\/cropped-svs-logo.png\",\"contentUrl\":\"https:\\\/\\\/www.svsuelfeld.de\\\/wp-content\\\/uploads\\\/2022\\\/06\\\/cropped-svs-logo.png\",\"width\":210,\"height\":210,\"caption\":\"SV S\u00fclfeld\"},\"image\":{\"@id\":\"https:\\\/\\\/www.svsuelfeld.de\\\/#\\\/schema\\\/logo\\\/image\\\/\"},\"sameAs\":[\"https:\\\/\\\/de-de.facebook.com\\\/svsuelfeld\\\/\"]},{\"@type\":\"Person\",\"@id\":\"https:\\\/\\\/www.svsuelfeld.de\\\/#\\\/schema\\\/person\\\/28cb3b4050d906868084a9abf2b916ab\",\"name\":\"fussball\",\"image\":{\"@type\":\"ImageObject\",\"inLanguage\":\"de\",\"@id\":\"https:\\\/\\\/secure.gravatar.com\\\/avatar\\\/03fc9466e16a6d19e52c0c667910122516f0d73e0605349db2b8fda5d061e98e?s=96&d=mm&r=g\",\"url\":\"https:\\\/\\\/secure.gravatar.com\\\/avatar\\\/03fc9466e16a6d19e52c0c667910122516f0d73e0605349db2b8fda5d061e98e?s=96&d=mm&r=g\",\"contentUrl\":\"https:\\\/\\\/secure.gravatar.com\\\/avatar\\\/03fc9466e16a6d19e52c0c667910122516f0d73e0605349db2b8fda5d061e98e?s=96&d=mm&r=g\",\"caption\":\"fussball\"},\"url\":\"https:\\\/\\\/www.svsuelfeld.de\\\/?author=6\"}]}<\/script>\n<!-- \/ Yoast SEO plugin. -->","yoast_head_json":{"title":"Spartenbericht Fu\u00dfball Jugend 2017 - SV S\u00fclfeld","robots":{"index":"index","follow":"follow","max-snippet":"max-snippet:-1","max-image-preview":"max-image-preview:large","max-video-preview":"max-video-preview:-1"},"canonical":"https:\/\/www.svsuelfeld.de\/?p=293","og_locale":"de_DE","og_type":"article","og_title":"Spartenbericht Fu\u00dfball Jugend 2017 - SV S\u00fclfeld","og_description":"Bericht aus der Sparte Fu\u00dfball-Junioren 2016\/17 In der Fu\u00dfballjugendsparte werden derzeit etwa 90 Kinder und Jugendliche an Mannschaftssport Fu\u00dfball herangef\u00fchrt. Beim Training werden neben den sportlichen Aspekten den Jugendlichen auch soziale Kompetenz, Integration und nat\u00fcrlich Teamf\u00e4higkeit n\u00e4her gebracht.&nbsp; Dass der Spa\u00df dabei nicht zu kurz kommt, daf\u00fcr sorgen die zahlreichen Trainer und Betreuer, die Woche [&hellip;]","og_url":"https:\/\/www.svsuelfeld.de\/?p=293","og_site_name":"SV S\u00fclfeld","article_publisher":"https:\/\/de-de.facebook.com\/svsuelfeld\/","article_published_time":"2017-03-21T12:04:00+00:00","article_modified_time":"2022-03-21T09:07:58+00:00","og_image":[{"width":1920,"height":1280,"url":"https:\/\/www.svsuelfeld.de\/wp-content\/uploads\/2022\/02\/fussball.jpg","type":"image\/jpeg"}],"author":"fussball","twitter_card":"summary_large_image","twitter_misc":{"Verfasst von":"fussball","Gesch\u00e4tzte Lesezeit":"3\u00a0Minuten"},"schema":{"@context":"https:\/\/schema.org","@graph":[{"@type":"Article","@id":"https:\/\/www.svsuelfeld.de\/?p=293#article","isPartOf":{"@id":"https:\/\/www.svsuelfeld.de\/?p=293"},"author":{"name":"fussball","@id":"https:\/\/www.svsuelfeld.de\/#\/schema\/person\/28cb3b4050d906868084a9abf2b916ab"},"headline":"Spartenbericht Fu\u00dfball Jugend 2017","datePublished":"2017-03-21T12:04:00+00:00","dateModified":"2022-03-21T09:07:58+00:00","mainEntityOfPage":{"@id":"https:\/\/www.svsuelfeld.de\/?p=293"},"wordCount":681,"publisher":{"@id":"https:\/\/www.svsuelfeld.de\/#organization"},"image":{"@id":"https:\/\/www.svsuelfeld.de\/?p=293#primaryimage"},"thumbnailUrl":"https:\/\/www.svsuelfeld.de\/wp-content\/uploads\/2022\/02\/fussball.jpg","articleSection":["Fu\u00dfball Jugend"],"inLanguage":"de"},{"@type":"WebPage","@id":"https:\/\/www.svsuelfeld.de\/?p=293","url":"https:\/\/www.svsuelfeld.de\/?p=293","name":"Spartenbericht Fu\u00dfball Jugend 2017 - SV S\u00fclfeld","isPartOf":{"@id":"https:\/\/www.svsuelfeld.de\/#website"},"primaryImageOfPage":{"@id":"https:\/\/www.svsuelfeld.de\/?p=293#primaryimage"},"image":{"@id":"https:\/\/www.svsuelfeld.de\/?p=293#primaryimage"},"thumbnailUrl":"https:\/\/www.svsuelfeld.de\/wp-content\/uploads\/2022\/02\/fussball.jpg","datePublished":"2017-03-21T12:04:00+00:00","dateModified":"2022-03-21T09:07:58+00:00","breadcrumb":{"@id":"https:\/\/www.svsuelfeld.de\/?p=293#breadcrumb"},"inLanguage":"de","potentialAction":[{"@type":"ReadAction","target":["https:\/\/www.svsuelfeld.de\/?p=293"]}]},{"@type":"ImageObject","inLanguage":"de","@id":"https:\/\/www.svsuelfeld.de\/?p=293#primaryimage","url":"https:\/\/www.svsuelfeld.de\/wp-content\/uploads\/2022\/02\/fussball.jpg","contentUrl":"https:\/\/www.svsuelfeld.de\/wp-content\/uploads\/2022\/02\/fussball.jpg","width":1920,"height":1280},{"@type":"BreadcrumbList","@id":"https:\/\/www.svsuelfeld.de\/?p=293#breadcrumb","itemListElement":[{"@type":"ListItem","position":1,"name":"Startseite","item":"https:\/\/www.svsuelfeld.de\/"},{"@type":"ListItem","position":2,"name":"Spartenbericht Fu\u00dfball Jugend 2017"}]},{"@type":"WebSite","@id":"https:\/\/www.svsuelfeld.de\/#website","url":"https:\/\/www.svsuelfeld.de\/","name":"SV S\u00fclfeld","description":"...mehr S\u00fclfeld geht nicht","publisher":{"@id":"https:\/\/www.svsuelfeld.de\/#organization"},"potentialAction":[{"@type":"SearchAction","target":{"@type":"EntryPoint","urlTemplate":"https:\/\/www.svsuelfeld.de\/?s={search_term_string}"},"query-input":{"@type":"PropertyValueSpecification","valueRequired":true,"valueName":"search_term_string"}}],"inLanguage":"de"},{"@type":"Organization","@id":"https:\/\/www.svsuelfeld.de\/#organization","name":"SV S\u00fclfeld","url":"https:\/\/www.svsuelfeld.de\/","logo":{"@type":"ImageObject","inLanguage":"de","@id":"https:\/\/www.svsuelfeld.de\/#\/schema\/logo\/image\/","url":"https:\/\/www.svsuelfeld.de\/wp-content\/uploads\/2022\/06\/cropped-svs-logo.png","contentUrl":"https:\/\/www.svsuelfeld.de\/wp-content\/uploads\/2022\/06\/cropped-svs-logo.png","width":210,"height":210,"caption":"SV S\u00fclfeld"},"image":{"@id":"https:\/\/www.svsuelfeld.de\/#\/schema\/logo\/image\/"},"sameAs":["https:\/\/de-de.facebook.com\/svsuelfeld\/"]},{"@type":"Person","@id":"https:\/\/www.svsuelfeld.de\/#\/schema\/person\/28cb3b4050d906868084a9abf2b916ab","name":"fussball","image":{"@type":"ImageObject","inLanguage":"de","@id":"https:\/\/secure.gravatar.com\/avatar\/03fc9466e16a6d19e52c0c667910122516f0d73e0605349db2b8fda5d061e98e?s=96&d=mm&r=g","url":"https:\/\/secure.gravatar.com\/avatar\/03fc9466e16a6d19e52c0c667910122516f0d73e0605349db2b8fda5d061e98e?s=96&d=mm&r=g","contentUrl":"https:\/\/secure.gravatar.com\/avatar\/03fc9466e16a6d19e52c0c667910122516f0d73e0605349db2b8fda5d061e98e?s=96&d=mm&r=g","caption":"fussball"},"url":"https:\/\/www.svsuelfeld.de\/?author=6"}]}},"publishpress_future_action":{"enabled":false,"date":"2026-05-06 08:17:25","action":"change-status","newStatus":"draft","terms":[],"taxonomy":"category","extraData":[]},"publishpress_future_workflow_manual_trigger":{"enabledWorkflows":[]},"_links":{"self":[{"href":"https:\/\/www.svsuelfeld.de\/index.php?rest_route=\/wp\/v2\/posts\/293","targetHints":{"allow":["GET"]}}],"collection":[{"href":"https:\/\/www.svsuelfeld.de\/index.php?rest_route=\/wp\/v2\/posts"}],"about":[{"href":"https:\/\/www.svsuelfeld.de\/index.php?rest_route=\/wp\/v2\/types\/post"}],"author":[{"embeddable":true,"href":"https:\/\/www.svsuelfeld.de\/index.php?rest_route=\/wp\/v2\/users\/6"}],"replies":[{"embeddable":true,"href":"https:\/\/www.svsuelfeld.de\/index.php?rest_route=%2Fwp%2Fv2%2Fcomments&post=293"}],"version-history":[{"count":1,"href":"https:\/\/www.svsuelfeld.de\/index.php?rest_route=\/wp\/v2\/posts\/293\/revisions"}],"predecessor-version":[{"id":294,"href":"https:\/\/www.svsuelfeld.de\/index.php?rest_route=\/wp\/v2\/posts\/293\/revisions\/294"}],"wp:featuredmedia":[{"embeddable":true,"href":"https:\/\/www.svsuelfeld.de\/index.php?rest_route=\/wp\/v2\/media\/78"}],"wp:attachment":[{"href":"https:\/\/www.svsuelfeld.de\/index.php?rest_route=%2Fwp%2Fv2%2Fmedia&parent=293"}],"wp:term":[{"taxonomy":"category","embeddable":true,"href":"https:\/\/www.svsuelfeld.de\/index.php?rest_route=%2Fwp%2Fv2%2Fcategories&post=293"},{"taxonomy":"post_tag","embeddable":true,"href":"https:\/\/www.svsuelfeld.de\/index.php?rest_route=%2Fwp%2Fv2%2Ftags&post=293"}],"curies":[{"name":"wp","href":"https:\/\/api.w.org\/{rel}","templated":true}]}}