{"id":449,"date":"2019-03-01T15:11:00","date_gmt":"2019-03-01T14:11:00","guid":{"rendered":"https:\/\/www.svsuelfeld.de\/?p=449"},"modified":"2022-03-21T10:18:51","modified_gmt":"2022-03-21T09:18:51","slug":"spartenbericht-juniorsport-2019","status":"publish","type":"post","link":"https:\/\/www.svsuelfeld.de\/?p=449","title":{"rendered":"Spartenbericht Juniorsport 2019"},"content":{"rendered":"\n<h2 class=\"wp-block-heading\">Bericht aus der Sparte Juniorsport 2018\/19<\/h2>\n\n\n\n<p class=\"wp-block-paragraph\">Das Jahr 2018 war wieder sehr erfolgreich f\u00fcr die Juniorsport-Sparte .<\/p>\n\n\n\n<p class=\"wp-block-paragraph\">Trotz d\u00fcnner Personaldecke konnte wieder ein breites Angebot f\u00fcr die Kinder der Gemeinde angeboten werden.<\/p>\n\n\n\n<p class=\"wp-block-paragraph\">Auch unser Sommerfest und der Erlebnissporttag erfreuten sich wieder gro\u00dfer Beliebtheit.<br>2019 schreit danach an diese Erfolge anzukn\u00fcpfen. Das gelingt uns aber nur mit mehr Unterst\u00fctzung.<\/p>\n\n\n\n<p class=\"wp-block-paragraph\">Wer Interesse hat uns als Teamer, Spartenleiter oder Helfer bei Festen zu unterst\u00fctzen, der m\u00f6ge sich bitte gerne mit&nbsp;<strong>Sabine von Elm<\/strong>&nbsp;unter&nbsp;<em>0176\/24370454<\/em>&nbsp;kurz schlie\u00dfen.<\/p>\n\n\n\n<p class=\"wp-block-paragraph\"><em>Die Spartenleitung Sabine von Elm \/ Marina Willfang<\/em><\/p>\n","protected":false},"excerpt":{"rendered":"<p>Bericht aus der Sparte Juniorsport 2018\/19 Das Jahr 2018 war wieder sehr erfolgreich f\u00fcr die Juniorsport-Sparte . Trotz d\u00fcnner Personaldecke konnte wieder ein breites Angebot f\u00fcr die Kinder der Gemeinde angeboten werden. Auch unser Sommerfest und der Erlebnissporttag erfreuten sich wieder gro\u00dfer Beliebtheit.2019 schreit danach an diese Erfolge anzukn\u00fcpfen. Das gelingt uns aber nur mit [&hellip;]<\/p>\n","protected":false},"author":8,"featured_media":76,"comment_status":"closed","ping_status":"closed","sticky":false,"template":"","format":"standard","meta":{"_crdt_document":"","pgc_sgb_lightbox_settings":"","footnotes":""},"categories":[14],"tags":[],"class_list":["post-449","post","type-post","status-publish","format-standard","has-post-thumbnail","hentry","category-juniorsport"],"yoast_head":"<!-- This site is optimized with the Yoast SEO plugin v27.5 - https:\/\/yoast.com\/product\/yoast-seo-wordpress\/ -->\n<title>Spartenbericht Juniorsport 2019 - SV S\u00fclfeld<\/title>\n<meta name=\"robots\" content=\"index, follow, max-snippet:-1, max-image-preview:large, max-video-preview:-1\" \/>\n<link rel=\"canonical\" href=\"https:\/\/www.svsuelfeld.de\/?p=449\" \/>\n<meta property=\"og:locale\" content=\"de_DE\" \/>\n<meta property=\"og:type\" content=\"article\" \/>\n<meta property=\"og:title\" content=\"Spartenbericht Juniorsport 2019 - SV S\u00fclfeld\" \/>\n<meta property=\"og:description\" content=\"Bericht aus der Sparte Juniorsport 2018\/19 Das Jahr 2018 war wieder sehr erfolgreich f\u00fcr die Juniorsport-Sparte . Trotz d\u00fcnner Personaldecke konnte wieder ein breites Angebot f\u00fcr die Kinder der Gemeinde angeboten werden. Auch unser Sommerfest und der Erlebnissporttag erfreuten sich wieder gro\u00dfer Beliebtheit.2019 schreit danach an diese Erfolge anzukn\u00fcpfen. Das gelingt uns aber nur mit [&hellip;]\" \/>\n<meta property=\"og:url\" content=\"https:\/\/www.svsuelfeld.de\/?p=449\" \/>\n<meta property=\"og:site_name\" content=\"SV S\u00fclfeld\" \/>\n<meta property=\"article:publisher\" content=\"https:\/\/de-de.facebook.com\/svsuelfeld\/\" \/>\n<meta property=\"article:published_time\" content=\"2019-03-01T14:11:00+00:00\" \/>\n<meta property=\"article:modified_time\" content=\"2022-03-21T09:18:51+00:00\" \/>\n<meta property=\"og:image\" content=\"https:\/\/www.svsuelfeld.de\/wp-content\/uploads\/2022\/02\/juniorsport.jpg\" \/>\n\t<meta property=\"og:image:width\" content=\"1920\" \/>\n\t<meta property=\"og:image:height\" content=\"1280\" \/>\n\t<meta property=\"og:image:type\" content=\"image\/jpeg\" \/>\n<meta name=\"author\" content=\"juniorsport\" \/>\n<meta name=\"twitter:card\" content=\"summary_large_image\" \/>\n<meta name=\"twitter:label1\" content=\"Verfasst von\" \/>\n\t<meta name=\"twitter:data1\" content=\"juniorsport\" \/>\n<script type=\"application\/ld+json\" class=\"yoast-schema-graph\">{\"@context\":\"https:\\\/\\\/schema.org\",\"@graph\":[{\"@type\":\"Article\",\"@id\":\"https:\\\/\\\/www.svsuelfeld.de\\\/?p=449#article\",\"isPartOf\":{\"@id\":\"https:\\\/\\\/www.svsuelfeld.de\\\/?p=449\"},\"author\":{\"name\":\"juniorsport\",\"@id\":\"https:\\\/\\\/www.svsuelfeld.de\\\/#\\\/schema\\\/person\\\/8aa6b47168a96f6f5d98373a37165bb4\"},\"headline\":\"Spartenbericht Juniorsport 2019\",\"datePublished\":\"2019-03-01T14:11:00+00:00\",\"dateModified\":\"2022-03-21T09:18:51+00:00\",\"mainEntityOfPage\":{\"@id\":\"https:\\\/\\\/www.svsuelfeld.de\\\/?p=449\"},\"wordCount\":101,\"publisher\":{\"@id\":\"https:\\\/\\\/www.svsuelfeld.de\\\/#organization\"},\"image\":{\"@id\":\"https:\\\/\\\/www.svsuelfeld.de\\\/?p=449#primaryimage\"},\"thumbnailUrl\":\"https:\\\/\\\/www.svsuelfeld.de\\\/wp-content\\\/uploads\\\/2022\\\/02\\\/juniorsport.jpg\",\"articleSection\":[\"Juniorsport\"],\"inLanguage\":\"de\"},{\"@type\":\"WebPage\",\"@id\":\"https:\\\/\\\/www.svsuelfeld.de\\\/?p=449\",\"url\":\"https:\\\/\\\/www.svsuelfeld.de\\\/?p=449\",\"name\":\"Spartenbericht Juniorsport 2019 - SV S\u00fclfeld\",\"isPartOf\":{\"@id\":\"https:\\\/\\\/www.svsuelfeld.de\\\/#website\"},\"primaryImageOfPage\":{\"@id\":\"https:\\\/\\\/www.svsuelfeld.de\\\/?p=449#primaryimage\"},\"image\":{\"@id\":\"https:\\\/\\\/www.svsuelfeld.de\\\/?p=449#primaryimage\"},\"thumbnailUrl\":\"https:\\\/\\\/www.svsuelfeld.de\\\/wp-content\\\/uploads\\\/2022\\\/02\\\/juniorsport.jpg\",\"datePublished\":\"2019-03-01T14:11:00+00:00\",\"dateModified\":\"2022-03-21T09:18:51+00:00\",\"breadcrumb\":{\"@id\":\"https:\\\/\\\/www.svsuelfeld.de\\\/?p=449#breadcrumb\"},\"inLanguage\":\"de\",\"potentialAction\":[{\"@type\":\"ReadAction\",\"target\":[\"https:\\\/\\\/www.svsuelfeld.de\\\/?p=449\"]}]},{\"@type\":\"ImageObject\",\"inLanguage\":\"de\",\"@id\":\"https:\\\/\\\/www.svsuelfeld.de\\\/?p=449#primaryimage\",\"url\":\"https:\\\/\\\/www.svsuelfeld.de\\\/wp-content\\\/uploads\\\/2022\\\/02\\\/juniorsport.jpg\",\"contentUrl\":\"https:\\\/\\\/www.svsuelfeld.de\\\/wp-content\\\/uploads\\\/2022\\\/02\\\/juniorsport.jpg\",\"width\":1920,\"height\":1280},{\"@type\":\"BreadcrumbList\",\"@id\":\"https:\\\/\\\/www.svsuelfeld.de\\\/?p=449#breadcrumb\",\"itemListElement\":[{\"@type\":\"ListItem\",\"position\":1,\"name\":\"Startseite\",\"item\":\"https:\\\/\\\/www.svsuelfeld.de\\\/\"},{\"@type\":\"ListItem\",\"position\":2,\"name\":\"Spartenbericht Juniorsport 2019\"}]},{\"@type\":\"WebSite\",\"@id\":\"https:\\\/\\\/www.svsuelfeld.de\\\/#website\",\"url\":\"https:\\\/\\\/www.svsuelfeld.de\\\/\",\"name\":\"SV S\u00fclfeld\",\"description\":\"...mehr S\u00fclfeld geht nicht\",\"publisher\":{\"@id\":\"https:\\\/\\\/www.svsuelfeld.de\\\/#organization\"},\"potentialAction\":[{\"@type\":\"SearchAction\",\"target\":{\"@type\":\"EntryPoint\",\"urlTemplate\":\"https:\\\/\\\/www.svsuelfeld.de\\\/?s={search_term_string}\"},\"query-input\":{\"@type\":\"PropertyValueSpecification\",\"valueRequired\":true,\"valueName\":\"search_term_string\"}}],\"inLanguage\":\"de\"},{\"@type\":\"Organization\",\"@id\":\"https:\\\/\\\/www.svsuelfeld.de\\\/#organization\",\"name\":\"SV S\u00fclfeld\",\"url\":\"https:\\\/\\\/www.svsuelfeld.de\\\/\",\"logo\":{\"@type\":\"ImageObject\",\"inLanguage\":\"de\",\"@id\":\"https:\\\/\\\/www.svsuelfeld.de\\\/#\\\/schema\\\/logo\\\/image\\\/\",\"url\":\"https:\\\/\\\/www.svsuelfeld.de\\\/wp-content\\\/uploads\\\/2022\\\/06\\\/cropped-svs-logo.png\",\"contentUrl\":\"https:\\\/\\\/www.svsuelfeld.de\\\/wp-content\\\/uploads\\\/2022\\\/06\\\/cropped-svs-logo.png\",\"width\":210,\"height\":210,\"caption\":\"SV S\u00fclfeld\"},\"image\":{\"@id\":\"https:\\\/\\\/www.svsuelfeld.de\\\/#\\\/schema\\\/logo\\\/image\\\/\"},\"sameAs\":[\"https:\\\/\\\/de-de.facebook.com\\\/svsuelfeld\\\/\"]},{\"@type\":\"Person\",\"@id\":\"https:\\\/\\\/www.svsuelfeld.de\\\/#\\\/schema\\\/person\\\/8aa6b47168a96f6f5d98373a37165bb4\",\"name\":\"juniorsport\",\"image\":{\"@type\":\"ImageObject\",\"inLanguage\":\"de\",\"@id\":\"https:\\\/\\\/secure.gravatar.com\\\/avatar\\\/3d701d533c9b08eed66862e700fde1b7fa5cc5df75523340287df8b1a9369ac3?s=96&d=mm&r=g\",\"url\":\"https:\\\/\\\/secure.gravatar.com\\\/avatar\\\/3d701d533c9b08eed66862e700fde1b7fa5cc5df75523340287df8b1a9369ac3?s=96&d=mm&r=g\",\"contentUrl\":\"https:\\\/\\\/secure.gravatar.com\\\/avatar\\\/3d701d533c9b08eed66862e700fde1b7fa5cc5df75523340287df8b1a9369ac3?s=96&d=mm&r=g\",\"caption\":\"juniorsport\"},\"url\":\"https:\\\/\\\/www.svsuelfeld.de\\\/?author=8\"}]}<\/script>\n<!-- \/ Yoast SEO plugin. -->","yoast_head_json":{"title":"Spartenbericht Juniorsport 2019 - SV S\u00fclfeld","robots":{"index":"index","follow":"follow","max-snippet":"max-snippet:-1","max-image-preview":"max-image-preview:large","max-video-preview":"max-video-preview:-1"},"canonical":"https:\/\/www.svsuelfeld.de\/?p=449","og_locale":"de_DE","og_type":"article","og_title":"Spartenbericht Juniorsport 2019 - SV S\u00fclfeld","og_description":"Bericht aus der Sparte Juniorsport 2018\/19 Das Jahr 2018 war wieder sehr erfolgreich f\u00fcr die Juniorsport-Sparte . Trotz d\u00fcnner Personaldecke konnte wieder ein breites Angebot f\u00fcr die Kinder der Gemeinde angeboten werden. Auch unser Sommerfest und der Erlebnissporttag erfreuten sich wieder gro\u00dfer Beliebtheit.2019 schreit danach an diese Erfolge anzukn\u00fcpfen. Das gelingt uns aber nur mit [&hellip;]","og_url":"https:\/\/www.svsuelfeld.de\/?p=449","og_site_name":"SV S\u00fclfeld","article_publisher":"https:\/\/de-de.facebook.com\/svsuelfeld\/","article_published_time":"2019-03-01T14:11:00+00:00","article_modified_time":"2022-03-21T09:18:51+00:00","og_image":[{"width":1920,"height":1280,"url":"https:\/\/www.svsuelfeld.de\/wp-content\/uploads\/2022\/02\/juniorsport.jpg","type":"image\/jpeg"}],"author":"juniorsport","twitter_card":"summary_large_image","twitter_misc":{"Verfasst von":"juniorsport"},"schema":{"@context":"https:\/\/schema.org","@graph":[{"@type":"Article","@id":"https:\/\/www.svsuelfeld.de\/?p=449#article","isPartOf":{"@id":"https:\/\/www.svsuelfeld.de\/?p=449"},"author":{"name":"juniorsport","@id":"https:\/\/www.svsuelfeld.de\/#\/schema\/person\/8aa6b47168a96f6f5d98373a37165bb4"},"headline":"Spartenbericht Juniorsport 2019","datePublished":"2019-03-01T14:11:00+00:00","dateModified":"2022-03-21T09:18:51+00:00","mainEntityOfPage":{"@id":"https:\/\/www.svsuelfeld.de\/?p=449"},"wordCount":101,"publisher":{"@id":"https:\/\/www.svsuelfeld.de\/#organization"},"image":{"@id":"https:\/\/www.svsuelfeld.de\/?p=449#primaryimage"},"thumbnailUrl":"https:\/\/www.svsuelfeld.de\/wp-content\/uploads\/2022\/02\/juniorsport.jpg","articleSection":["Juniorsport"],"inLanguage":"de"},{"@type":"WebPage","@id":"https:\/\/www.svsuelfeld.de\/?p=449","url":"https:\/\/www.svsuelfeld.de\/?p=449","name":"Spartenbericht Juniorsport 2019 - SV S\u00fclfeld","isPartOf":{"@id":"https:\/\/www.svsuelfeld.de\/#website"},"primaryImageOfPage":{"@id":"https:\/\/www.svsuelfeld.de\/?p=449#primaryimage"},"image":{"@id":"https:\/\/www.svsuelfeld.de\/?p=449#primaryimage"},"thumbnailUrl":"https:\/\/www.svsuelfeld.de\/wp-content\/uploads\/2022\/02\/juniorsport.jpg","datePublished":"2019-03-01T14:11:00+00:00","dateModified":"2022-03-21T09:18:51+00:00","breadcrumb":{"@id":"https:\/\/www.svsuelfeld.de\/?p=449#breadcrumb"},"inLanguage":"de","potentialAction":[{"@type":"ReadAction","target":["https:\/\/www.svsuelfeld.de\/?p=449"]}]},{"@type":"ImageObject","inLanguage":"de","@id":"https:\/\/www.svsuelfeld.de\/?p=449#primaryimage","url":"https:\/\/www.svsuelfeld.de\/wp-content\/uploads\/2022\/02\/juniorsport.jpg","contentUrl":"https:\/\/www.svsuelfeld.de\/wp-content\/uploads\/2022\/02\/juniorsport.jpg","width":1920,"height":1280},{"@type":"BreadcrumbList","@id":"https:\/\/www.svsuelfeld.de\/?p=449#breadcrumb","itemListElement":[{"@type":"ListItem","position":1,"name":"Startseite","item":"https:\/\/www.svsuelfeld.de\/"},{"@type":"ListItem","position":2,"name":"Spartenbericht Juniorsport 2019"}]},{"@type":"WebSite","@id":"https:\/\/www.svsuelfeld.de\/#website","url":"https:\/\/www.svsuelfeld.de\/","name":"SV S\u00fclfeld","description":"...mehr S\u00fclfeld geht nicht","publisher":{"@id":"https:\/\/www.svsuelfeld.de\/#organization"},"potentialAction":[{"@type":"SearchAction","target":{"@type":"EntryPoint","urlTemplate":"https:\/\/www.svsuelfeld.de\/?s={search_term_string}"},"query-input":{"@type":"PropertyValueSpecification","valueRequired":true,"valueName":"search_term_string"}}],"inLanguage":"de"},{"@type":"Organization","@id":"https:\/\/www.svsuelfeld.de\/#organization","name":"SV S\u00fclfeld","url":"https:\/\/www.svsuelfeld.de\/","logo":{"@type":"ImageObject","inLanguage":"de","@id":"https:\/\/www.svsuelfeld.de\/#\/schema\/logo\/image\/","url":"https:\/\/www.svsuelfeld.de\/wp-content\/uploads\/2022\/06\/cropped-svs-logo.png","contentUrl":"https:\/\/www.svsuelfeld.de\/wp-content\/uploads\/2022\/06\/cropped-svs-logo.png","width":210,"height":210,"caption":"SV S\u00fclfeld"},"image":{"@id":"https:\/\/www.svsuelfeld.de\/#\/schema\/logo\/image\/"},"sameAs":["https:\/\/de-de.facebook.com\/svsuelfeld\/"]},{"@type":"Person","@id":"https:\/\/www.svsuelfeld.de\/#\/schema\/person\/8aa6b47168a96f6f5d98373a37165bb4","name":"juniorsport","image":{"@type":"ImageObject","inLanguage":"de","@id":"https:\/\/secure.gravatar.com\/avatar\/3d701d533c9b08eed66862e700fde1b7fa5cc5df75523340287df8b1a9369ac3?s=96&d=mm&r=g","url":"https:\/\/secure.gravatar.com\/avatar\/3d701d533c9b08eed66862e700fde1b7fa5cc5df75523340287df8b1a9369ac3?s=96&d=mm&r=g","contentUrl":"https:\/\/secure.gravatar.com\/avatar\/3d701d533c9b08eed66862e700fde1b7fa5cc5df75523340287df8b1a9369ac3?s=96&d=mm&r=g","caption":"juniorsport"},"url":"https:\/\/www.svsuelfeld.de\/?author=8"}]}},"publishpress_future_action":{"enabled":false,"date":"2026-05-10 18:48:04","action":"change-status","newStatus":"draft","terms":[],"taxonomy":"category","extraData":[]},"publishpress_future_workflow_manual_trigger":{"enabledWorkflows":[]},"_links":{"self":[{"href":"https:\/\/www.svsuelfeld.de\/index.php?rest_route=\/wp\/v2\/posts\/449","targetHints":{"allow":["GET"]}}],"collection":[{"href":"https:\/\/www.svsuelfeld.de\/index.php?rest_route=\/wp\/v2\/posts"}],"about":[{"href":"https:\/\/www.svsuelfeld.de\/index.php?rest_route=\/wp\/v2\/types\/post"}],"author":[{"embeddable":true,"href":"https:\/\/www.svsuelfeld.de\/index.php?rest_route=\/wp\/v2\/users\/8"}],"replies":[{"embeddable":true,"href":"https:\/\/www.svsuelfeld.de\/index.php?rest_route=%2Fwp%2Fv2%2Fcomments&post=449"}],"version-history":[{"count":1,"href":"https:\/\/www.svsuelfeld.de\/index.php?rest_route=\/wp\/v2\/posts\/449\/revisions"}],"predecessor-version":[{"id":450,"href":"https:\/\/www.svsuelfeld.de\/index.php?rest_route=\/wp\/v2\/posts\/449\/revisions\/450"}],"wp:featuredmedia":[{"embeddable":true,"href":"https:\/\/www.svsuelfeld.de\/index.php?rest_route=\/wp\/v2\/media\/76"}],"wp:attachment":[{"href":"https:\/\/www.svsuelfeld.de\/index.php?rest_route=%2Fwp%2Fv2%2Fmedia&parent=449"}],"wp:term":[{"taxonomy":"category","embeddable":true,"href":"https:\/\/www.svsuelfeld.de\/index.php?rest_route=%2Fwp%2Fv2%2Fcategories&post=449"},{"taxonomy":"post_tag","embeddable":true,"href":"https:\/\/www.svsuelfeld.de\/index.php?rest_route=%2Fwp%2Fv2%2Ftags&post=449"}],"curies":[{"name":"wp","href":"https:\/\/api.w.org\/{rel}","templated":true}]}}