{"id":544,"date":"2019-02-02T08:33:00","date_gmt":"2019-02-02T07:33:00","guid":{"rendered":"https:\/\/www.svsuelfeld.de\/?p=544"},"modified":"2022-03-21T10:20:00","modified_gmt":"2022-03-21T09:20:00","slug":"spartenbericht-radsport-2019","status":"publish","type":"post","link":"https:\/\/www.svsuelfeld.de\/?p=544","title":{"rendered":"Spartenbericht Radsport 2019"},"content":{"rendered":"\n<h2 class=\"wp-block-heading\">Radsport 2018\/19 von Jens Fricke (Spartenleiter)<\/h2>\n\n\n\n<p class=\"wp-block-paragraph\">Das Jahr 2018 stand im Focus unserer ersten selbst organisierten RadTourenFahrt (RTF):<\/p>\n\n\n\n<p class=\"wp-block-paragraph\">Die 1. S\u00fclfelder Fr\u00fchlingsfrische am 25.03.2018 (Idee und ma\u00dfgebliche Umsetzung von Fredrik Heim)<\/p>\n\n\n\n<ul class=\"wp-block-list\"><li>75 externe Radler trafen sich am Sonntagmorgen um 9.00 Uhr um die gef\u00fchrten Strecken von 65km oder 110km zu bew\u00e4ltigen<\/li><li>vor der Fahrt, nach 65km und nach 110km stand den Sportlern ein reichhaltiges Nahrungsangebot zur Verf\u00fcgung (Danke an Edeka-Wittorf f\u00fcr die Obst und Saftspenden und die privaten Spender)<\/li><li>insgesamt haben wir viele positive R\u00fcckmeldungen bekommen und auch ein Lob eines in&nbsp; cognito teilnehmenden Beobachters des Bundesverbandes Deutscher Radfahrer<\/li><\/ul>\n\n\n\n<p class=\"wp-block-paragraph\">2. Auflage der S\u00fclfelder Fr\u00fchlingsfrische am 31.03.2019 um 9.00 Uhr mit gef\u00fchrten Strecken&nbsp;von ca.&nbsp;40km, 80km oder 120km in verschiedenen Geschwindigkeitsgruppen&nbsp;(23,25,27km\/h) mit jeweils Verpflegungsm\u00f6glichkeit im Sportlerheim&nbsp;<\/p>\n\n\n\n<p class=\"wp-block-paragraph\">Aktuell sind wir ca. 20 engagierte Radler von Marathonfahrern (200-300km) \u00fcber Lizenzfahrer, Radtourenfahrer (70 -150km) oder Sonntagskaffeetrinkerfahrer ( 50-80km) \u2013 gerne mit Sahnet\u00f6rtchen. Alter zwischen 18 und &gt; 60 Jahren M\u00e4nner und Frauen.<\/p>\n\n\n\n<p class=\"wp-block-paragraph\">Trainingszeit:<\/p>\n\n\n\n<p class=\"wp-block-paragraph\">Donnerstag 18.30 Uhr Treffpunkt vor der Raiba in S\u00fclfeld<br>Sonntags 10.00 Uhr dto. und \/ oder Teilnahme an Radtourenfahrten<br>bzw. im Winterhalbjahr mit Trecking- Mountainr\u00e4der in Kayhude&nbsp;<\/p>\n\n\n\n<p class=\"wp-block-paragraph\">Dank an unsere Sponsoren:<\/p>\n\n\n\n<p class=\"wp-block-paragraph\">Physiofit G\u00fcnter Daniel; Essen auf R\u00e4dern \u2013 Michael Krause; Edeka Wittorf; B\u00e4ckerei Matthiessen; &nbsp; &nbsp; Fa. PET-Fit; Fa. Fahrrad-Plus \u2013Bad Oldesloe<\/p>\n\n\n\n<p class=\"wp-block-paragraph\">Wir freuen uns auf viele weitere neue Radsportbegeisterte, die sich evtl. auf die Cyclassics in Hamburg vorbereiten m\u00f6chten.<\/p>\n\n\n\n<p class=\"wp-block-paragraph\">Kontakt: Jens Fricke 04537-7182 oder per email <a href=\"mailto:jm.fricke@suelfeld.de\">jm.fricke@suelfeld.de<\/a><\/p>\n","protected":false},"excerpt":{"rendered":"<p>Radsport 2018\/19 von Jens Fricke (Spartenleiter) Das Jahr 2018 stand im Focus unserer ersten selbst organisierten RadTourenFahrt (RTF): Die 1. S\u00fclfelder Fr\u00fchlingsfrische am 25.03.2018 (Idee und ma\u00dfgebliche Umsetzung von Fredrik Heim) 75 externe Radler trafen sich am Sonntagmorgen um 9.00 Uhr um die gef\u00fchrten Strecken von 65km oder 110km zu bew\u00e4ltigen vor der Fahrt, nach [&hellip;]<\/p>\n","protected":false},"author":11,"featured_media":73,"comment_status":"closed","ping_status":"closed","sticky":false,"template":"","format":"standard","meta":{"_crdt_document":"","pgc_sgb_lightbox_settings":"","footnotes":""},"categories":[17],"tags":[],"class_list":["post-544","post","type-post","status-publish","format-standard","has-post-thumbnail","hentry","category-radsport"],"yoast_head":"<!-- This site is optimized with the Yoast SEO plugin v27.5 - https:\/\/yoast.com\/product\/yoast-seo-wordpress\/ -->\n<title>Spartenbericht Radsport 2019 - SV S\u00fclfeld<\/title>\n<meta name=\"robots\" content=\"index, follow, max-snippet:-1, max-image-preview:large, max-video-preview:-1\" \/>\n<link rel=\"canonical\" href=\"https:\/\/www.svsuelfeld.de\/?p=544\" \/>\n<meta property=\"og:locale\" content=\"de_DE\" \/>\n<meta property=\"og:type\" content=\"article\" \/>\n<meta property=\"og:title\" content=\"Spartenbericht Radsport 2019 - SV S\u00fclfeld\" \/>\n<meta property=\"og:description\" content=\"Radsport 2018\/19 von Jens Fricke (Spartenleiter) Das Jahr 2018 stand im Focus unserer ersten selbst organisierten RadTourenFahrt (RTF): Die 1. S\u00fclfelder Fr\u00fchlingsfrische am 25.03.2018 (Idee und ma\u00dfgebliche Umsetzung von Fredrik Heim) 75 externe Radler trafen sich am Sonntagmorgen um 9.00 Uhr um die gef\u00fchrten Strecken von 65km oder 110km zu bew\u00e4ltigen vor der Fahrt, nach [&hellip;]\" \/>\n<meta property=\"og:url\" content=\"https:\/\/www.svsuelfeld.de\/?p=544\" \/>\n<meta property=\"og:site_name\" content=\"SV S\u00fclfeld\" \/>\n<meta property=\"article:publisher\" content=\"https:\/\/de-de.facebook.com\/svsuelfeld\/\" \/>\n<meta property=\"article:published_time\" content=\"2019-02-02T07:33:00+00:00\" \/>\n<meta property=\"article:modified_time\" content=\"2022-03-21T09:20:00+00:00\" \/>\n<meta property=\"og:image\" content=\"https:\/\/www.svsuelfeld.de\/wp-content\/uploads\/2022\/02\/radsport-titelbild.jpg\" \/>\n\t<meta property=\"og:image:width\" content=\"1920\" \/>\n\t<meta property=\"og:image:height\" content=\"1280\" \/>\n\t<meta property=\"og:image:type\" content=\"image\/jpeg\" \/>\n<meta name=\"author\" content=\"radsport\" \/>\n<meta name=\"twitter:card\" content=\"summary_large_image\" \/>\n<meta name=\"twitter:label1\" content=\"Verfasst von\" \/>\n\t<meta name=\"twitter:data1\" content=\"radsport\" \/>\n\t<meta name=\"twitter:label2\" content=\"Gesch\u00e4tzte Lesezeit\" \/>\n\t<meta name=\"twitter:data2\" content=\"1\u00a0Minute\" \/>\n<script type=\"application\/ld+json\" class=\"yoast-schema-graph\">{\"@context\":\"https:\\\/\\\/schema.org\",\"@graph\":[{\"@type\":\"Article\",\"@id\":\"https:\\\/\\\/www.svsuelfeld.de\\\/?p=544#article\",\"isPartOf\":{\"@id\":\"https:\\\/\\\/www.svsuelfeld.de\\\/?p=544\"},\"author\":{\"name\":\"radsport\",\"@id\":\"https:\\\/\\\/www.svsuelfeld.de\\\/#\\\/schema\\\/person\\\/415a1ff3ea8d7a36cfbaf9bc66c7c689\"},\"headline\":\"Spartenbericht Radsport 2019\",\"datePublished\":\"2019-02-02T07:33:00+00:00\",\"dateModified\":\"2022-03-21T09:20:00+00:00\",\"mainEntityOfPage\":{\"@id\":\"https:\\\/\\\/www.svsuelfeld.de\\\/?p=544\"},\"wordCount\":253,\"publisher\":{\"@id\":\"https:\\\/\\\/www.svsuelfeld.de\\\/#organization\"},\"image\":{\"@id\":\"https:\\\/\\\/www.svsuelfeld.de\\\/?p=544#primaryimage\"},\"thumbnailUrl\":\"https:\\\/\\\/www.svsuelfeld.de\\\/wp-content\\\/uploads\\\/2022\\\/02\\\/radsport-titelbild.jpg\",\"articleSection\":[\"Radsport\"],\"inLanguage\":\"de\"},{\"@type\":\"WebPage\",\"@id\":\"https:\\\/\\\/www.svsuelfeld.de\\\/?p=544\",\"url\":\"https:\\\/\\\/www.svsuelfeld.de\\\/?p=544\",\"name\":\"Spartenbericht Radsport 2019 - SV S\u00fclfeld\",\"isPartOf\":{\"@id\":\"https:\\\/\\\/www.svsuelfeld.de\\\/#website\"},\"primaryImageOfPage\":{\"@id\":\"https:\\\/\\\/www.svsuelfeld.de\\\/?p=544#primaryimage\"},\"image\":{\"@id\":\"https:\\\/\\\/www.svsuelfeld.de\\\/?p=544#primaryimage\"},\"thumbnailUrl\":\"https:\\\/\\\/www.svsuelfeld.de\\\/wp-content\\\/uploads\\\/2022\\\/02\\\/radsport-titelbild.jpg\",\"datePublished\":\"2019-02-02T07:33:00+00:00\",\"dateModified\":\"2022-03-21T09:20:00+00:00\",\"breadcrumb\":{\"@id\":\"https:\\\/\\\/www.svsuelfeld.de\\\/?p=544#breadcrumb\"},\"inLanguage\":\"de\",\"potentialAction\":[{\"@type\":\"ReadAction\",\"target\":[\"https:\\\/\\\/www.svsuelfeld.de\\\/?p=544\"]}]},{\"@type\":\"ImageObject\",\"inLanguage\":\"de\",\"@id\":\"https:\\\/\\\/www.svsuelfeld.de\\\/?p=544#primaryimage\",\"url\":\"https:\\\/\\\/www.svsuelfeld.de\\\/wp-content\\\/uploads\\\/2022\\\/02\\\/radsport-titelbild.jpg\",\"contentUrl\":\"https:\\\/\\\/www.svsuelfeld.de\\\/wp-content\\\/uploads\\\/2022\\\/02\\\/radsport-titelbild.jpg\",\"width\":1920,\"height\":1280},{\"@type\":\"BreadcrumbList\",\"@id\":\"https:\\\/\\\/www.svsuelfeld.de\\\/?p=544#breadcrumb\",\"itemListElement\":[{\"@type\":\"ListItem\",\"position\":1,\"name\":\"Startseite\",\"item\":\"https:\\\/\\\/www.svsuelfeld.de\\\/\"},{\"@type\":\"ListItem\",\"position\":2,\"name\":\"Spartenbericht Radsport 2019\"}]},{\"@type\":\"WebSite\",\"@id\":\"https:\\\/\\\/www.svsuelfeld.de\\\/#website\",\"url\":\"https:\\\/\\\/www.svsuelfeld.de\\\/\",\"name\":\"SV S\u00fclfeld\",\"description\":\"...mehr S\u00fclfeld geht nicht\",\"publisher\":{\"@id\":\"https:\\\/\\\/www.svsuelfeld.de\\\/#organization\"},\"potentialAction\":[{\"@type\":\"SearchAction\",\"target\":{\"@type\":\"EntryPoint\",\"urlTemplate\":\"https:\\\/\\\/www.svsuelfeld.de\\\/?s={search_term_string}\"},\"query-input\":{\"@type\":\"PropertyValueSpecification\",\"valueRequired\":true,\"valueName\":\"search_term_string\"}}],\"inLanguage\":\"de\"},{\"@type\":\"Organization\",\"@id\":\"https:\\\/\\\/www.svsuelfeld.de\\\/#organization\",\"name\":\"SV S\u00fclfeld\",\"url\":\"https:\\\/\\\/www.svsuelfeld.de\\\/\",\"logo\":{\"@type\":\"ImageObject\",\"inLanguage\":\"de\",\"@id\":\"https:\\\/\\\/www.svsuelfeld.de\\\/#\\\/schema\\\/logo\\\/image\\\/\",\"url\":\"https:\\\/\\\/www.svsuelfeld.de\\\/wp-content\\\/uploads\\\/2022\\\/06\\\/cropped-svs-logo.png\",\"contentUrl\":\"https:\\\/\\\/www.svsuelfeld.de\\\/wp-content\\\/uploads\\\/2022\\\/06\\\/cropped-svs-logo.png\",\"width\":210,\"height\":210,\"caption\":\"SV S\u00fclfeld\"},\"image\":{\"@id\":\"https:\\\/\\\/www.svsuelfeld.de\\\/#\\\/schema\\\/logo\\\/image\\\/\"},\"sameAs\":[\"https:\\\/\\\/de-de.facebook.com\\\/svsuelfeld\\\/\"]},{\"@type\":\"Person\",\"@id\":\"https:\\\/\\\/www.svsuelfeld.de\\\/#\\\/schema\\\/person\\\/415a1ff3ea8d7a36cfbaf9bc66c7c689\",\"name\":\"radsport\",\"image\":{\"@type\":\"ImageObject\",\"inLanguage\":\"de\",\"@id\":\"https:\\\/\\\/secure.gravatar.com\\\/avatar\\\/3eaa8b5c6f6f5e0be342b93ecba3bf6462e79862855ffc307d9fdc6b7cc73849?s=96&d=mm&r=g\",\"url\":\"https:\\\/\\\/secure.gravatar.com\\\/avatar\\\/3eaa8b5c6f6f5e0be342b93ecba3bf6462e79862855ffc307d9fdc6b7cc73849?s=96&d=mm&r=g\",\"contentUrl\":\"https:\\\/\\\/secure.gravatar.com\\\/avatar\\\/3eaa8b5c6f6f5e0be342b93ecba3bf6462e79862855ffc307d9fdc6b7cc73849?s=96&d=mm&r=g\",\"caption\":\"radsport\"},\"url\":\"https:\\\/\\\/www.svsuelfeld.de\\\/?author=11\"}]}<\/script>\n<!-- \/ Yoast SEO plugin. -->","yoast_head_json":{"title":"Spartenbericht Radsport 2019 - SV S\u00fclfeld","robots":{"index":"index","follow":"follow","max-snippet":"max-snippet:-1","max-image-preview":"max-image-preview:large","max-video-preview":"max-video-preview:-1"},"canonical":"https:\/\/www.svsuelfeld.de\/?p=544","og_locale":"de_DE","og_type":"article","og_title":"Spartenbericht Radsport 2019 - SV S\u00fclfeld","og_description":"Radsport 2018\/19 von Jens Fricke (Spartenleiter) Das Jahr 2018 stand im Focus unserer ersten selbst organisierten RadTourenFahrt (RTF): Die 1. S\u00fclfelder Fr\u00fchlingsfrische am 25.03.2018 (Idee und ma\u00dfgebliche Umsetzung von Fredrik Heim) 75 externe Radler trafen sich am Sonntagmorgen um 9.00 Uhr um die gef\u00fchrten Strecken von 65km oder 110km zu bew\u00e4ltigen vor der Fahrt, nach [&hellip;]","og_url":"https:\/\/www.svsuelfeld.de\/?p=544","og_site_name":"SV S\u00fclfeld","article_publisher":"https:\/\/de-de.facebook.com\/svsuelfeld\/","article_published_time":"2019-02-02T07:33:00+00:00","article_modified_time":"2022-03-21T09:20:00+00:00","og_image":[{"width":1920,"height":1280,"url":"https:\/\/www.svsuelfeld.de\/wp-content\/uploads\/2022\/02\/radsport-titelbild.jpg","type":"image\/jpeg"}],"author":"radsport","twitter_card":"summary_large_image","twitter_misc":{"Verfasst von":"radsport","Gesch\u00e4tzte Lesezeit":"1\u00a0Minute"},"schema":{"@context":"https:\/\/schema.org","@graph":[{"@type":"Article","@id":"https:\/\/www.svsuelfeld.de\/?p=544#article","isPartOf":{"@id":"https:\/\/www.svsuelfeld.de\/?p=544"},"author":{"name":"radsport","@id":"https:\/\/www.svsuelfeld.de\/#\/schema\/person\/415a1ff3ea8d7a36cfbaf9bc66c7c689"},"headline":"Spartenbericht Radsport 2019","datePublished":"2019-02-02T07:33:00+00:00","dateModified":"2022-03-21T09:20:00+00:00","mainEntityOfPage":{"@id":"https:\/\/www.svsuelfeld.de\/?p=544"},"wordCount":253,"publisher":{"@id":"https:\/\/www.svsuelfeld.de\/#organization"},"image":{"@id":"https:\/\/www.svsuelfeld.de\/?p=544#primaryimage"},"thumbnailUrl":"https:\/\/www.svsuelfeld.de\/wp-content\/uploads\/2022\/02\/radsport-titelbild.jpg","articleSection":["Radsport"],"inLanguage":"de"},{"@type":"WebPage","@id":"https:\/\/www.svsuelfeld.de\/?p=544","url":"https:\/\/www.svsuelfeld.de\/?p=544","name":"Spartenbericht Radsport 2019 - SV S\u00fclfeld","isPartOf":{"@id":"https:\/\/www.svsuelfeld.de\/#website"},"primaryImageOfPage":{"@id":"https:\/\/www.svsuelfeld.de\/?p=544#primaryimage"},"image":{"@id":"https:\/\/www.svsuelfeld.de\/?p=544#primaryimage"},"thumbnailUrl":"https:\/\/www.svsuelfeld.de\/wp-content\/uploads\/2022\/02\/radsport-titelbild.jpg","datePublished":"2019-02-02T07:33:00+00:00","dateModified":"2022-03-21T09:20:00+00:00","breadcrumb":{"@id":"https:\/\/www.svsuelfeld.de\/?p=544#breadcrumb"},"inLanguage":"de","potentialAction":[{"@type":"ReadAction","target":["https:\/\/www.svsuelfeld.de\/?p=544"]}]},{"@type":"ImageObject","inLanguage":"de","@id":"https:\/\/www.svsuelfeld.de\/?p=544#primaryimage","url":"https:\/\/www.svsuelfeld.de\/wp-content\/uploads\/2022\/02\/radsport-titelbild.jpg","contentUrl":"https:\/\/www.svsuelfeld.de\/wp-content\/uploads\/2022\/02\/radsport-titelbild.jpg","width":1920,"height":1280},{"@type":"BreadcrumbList","@id":"https:\/\/www.svsuelfeld.de\/?p=544#breadcrumb","itemListElement":[{"@type":"ListItem","position":1,"name":"Startseite","item":"https:\/\/www.svsuelfeld.de\/"},{"@type":"ListItem","position":2,"name":"Spartenbericht Radsport 2019"}]},{"@type":"WebSite","@id":"https:\/\/www.svsuelfeld.de\/#website","url":"https:\/\/www.svsuelfeld.de\/","name":"SV S\u00fclfeld","description":"...mehr S\u00fclfeld geht nicht","publisher":{"@id":"https:\/\/www.svsuelfeld.de\/#organization"},"potentialAction":[{"@type":"SearchAction","target":{"@type":"EntryPoint","urlTemplate":"https:\/\/www.svsuelfeld.de\/?s={search_term_string}"},"query-input":{"@type":"PropertyValueSpecification","valueRequired":true,"valueName":"search_term_string"}}],"inLanguage":"de"},{"@type":"Organization","@id":"https:\/\/www.svsuelfeld.de\/#organization","name":"SV S\u00fclfeld","url":"https:\/\/www.svsuelfeld.de\/","logo":{"@type":"ImageObject","inLanguage":"de","@id":"https:\/\/www.svsuelfeld.de\/#\/schema\/logo\/image\/","url":"https:\/\/www.svsuelfeld.de\/wp-content\/uploads\/2022\/06\/cropped-svs-logo.png","contentUrl":"https:\/\/www.svsuelfeld.de\/wp-content\/uploads\/2022\/06\/cropped-svs-logo.png","width":210,"height":210,"caption":"SV S\u00fclfeld"},"image":{"@id":"https:\/\/www.svsuelfeld.de\/#\/schema\/logo\/image\/"},"sameAs":["https:\/\/de-de.facebook.com\/svsuelfeld\/"]},{"@type":"Person","@id":"https:\/\/www.svsuelfeld.de\/#\/schema\/person\/415a1ff3ea8d7a36cfbaf9bc66c7c689","name":"radsport","image":{"@type":"ImageObject","inLanguage":"de","@id":"https:\/\/secure.gravatar.com\/avatar\/3eaa8b5c6f6f5e0be342b93ecba3bf6462e79862855ffc307d9fdc6b7cc73849?s=96&d=mm&r=g","url":"https:\/\/secure.gravatar.com\/avatar\/3eaa8b5c6f6f5e0be342b93ecba3bf6462e79862855ffc307d9fdc6b7cc73849?s=96&d=mm&r=g","contentUrl":"https:\/\/secure.gravatar.com\/avatar\/3eaa8b5c6f6f5e0be342b93ecba3bf6462e79862855ffc307d9fdc6b7cc73849?s=96&d=mm&r=g","caption":"radsport"},"url":"https:\/\/www.svsuelfeld.de\/?author=11"}]}},"publishpress_future_action":{"enabled":false,"date":"2026-05-06 10:56:08","action":"change-status","newStatus":"draft","terms":[],"taxonomy":"category","extraData":[]},"publishpress_future_workflow_manual_trigger":{"enabledWorkflows":[]},"_links":{"self":[{"href":"https:\/\/www.svsuelfeld.de\/index.php?rest_route=\/wp\/v2\/posts\/544","targetHints":{"allow":["GET"]}}],"collection":[{"href":"https:\/\/www.svsuelfeld.de\/index.php?rest_route=\/wp\/v2\/posts"}],"about":[{"href":"https:\/\/www.svsuelfeld.de\/index.php?rest_route=\/wp\/v2\/types\/post"}],"author":[{"embeddable":true,"href":"https:\/\/www.svsuelfeld.de\/index.php?rest_route=\/wp\/v2\/users\/11"}],"replies":[{"embeddable":true,"href":"https:\/\/www.svsuelfeld.de\/index.php?rest_route=%2Fwp%2Fv2%2Fcomments&post=544"}],"version-history":[{"count":1,"href":"https:\/\/www.svsuelfeld.de\/index.php?rest_route=\/wp\/v2\/posts\/544\/revisions"}],"predecessor-version":[{"id":545,"href":"https:\/\/www.svsuelfeld.de\/index.php?rest_route=\/wp\/v2\/posts\/544\/revisions\/545"}],"wp:featuredmedia":[{"embeddable":true,"href":"https:\/\/www.svsuelfeld.de\/index.php?rest_route=\/wp\/v2\/media\/73"}],"wp:attachment":[{"href":"https:\/\/www.svsuelfeld.de\/index.php?rest_route=%2Fwp%2Fv2%2Fmedia&parent=544"}],"wp:term":[{"taxonomy":"category","embeddable":true,"href":"https:\/\/www.svsuelfeld.de\/index.php?rest_route=%2Fwp%2Fv2%2Fcategories&post=544"},{"taxonomy":"post_tag","embeddable":true,"href":"https:\/\/www.svsuelfeld.de\/index.php?rest_route=%2Fwp%2Fv2%2Ftags&post=544"}],"curies":[{"name":"wp","href":"https:\/\/api.w.org\/{rel}","templated":true}]}}