{"id":549,"date":"2019-04-02T08:38:00","date_gmt":"2019-04-02T06:38:00","guid":{"rendered":"https:\/\/www.svsuelfeld.de\/?p=549"},"modified":"2022-03-21T10:20:00","modified_gmt":"2022-03-21T09:20:00","slug":"bericht-2-suelfelder-fruehlingsfrische","status":"publish","type":"post","link":"https:\/\/www.svsuelfeld.de\/?p=549","title":{"rendered":"Bericht: 2. S\u00fclfelder Fr\u00fchlingsfrische"},"content":{"rendered":"\n<h3 class=\"wp-block-heading\">Nomen est Omen<\/h3>\n\n\n\n<p class=\"wp-block-paragraph\">Frisch war es, als sich am fr\u00fchen Sonntagmorgen die 120 Teilnehmer der 2ten S\u00fclfelder Fr\u00fchlingsfrische auf den Weg machten. Es galt, bis zu 3 Teilstrecken a 40 Kilometer abzufahren. In 3 Geschwindigkeitsklassen f\u00fchrten die erfahrenen Guides des SV S\u00fclfeld die Fahrerinnen und Fahrer nacheinander in drei verschiedene Himmelsrichtungen. Mit dabei radsportliche Highlights der Umgebung, wie Klingberg und Kattenberg.\u00a0<br>Einen weiteren H\u00f6hepunkt bildete die Verpflegung, die die helfenden H\u00e4nde des SVS, nicht zuletzt durch die finanzielle Unterst\u00fctzung der Sponsoren &#8211; Edeka Wittorf, Physiofit Daniel, Fahrradplus Bad Oldesloe, Landb\u00e4ckerei Matthiessen und PET fit &#8211; bereitstellten.\u00a0<br>Den Pokal f\u00fcr die meisten Kilometer pro Verein erfuhren sich die Mitglieder des RSC Kattenberg, die auch mit der gr\u00f6\u00dften Gruppe am Start waren.<br>Die Teilnehmer waren begeistert von Strecke, Verpflegung und nicht zuletzt dem perfekten Fr\u00fchlingswetter. Auch der Veranstalter zeigte sich zufrieden. &#8222;Ein rundum gelungener Tag!&#8220; beschrieben Fredrik Heim -Veranstaltungskoordinator- und Jens Fricke -SV S\u00fclfeld Radsport Spartenleiter- \u00a0die Veranstaltung.<br>Wir freuen uns auf die Neuauflage in 2020!<\/p>\n\n\n\n<figure class=\"wp-block-image size-large\"><img loading=\"lazy\" decoding=\"async\" width=\"1024\" height=\"768\" src=\"https:\/\/www.svsuelfeld.de\/wp-content\/uploads\/2022\/03\/2te_fruehlingsfrische_2-1024x768.jpg\" alt=\"\" class=\"wp-image-550\" srcset=\"https:\/\/www.svsuelfeld.de\/wp-content\/uploads\/2022\/03\/2te_fruehlingsfrische_2-1024x768.jpg 1024w, https:\/\/www.svsuelfeld.de\/wp-content\/uploads\/2022\/03\/2te_fruehlingsfrische_2-300x225.jpg 300w, https:\/\/www.svsuelfeld.de\/wp-content\/uploads\/2022\/03\/2te_fruehlingsfrische_2-768x576.jpg 768w, https:\/\/www.svsuelfeld.de\/wp-content\/uploads\/2022\/03\/2te_fruehlingsfrische_2-1536x1152.jpg 1536w, https:\/\/www.svsuelfeld.de\/wp-content\/uploads\/2022\/03\/2te_fruehlingsfrische_2-600x450.jpg 600w, https:\/\/www.svsuelfeld.de\/wp-content\/uploads\/2022\/03\/2te_fruehlingsfrische_2.jpg 1680w\" sizes=\"auto, (max-width: 1024px) 100vw, 1024px\" \/><\/figure>\n\n\n\n<figure class=\"wp-block-image size-large\"><img loading=\"lazy\" decoding=\"async\" width=\"1024\" height=\"768\" src=\"https:\/\/www.svsuelfeld.de\/wp-content\/uploads\/2022\/03\/2te_fruehlingsfrische_3-1024x768.jpg\" alt=\"\" class=\"wp-image-551\" srcset=\"https:\/\/www.svsuelfeld.de\/wp-content\/uploads\/2022\/03\/2te_fruehlingsfrische_3-1024x768.jpg 1024w, https:\/\/www.svsuelfeld.de\/wp-content\/uploads\/2022\/03\/2te_fruehlingsfrische_3-300x225.jpg 300w, https:\/\/www.svsuelfeld.de\/wp-content\/uploads\/2022\/03\/2te_fruehlingsfrische_3-768x576.jpg 768w, https:\/\/www.svsuelfeld.de\/wp-content\/uploads\/2022\/03\/2te_fruehlingsfrische_3-1536x1152.jpg 1536w, https:\/\/www.svsuelfeld.de\/wp-content\/uploads\/2022\/03\/2te_fruehlingsfrische_3-600x450.jpg 600w, https:\/\/www.svsuelfeld.de\/wp-content\/uploads\/2022\/03\/2te_fruehlingsfrische_3.jpg 1680w\" sizes=\"auto, (max-width: 1024px) 100vw, 1024px\" \/><\/figure>\n","protected":false},"excerpt":{"rendered":"<p>Nomen est Omen Frisch war es, als sich am fr\u00fchen Sonntagmorgen die 120 Teilnehmer der 2ten S\u00fclfelder Fr\u00fchlingsfrische auf den Weg machten. Es galt, bis zu 3 Teilstrecken a 40 Kilometer abzufahren. In 3 Geschwindigkeitsklassen f\u00fchrten die erfahrenen Guides des SV S\u00fclfeld die Fahrerinnen und Fahrer nacheinander in drei verschiedene Himmelsrichtungen. Mit dabei radsportliche Highlights [&hellip;]<\/p>\n","protected":false},"author":11,"featured_media":552,"comment_status":"open","ping_status":"open","sticky":false,"template":"","format":"standard","meta":{"_crdt_document":"","pgc_sgb_lightbox_settings":"","footnotes":""},"categories":[17],"tags":[],"class_list":["post-549","post","type-post","status-publish","format-standard","has-post-thumbnail","hentry","category-radsport"],"yoast_head":"<!-- This site is optimized with the Yoast SEO plugin v27.5 - https:\/\/yoast.com\/product\/yoast-seo-wordpress\/ -->\n<title>Bericht: 2. S\u00fclfelder Fr\u00fchlingsfrische - SV S\u00fclfeld<\/title>\n<meta name=\"robots\" content=\"index, follow, max-snippet:-1, max-image-preview:large, max-video-preview:-1\" \/>\n<link rel=\"canonical\" href=\"https:\/\/www.svsuelfeld.de\/?p=549\" \/>\n<meta property=\"og:locale\" content=\"de_DE\" \/>\n<meta property=\"og:type\" content=\"article\" \/>\n<meta property=\"og:title\" content=\"Bericht: 2. S\u00fclfelder Fr\u00fchlingsfrische - SV S\u00fclfeld\" \/>\n<meta property=\"og:description\" content=\"Nomen est Omen Frisch war es, als sich am fr\u00fchen Sonntagmorgen die 120 Teilnehmer der 2ten S\u00fclfelder Fr\u00fchlingsfrische auf den Weg machten. Es galt, bis zu 3 Teilstrecken a 40 Kilometer abzufahren. In 3 Geschwindigkeitsklassen f\u00fchrten die erfahrenen Guides des SV S\u00fclfeld die Fahrerinnen und Fahrer nacheinander in drei verschiedene Himmelsrichtungen. Mit dabei radsportliche Highlights [&hellip;]\" \/>\n<meta property=\"og:url\" content=\"https:\/\/www.svsuelfeld.de\/?p=549\" \/>\n<meta property=\"og:site_name\" content=\"SV S\u00fclfeld\" \/>\n<meta property=\"article:publisher\" content=\"https:\/\/de-de.facebook.com\/svsuelfeld\/\" \/>\n<meta property=\"article:published_time\" content=\"2019-04-02T06:38:00+00:00\" \/>\n<meta property=\"article:modified_time\" content=\"2022-03-21T09:20:00+00:00\" \/>\n<meta property=\"og:image\" content=\"https:\/\/www.svsuelfeld.de\/wp-content\/uploads\/2022\/03\/2te_fruehlingsfrische_1.jpg\" \/>\n\t<meta property=\"og:image:width\" content=\"1680\" \/>\n\t<meta property=\"og:image:height\" content=\"1260\" \/>\n\t<meta property=\"og:image:type\" content=\"image\/jpeg\" \/>\n<meta name=\"author\" content=\"radsport\" \/>\n<meta name=\"twitter:card\" content=\"summary_large_image\" \/>\n<meta name=\"twitter:label1\" content=\"Verfasst von\" \/>\n\t<meta name=\"twitter:data1\" content=\"radsport\" \/>\n\t<meta name=\"twitter:label2\" content=\"Gesch\u00e4tzte Lesezeit\" \/>\n\t<meta name=\"twitter:data2\" content=\"1\u00a0Minute\" \/>\n<script type=\"application\/ld+json\" class=\"yoast-schema-graph\">{\"@context\":\"https:\\\/\\\/schema.org\",\"@graph\":[{\"@type\":\"Article\",\"@id\":\"https:\\\/\\\/www.svsuelfeld.de\\\/?p=549#article\",\"isPartOf\":{\"@id\":\"https:\\\/\\\/www.svsuelfeld.de\\\/?p=549\"},\"author\":{\"name\":\"radsport\",\"@id\":\"https:\\\/\\\/www.svsuelfeld.de\\\/#\\\/schema\\\/person\\\/415a1ff3ea8d7a36cfbaf9bc66c7c689\"},\"headline\":\"Bericht: 2. S\u00fclfelder Fr\u00fchlingsfrische\",\"datePublished\":\"2019-04-02T06:38:00+00:00\",\"dateModified\":\"2022-03-21T09:20:00+00:00\",\"mainEntityOfPage\":{\"@id\":\"https:\\\/\\\/www.svsuelfeld.de\\\/?p=549\"},\"wordCount\":177,\"commentCount\":0,\"publisher\":{\"@id\":\"https:\\\/\\\/www.svsuelfeld.de\\\/#organization\"},\"image\":{\"@id\":\"https:\\\/\\\/www.svsuelfeld.de\\\/?p=549#primaryimage\"},\"thumbnailUrl\":\"https:\\\/\\\/www.svsuelfeld.de\\\/wp-content\\\/uploads\\\/2022\\\/03\\\/2te_fruehlingsfrische_1.jpg\",\"articleSection\":[\"Radsport\"],\"inLanguage\":\"de\",\"potentialAction\":[{\"@type\":\"CommentAction\",\"name\":\"Comment\",\"target\":[\"https:\\\/\\\/www.svsuelfeld.de\\\/?p=549#respond\"]}]},{\"@type\":\"WebPage\",\"@id\":\"https:\\\/\\\/www.svsuelfeld.de\\\/?p=549\",\"url\":\"https:\\\/\\\/www.svsuelfeld.de\\\/?p=549\",\"name\":\"Bericht: 2. S\u00fclfelder Fr\u00fchlingsfrische - SV S\u00fclfeld\",\"isPartOf\":{\"@id\":\"https:\\\/\\\/www.svsuelfeld.de\\\/#website\"},\"primaryImageOfPage\":{\"@id\":\"https:\\\/\\\/www.svsuelfeld.de\\\/?p=549#primaryimage\"},\"image\":{\"@id\":\"https:\\\/\\\/www.svsuelfeld.de\\\/?p=549#primaryimage\"},\"thumbnailUrl\":\"https:\\\/\\\/www.svsuelfeld.de\\\/wp-content\\\/uploads\\\/2022\\\/03\\\/2te_fruehlingsfrische_1.jpg\",\"datePublished\":\"2019-04-02T06:38:00+00:00\",\"dateModified\":\"2022-03-21T09:20:00+00:00\",\"breadcrumb\":{\"@id\":\"https:\\\/\\\/www.svsuelfeld.de\\\/?p=549#breadcrumb\"},\"inLanguage\":\"de\",\"potentialAction\":[{\"@type\":\"ReadAction\",\"target\":[\"https:\\\/\\\/www.svsuelfeld.de\\\/?p=549\"]}]},{\"@type\":\"ImageObject\",\"inLanguage\":\"de\",\"@id\":\"https:\\\/\\\/www.svsuelfeld.de\\\/?p=549#primaryimage\",\"url\":\"https:\\\/\\\/www.svsuelfeld.de\\\/wp-content\\\/uploads\\\/2022\\\/03\\\/2te_fruehlingsfrische_1.jpg\",\"contentUrl\":\"https:\\\/\\\/www.svsuelfeld.de\\\/wp-content\\\/uploads\\\/2022\\\/03\\\/2te_fruehlingsfrische_1.jpg\",\"width\":1680,\"height\":1260,\"caption\":\"OLYMPUS DIGITAL CAMERA\"},{\"@type\":\"BreadcrumbList\",\"@id\":\"https:\\\/\\\/www.svsuelfeld.de\\\/?p=549#breadcrumb\",\"itemListElement\":[{\"@type\":\"ListItem\",\"position\":1,\"name\":\"Startseite\",\"item\":\"https:\\\/\\\/www.svsuelfeld.de\\\/\"},{\"@type\":\"ListItem\",\"position\":2,\"name\":\"Bericht: 2. S\u00fclfelder Fr\u00fchlingsfrische\"}]},{\"@type\":\"WebSite\",\"@id\":\"https:\\\/\\\/www.svsuelfeld.de\\\/#website\",\"url\":\"https:\\\/\\\/www.svsuelfeld.de\\\/\",\"name\":\"SV S\u00fclfeld\",\"description\":\"...mehr S\u00fclfeld geht nicht\",\"publisher\":{\"@id\":\"https:\\\/\\\/www.svsuelfeld.de\\\/#organization\"},\"potentialAction\":[{\"@type\":\"SearchAction\",\"target\":{\"@type\":\"EntryPoint\",\"urlTemplate\":\"https:\\\/\\\/www.svsuelfeld.de\\\/?s={search_term_string}\"},\"query-input\":{\"@type\":\"PropertyValueSpecification\",\"valueRequired\":true,\"valueName\":\"search_term_string\"}}],\"inLanguage\":\"de\"},{\"@type\":\"Organization\",\"@id\":\"https:\\\/\\\/www.svsuelfeld.de\\\/#organization\",\"name\":\"SV S\u00fclfeld\",\"url\":\"https:\\\/\\\/www.svsuelfeld.de\\\/\",\"logo\":{\"@type\":\"ImageObject\",\"inLanguage\":\"de\",\"@id\":\"https:\\\/\\\/www.svsuelfeld.de\\\/#\\\/schema\\\/logo\\\/image\\\/\",\"url\":\"https:\\\/\\\/www.svsuelfeld.de\\\/wp-content\\\/uploads\\\/2022\\\/06\\\/cropped-svs-logo.png\",\"contentUrl\":\"https:\\\/\\\/www.svsuelfeld.de\\\/wp-content\\\/uploads\\\/2022\\\/06\\\/cropped-svs-logo.png\",\"width\":210,\"height\":210,\"caption\":\"SV S\u00fclfeld\"},\"image\":{\"@id\":\"https:\\\/\\\/www.svsuelfeld.de\\\/#\\\/schema\\\/logo\\\/image\\\/\"},\"sameAs\":[\"https:\\\/\\\/de-de.facebook.com\\\/svsuelfeld\\\/\"]},{\"@type\":\"Person\",\"@id\":\"https:\\\/\\\/www.svsuelfeld.de\\\/#\\\/schema\\\/person\\\/415a1ff3ea8d7a36cfbaf9bc66c7c689\",\"name\":\"radsport\",\"image\":{\"@type\":\"ImageObject\",\"inLanguage\":\"de\",\"@id\":\"https:\\\/\\\/secure.gravatar.com\\\/avatar\\\/3eaa8b5c6f6f5e0be342b93ecba3bf6462e79862855ffc307d9fdc6b7cc73849?s=96&d=mm&r=g\",\"url\":\"https:\\\/\\\/secure.gravatar.com\\\/avatar\\\/3eaa8b5c6f6f5e0be342b93ecba3bf6462e79862855ffc307d9fdc6b7cc73849?s=96&d=mm&r=g\",\"contentUrl\":\"https:\\\/\\\/secure.gravatar.com\\\/avatar\\\/3eaa8b5c6f6f5e0be342b93ecba3bf6462e79862855ffc307d9fdc6b7cc73849?s=96&d=mm&r=g\",\"caption\":\"radsport\"},\"url\":\"https:\\\/\\\/www.svsuelfeld.de\\\/?author=11\"}]}<\/script>\n<!-- \/ Yoast SEO plugin. -->","yoast_head_json":{"title":"Bericht: 2. S\u00fclfelder Fr\u00fchlingsfrische - SV S\u00fclfeld","robots":{"index":"index","follow":"follow","max-snippet":"max-snippet:-1","max-image-preview":"max-image-preview:large","max-video-preview":"max-video-preview:-1"},"canonical":"https:\/\/www.svsuelfeld.de\/?p=549","og_locale":"de_DE","og_type":"article","og_title":"Bericht: 2. S\u00fclfelder Fr\u00fchlingsfrische - SV S\u00fclfeld","og_description":"Nomen est Omen Frisch war es, als sich am fr\u00fchen Sonntagmorgen die 120 Teilnehmer der 2ten S\u00fclfelder Fr\u00fchlingsfrische auf den Weg machten. Es galt, bis zu 3 Teilstrecken a 40 Kilometer abzufahren. In 3 Geschwindigkeitsklassen f\u00fchrten die erfahrenen Guides des SV S\u00fclfeld die Fahrerinnen und Fahrer nacheinander in drei verschiedene Himmelsrichtungen. Mit dabei radsportliche Highlights [&hellip;]","og_url":"https:\/\/www.svsuelfeld.de\/?p=549","og_site_name":"SV S\u00fclfeld","article_publisher":"https:\/\/de-de.facebook.com\/svsuelfeld\/","article_published_time":"2019-04-02T06:38:00+00:00","article_modified_time":"2022-03-21T09:20:00+00:00","og_image":[{"width":1680,"height":1260,"url":"https:\/\/www.svsuelfeld.de\/wp-content\/uploads\/2022\/03\/2te_fruehlingsfrische_1.jpg","type":"image\/jpeg"}],"author":"radsport","twitter_card":"summary_large_image","twitter_misc":{"Verfasst von":"radsport","Gesch\u00e4tzte Lesezeit":"1\u00a0Minute"},"schema":{"@context":"https:\/\/schema.org","@graph":[{"@type":"Article","@id":"https:\/\/www.svsuelfeld.de\/?p=549#article","isPartOf":{"@id":"https:\/\/www.svsuelfeld.de\/?p=549"},"author":{"name":"radsport","@id":"https:\/\/www.svsuelfeld.de\/#\/schema\/person\/415a1ff3ea8d7a36cfbaf9bc66c7c689"},"headline":"Bericht: 2. S\u00fclfelder Fr\u00fchlingsfrische","datePublished":"2019-04-02T06:38:00+00:00","dateModified":"2022-03-21T09:20:00+00:00","mainEntityOfPage":{"@id":"https:\/\/www.svsuelfeld.de\/?p=549"},"wordCount":177,"commentCount":0,"publisher":{"@id":"https:\/\/www.svsuelfeld.de\/#organization"},"image":{"@id":"https:\/\/www.svsuelfeld.de\/?p=549#primaryimage"},"thumbnailUrl":"https:\/\/www.svsuelfeld.de\/wp-content\/uploads\/2022\/03\/2te_fruehlingsfrische_1.jpg","articleSection":["Radsport"],"inLanguage":"de","potentialAction":[{"@type":"CommentAction","name":"Comment","target":["https:\/\/www.svsuelfeld.de\/?p=549#respond"]}]},{"@type":"WebPage","@id":"https:\/\/www.svsuelfeld.de\/?p=549","url":"https:\/\/www.svsuelfeld.de\/?p=549","name":"Bericht: 2. S\u00fclfelder Fr\u00fchlingsfrische - SV S\u00fclfeld","isPartOf":{"@id":"https:\/\/www.svsuelfeld.de\/#website"},"primaryImageOfPage":{"@id":"https:\/\/www.svsuelfeld.de\/?p=549#primaryimage"},"image":{"@id":"https:\/\/www.svsuelfeld.de\/?p=549#primaryimage"},"thumbnailUrl":"https:\/\/www.svsuelfeld.de\/wp-content\/uploads\/2022\/03\/2te_fruehlingsfrische_1.jpg","datePublished":"2019-04-02T06:38:00+00:00","dateModified":"2022-03-21T09:20:00+00:00","breadcrumb":{"@id":"https:\/\/www.svsuelfeld.de\/?p=549#breadcrumb"},"inLanguage":"de","potentialAction":[{"@type":"ReadAction","target":["https:\/\/www.svsuelfeld.de\/?p=549"]}]},{"@type":"ImageObject","inLanguage":"de","@id":"https:\/\/www.svsuelfeld.de\/?p=549#primaryimage","url":"https:\/\/www.svsuelfeld.de\/wp-content\/uploads\/2022\/03\/2te_fruehlingsfrische_1.jpg","contentUrl":"https:\/\/www.svsuelfeld.de\/wp-content\/uploads\/2022\/03\/2te_fruehlingsfrische_1.jpg","width":1680,"height":1260,"caption":"OLYMPUS DIGITAL CAMERA"},{"@type":"BreadcrumbList","@id":"https:\/\/www.svsuelfeld.de\/?p=549#breadcrumb","itemListElement":[{"@type":"ListItem","position":1,"name":"Startseite","item":"https:\/\/www.svsuelfeld.de\/"},{"@type":"ListItem","position":2,"name":"Bericht: 2. S\u00fclfelder Fr\u00fchlingsfrische"}]},{"@type":"WebSite","@id":"https:\/\/www.svsuelfeld.de\/#website","url":"https:\/\/www.svsuelfeld.de\/","name":"SV S\u00fclfeld","description":"...mehr S\u00fclfeld geht nicht","publisher":{"@id":"https:\/\/www.svsuelfeld.de\/#organization"},"potentialAction":[{"@type":"SearchAction","target":{"@type":"EntryPoint","urlTemplate":"https:\/\/www.svsuelfeld.de\/?s={search_term_string}"},"query-input":{"@type":"PropertyValueSpecification","valueRequired":true,"valueName":"search_term_string"}}],"inLanguage":"de"},{"@type":"Organization","@id":"https:\/\/www.svsuelfeld.de\/#organization","name":"SV S\u00fclfeld","url":"https:\/\/www.svsuelfeld.de\/","logo":{"@type":"ImageObject","inLanguage":"de","@id":"https:\/\/www.svsuelfeld.de\/#\/schema\/logo\/image\/","url":"https:\/\/www.svsuelfeld.de\/wp-content\/uploads\/2022\/06\/cropped-svs-logo.png","contentUrl":"https:\/\/www.svsuelfeld.de\/wp-content\/uploads\/2022\/06\/cropped-svs-logo.png","width":210,"height":210,"caption":"SV S\u00fclfeld"},"image":{"@id":"https:\/\/www.svsuelfeld.de\/#\/schema\/logo\/image\/"},"sameAs":["https:\/\/de-de.facebook.com\/svsuelfeld\/"]},{"@type":"Person","@id":"https:\/\/www.svsuelfeld.de\/#\/schema\/person\/415a1ff3ea8d7a36cfbaf9bc66c7c689","name":"radsport","image":{"@type":"ImageObject","inLanguage":"de","@id":"https:\/\/secure.gravatar.com\/avatar\/3eaa8b5c6f6f5e0be342b93ecba3bf6462e79862855ffc307d9fdc6b7cc73849?s=96&d=mm&r=g","url":"https:\/\/secure.gravatar.com\/avatar\/3eaa8b5c6f6f5e0be342b93ecba3bf6462e79862855ffc307d9fdc6b7cc73849?s=96&d=mm&r=g","contentUrl":"https:\/\/secure.gravatar.com\/avatar\/3eaa8b5c6f6f5e0be342b93ecba3bf6462e79862855ffc307d9fdc6b7cc73849?s=96&d=mm&r=g","caption":"radsport"},"url":"https:\/\/www.svsuelfeld.de\/?author=11"}]}},"publishpress_future_action":{"enabled":false,"date":"2026-05-06 11:54:59","action":"change-status","newStatus":"draft","terms":[],"taxonomy":"category","extraData":[]},"publishpress_future_workflow_manual_trigger":{"enabledWorkflows":[]},"_links":{"self":[{"href":"https:\/\/www.svsuelfeld.de\/index.php?rest_route=\/wp\/v2\/posts\/549","targetHints":{"allow":["GET"]}}],"collection":[{"href":"https:\/\/www.svsuelfeld.de\/index.php?rest_route=\/wp\/v2\/posts"}],"about":[{"href":"https:\/\/www.svsuelfeld.de\/index.php?rest_route=\/wp\/v2\/types\/post"}],"author":[{"embeddable":true,"href":"https:\/\/www.svsuelfeld.de\/index.php?rest_route=\/wp\/v2\/users\/11"}],"replies":[{"embeddable":true,"href":"https:\/\/www.svsuelfeld.de\/index.php?rest_route=%2Fwp%2Fv2%2Fcomments&post=549"}],"version-history":[{"count":1,"href":"https:\/\/www.svsuelfeld.de\/index.php?rest_route=\/wp\/v2\/posts\/549\/revisions"}],"predecessor-version":[{"id":553,"href":"https:\/\/www.svsuelfeld.de\/index.php?rest_route=\/wp\/v2\/posts\/549\/revisions\/553"}],"wp:featuredmedia":[{"embeddable":true,"href":"https:\/\/www.svsuelfeld.de\/index.php?rest_route=\/wp\/v2\/media\/552"}],"wp:attachment":[{"href":"https:\/\/www.svsuelfeld.de\/index.php?rest_route=%2Fwp%2Fv2%2Fmedia&parent=549"}],"wp:term":[{"taxonomy":"category","embeddable":true,"href":"https:\/\/www.svsuelfeld.de\/index.php?rest_route=%2Fwp%2Fv2%2Fcategories&post=549"},{"taxonomy":"post_tag","embeddable":true,"href":"https:\/\/www.svsuelfeld.de\/index.php?rest_route=%2Fwp%2Fv2%2Ftags&post=549"}],"curies":[{"name":"wp","href":"https:\/\/api.w.org\/{rel}","templated":true}]}}