{"id":559,"date":"2020-08-19T08:48:00","date_gmt":"2020-08-19T06:48:00","guid":{"rendered":"https:\/\/www.svsuelfeld.de\/?p=559"},"modified":"2022-03-21T10:20:00","modified_gmt":"2022-03-21T09:20:00","slug":"neues-vom-radsport-3","status":"publish","type":"post","link":"https:\/\/www.svsuelfeld.de\/?p=559","title":{"rendered":"Neues vom Radsport"},"content":{"rendered":"\n<p class=\"wp-block-paragraph\">Na das war ja mal ein interessantes Jahr!<\/p>\n\n\n\n<p class=\"wp-block-paragraph\">Radsportlich irgendwie ganz anders und doch irgendwie gewohnt. Oder etwa nicht? Schauen wir mal genauer drauf, was wir im SVS so alles getrieben haben.<\/p>\n\n\n\n<p class=\"wp-block-paragraph\">Es begann wie immer mit einer ambitionierten, anspruchsvollen (f\u00fcr einige v\u00f6llig \u00fcberzogenen?) Saisonplanung. Angefangen mit unserer eigenen RTF, der S\u00fclfelder Fr\u00fchlingsfrische Ende M\u00e4rz. In diesem Jahr besonders wichtig, da zu Ehren des hundertj\u00e4hrigen Bestehens des SVS. Danach wollten einige zu einem Trainingslager nach Teneriffa starten, andere wollten ihre Form in der Holsteinischen Schweiz bei der Rennradwoche L\u00fcbecker Bucht verbessern, um Ende Mai die Mecklenburger Seenrunde zu \u00fcberleben. Wir wollten ein Trainings-Wochenende im Harz verbringen (wer ist eigentlich auf diese ganzen h\u00fcgeligen Ideen gekommen, wo doch schon der Klingberg ein kaum zu \u00fcberwindendes Hindernis darstellt???), 2-3 wollten die gro\u00dfe Weserrunde fahren und als gemeinsames Highlight wollten wir die Cyclassics als geschlossenes Team rocken.<\/p>\n\n\n\n<p class=\"wp-block-paragraph\">Da ein Plan immer nur solange h\u00e4lt, bis ihn die Realit\u00e4t einholt, kam es doch ein wenig anders&#8230;<\/p>\n\n\n\n<p class=\"wp-block-paragraph\">Im Winter ahnte noch niemand, was da kommen w\u00fcrde. Mit MTB und Crosser ging es durch Wald und Matsch auf Wegen, die sich manchem bis heute nicht erschlossen haben. Wie um alles in der Welt soll man auf einer geschlossenen Laubdecke zwischen den ganzen B\u00e4umen eine Strecke finden? Da zog es einige doch lieber auf die Stra\u00dfe, um sich Zehen und Finger abzufrieren. Andere blieben bei ihrem gewohnten Rezept, der intensiven Regeneration. Ganz wichtig zum Formaufbau!<\/p>\n\n\n\n<p class=\"wp-block-paragraph\">Anfang M\u00e4rz erhielten schlechtes Wetter und der innere Schweinehund einen m\u00e4chtigen Verb\u00fcndeten, Covid-19. Veranstaltungen wurden abgesagt, Events verschoben und erste Kontaktbeschr\u00e4nkungen erlassen. Damit war dann auch das Thema S\u00fclfelder Fr\u00fchlingsfrische dahin. Ebenso wie alle anderen RTFn in der Umgebung.&nbsp;<\/p>\n\n\n\n<p class=\"wp-block-paragraph\">Wenigstens spielte das Wetter jetzt mit. Wenn Lockdown, freie Arbeitszeiteinteilung durch Homeoffice, kein Homeschooling und milde Temperaturen zusammentreffen, kann das f\u00fcr Radsportler geradezu paradiesisch werden. Ok, die Kontaktbegrenzungen auf max. 2 Personen standen Gruppenerlebnissen eher im Weg, aber besonders belebt war es im Paradies ja bekanntlich auch nicht.<\/p>\n\n\n\n<p class=\"wp-block-paragraph\">War aber schon geil, stundenlang auf fast autofreien Landstra\u00dfen zu fahren. Und wenn sich doch einmal die Wege kreuzten, war alles locker und entspannt. Was f\u00fcr ein Privileg, in dieser Zeit seinem Hobby nahezu ohne Einschr\u00e4nkungen nachgehen zu k\u00f6nnen in dieser fantastischen Umgebung.<\/p>\n\n\n\n<p class=\"wp-block-paragraph\">Ergebnis dieser euphorischen Erlebnisse waren epische Langstrecken-Fahrten mit dem Renner u.a. nach Gl\u00fcckstadt und zum Selenter See, Gravel-Touren z.B. entlang des Elbe-L\u00fcbeck-Kanals und am Ende eine grandiose Grundlagenausdauer.<\/p>\n\n\n\n<p class=\"wp-block-paragraph\">Doch was hilft die beste Grundlage, wenn Kraft, Schnellkraft und Geschwindigkeit gefordert sind? Nach 4 Monaten wurden mit den ersten Lockerungen wieder weitere sportliche Kontakte m\u00f6glich und das Vereinstraining begann. Hier trennte sich dann die Spreu vom Weizen oder anders gesagt, es hatten nicht alle nur Grundlage trainiert. Abgesehen davon wurde ordentlich in neues Material investiert, was manche*n zu besonders gro\u00dfer Motivation befl\u00fcgelte. Die aufkommende Gruppendynamik war nicht immer einfach zu z\u00fcgeln, aber es waren super Touren. Leider passierte hier aber auch das Lowlight der Saison. Bei hochsommerlichen Temperaturen und hochmotivierter Fahrt erwischte es eine Fahrerin, die in den Stra\u00dfengraben st\u00fcrzte und sich \u00fcbel verletzte. Nach dem f\u00e4lligen Krankenhausaufenthalt mit folgender Rekonvaleszenz, zum Gl\u00fcck ohne bleibende Sch\u00e4den.<\/p>\n\n\n\n<p class=\"wp-block-paragraph\">Eine Woche sp\u00e4ter wieder in den Highlight-Modus umzuschalten fiel nicht jedem einfach.<\/p>\n\n\n\n<p class=\"wp-block-paragraph\">Aufgrund der nahezu kompletten Absage von RTFn und Events blieb nichts anderes \u00fcbrig, als sich eigene H\u00f6hepunkte zu kreieren. So wurde aus einer bekloppten Idee 3er Langstrecken-Fahrer pl\u00f6tzlich ein Event f\u00fcrs ganze Team. S\u00fclfeld \u2013 Kappeln \u2013 S\u00fclfeld oder besser: 300 km am St\u00fcck.<\/p>\n\n\n\n<p class=\"wp-block-paragraph\">F\u00fcr die eine oder den anderen bedeutete das einen neuen pers\u00f6nlichen Streckenrekord, f\u00fcr andere inzwischen eine fast schon gewohnte Distanz. Die Strecke war perfekt geplant, die Landschaft \u2013 besonders an der Schlei entlang \u2013 einfach traumhaft. Aufgrund der etwas zu ausgiebig genossenen Pausen wurden die letzten Kilometer noch zu einer Fahrt durch die Dunkelheit. Aber alle waren heil und gl\u00fccklich wieder im Ziel. Wobei bei einigen das Gl\u00fcck nicht ganz pr\u00e4sent zu sein schien. Also bei Wenigen. Ok, genaugenommen nur bei einem. Der hatte an diesem Tag aber auch arg gelitten, der Jammerlappen.<\/p>\n\n\n\n<p class=\"wp-block-paragraph\">Kaum 3 Wochen sp\u00e4ter kam der n\u00e4chste Brocken. Und zwar im wahrsten Sinne des Wortes. Das Trainingswochenende im Harz stand an. Knapp die H\u00e4lfte des Teams machte sich auf den Weg nach Braunlage. Lockeres Einfahren am Freitag, der Brocken am Sonnabend und bisschen Ausrollen am Sonntag sollte es sein. Leider zeigte sich das Wetter nicht dem Anlass angemessen, so dass es nicht nur k\u00f6rperlich herausfordernd wurde. Besonders der Sonnabend sollte mit fast 2.000 H\u00f6henmetern und 120 Kilometern extrem fordernd werden. Der Streckenplaner hatte sich in weiser Voraussicht vor dem Wochenende schon mal abgemeldet. \u201eGesundheitliche Gr\u00fcnde\u201c, na klar!<\/p>\n\n\n\n<p class=\"wp-block-paragraph\">Der Sommer trudelte mit ein paar gemeinsamen Fahrten in eher \u00fcberschaubarer Gruppenst\u00e4rke aus und ging in Gravel- und Cross-Touren \u00fcber. Es folgte die 2te Welle der Pandemie mit den schon bekannten Beschr\u00e4nkungen. Und ganz neuen Erlebnissen. Mannschaftssitzung per Video-Schalte. Was Politiker k\u00f6nnen, k\u00f6nnen wir schon lange! Am Technik-Support m\u00fcssten wir zwar partiell noch ein klein wenig arbeiten, aber auf jeden Fall kommen wir deutlich schneller zu Ergebnissen als \u201edie da oben\u201c. Die Beschaffung neuer Team-Arbeitskleidung musste aber leider aufs n\u00e4chste Jahr verschoben werden. So sehr wir uns auch bem\u00fcht haben, die Anprobe von Hosen und Trikots geht einfach nicht virtuell.<\/p>\n\n\n\n<p class=\"wp-block-paragraph\">Zum Jahresende zeigen sich dann schnell wieder die individuellen Trainingsvorlieben vom Jahresanfang. Ob Festive500, Cross, Zwift oder Regeneration. Manches \u00e4ndert sich eben nie.<\/p>\n\n\n\n<p class=\"wp-block-paragraph\">Fazit: Radsportlich eigentlich gar nicht so schlecht dieses 2020. Und wenn man von den Absagen der RTFn und Events und den Kontakteinschr\u00e4nkungen der Gruppengr\u00f6\u00dfe absieht, gab es ja auch kaum Beeintr\u00e4chtigungen.<\/p>\n\n\n\n<p class=\"wp-block-paragraph\">Also 2021 kann kommen, die Saisonplanung steht schon mal!<\/p>\n","protected":false},"excerpt":{"rendered":"<p>Na das war ja mal ein interessantes Jahr! Radsportlich irgendwie ganz anders und doch irgendwie gewohnt. Oder etwa nicht? Schauen wir mal genauer drauf, was wir im SVS so alles getrieben haben. Es begann wie immer mit einer ambitionierten, anspruchsvollen (f\u00fcr einige v\u00f6llig \u00fcberzogenen?) Saisonplanung. Angefangen mit unserer eigenen RTF, der S\u00fclfelder Fr\u00fchlingsfrische Ende M\u00e4rz. [&hellip;]<\/p>\n","protected":false},"author":11,"featured_media":73,"comment_status":"closed","ping_status":"closed","sticky":false,"template":"","format":"standard","meta":{"_crdt_document":"","pgc_sgb_lightbox_settings":"","footnotes":""},"categories":[17],"tags":[],"class_list":["post-559","post","type-post","status-publish","format-standard","has-post-thumbnail","hentry","category-radsport"],"yoast_head":"<!-- This site is optimized with the Yoast SEO plugin v27.5 - https:\/\/yoast.com\/product\/yoast-seo-wordpress\/ -->\n<title>Neues vom Radsport - SV S\u00fclfeld<\/title>\n<meta name=\"robots\" content=\"index, follow, max-snippet:-1, max-image-preview:large, max-video-preview:-1\" \/>\n<link rel=\"canonical\" href=\"https:\/\/www.svsuelfeld.de\/?p=559\" \/>\n<meta property=\"og:locale\" content=\"de_DE\" \/>\n<meta property=\"og:type\" content=\"article\" \/>\n<meta property=\"og:title\" content=\"Neues vom Radsport - SV S\u00fclfeld\" \/>\n<meta property=\"og:description\" content=\"Na das war ja mal ein interessantes Jahr! Radsportlich irgendwie ganz anders und doch irgendwie gewohnt. Oder etwa nicht? Schauen wir mal genauer drauf, was wir im SVS so alles getrieben haben. Es begann wie immer mit einer ambitionierten, anspruchsvollen (f\u00fcr einige v\u00f6llig \u00fcberzogenen?) Saisonplanung. Angefangen mit unserer eigenen RTF, der S\u00fclfelder Fr\u00fchlingsfrische Ende M\u00e4rz. [&hellip;]\" \/>\n<meta property=\"og:url\" content=\"https:\/\/www.svsuelfeld.de\/?p=559\" \/>\n<meta property=\"og:site_name\" content=\"SV S\u00fclfeld\" \/>\n<meta property=\"article:publisher\" content=\"https:\/\/de-de.facebook.com\/svsuelfeld\/\" \/>\n<meta property=\"article:published_time\" content=\"2020-08-19T06:48:00+00:00\" \/>\n<meta property=\"article:modified_time\" content=\"2022-03-21T09:20:00+00:00\" \/>\n<meta property=\"og:image\" content=\"https:\/\/www.svsuelfeld.de\/wp-content\/uploads\/2022\/02\/radsport-titelbild.jpg\" \/>\n\t<meta property=\"og:image:width\" content=\"1920\" \/>\n\t<meta property=\"og:image:height\" content=\"1280\" \/>\n\t<meta property=\"og:image:type\" content=\"image\/jpeg\" \/>\n<meta name=\"author\" content=\"radsport\" \/>\n<meta name=\"twitter:card\" content=\"summary_large_image\" \/>\n<meta name=\"twitter:label1\" content=\"Verfasst von\" \/>\n\t<meta name=\"twitter:data1\" content=\"radsport\" \/>\n\t<meta name=\"twitter:label2\" content=\"Gesch\u00e4tzte Lesezeit\" \/>\n\t<meta name=\"twitter:data2\" content=\"5\u00a0Minuten\" \/>\n<script type=\"application\/ld+json\" class=\"yoast-schema-graph\">{\"@context\":\"https:\\\/\\\/schema.org\",\"@graph\":[{\"@type\":\"Article\",\"@id\":\"https:\\\/\\\/www.svsuelfeld.de\\\/?p=559#article\",\"isPartOf\":{\"@id\":\"https:\\\/\\\/www.svsuelfeld.de\\\/?p=559\"},\"author\":{\"name\":\"radsport\",\"@id\":\"https:\\\/\\\/www.svsuelfeld.de\\\/#\\\/schema\\\/person\\\/415a1ff3ea8d7a36cfbaf9bc66c7c689\"},\"headline\":\"Neues vom Radsport\",\"datePublished\":\"2020-08-19T06:48:00+00:00\",\"dateModified\":\"2022-03-21T09:20:00+00:00\",\"mainEntityOfPage\":{\"@id\":\"https:\\\/\\\/www.svsuelfeld.de\\\/?p=559\"},\"wordCount\":982,\"publisher\":{\"@id\":\"https:\\\/\\\/www.svsuelfeld.de\\\/#organization\"},\"image\":{\"@id\":\"https:\\\/\\\/www.svsuelfeld.de\\\/?p=559#primaryimage\"},\"thumbnailUrl\":\"https:\\\/\\\/www.svsuelfeld.de\\\/wp-content\\\/uploads\\\/2022\\\/02\\\/radsport-titelbild.jpg\",\"articleSection\":[\"Radsport\"],\"inLanguage\":\"de\"},{\"@type\":\"WebPage\",\"@id\":\"https:\\\/\\\/www.svsuelfeld.de\\\/?p=559\",\"url\":\"https:\\\/\\\/www.svsuelfeld.de\\\/?p=559\",\"name\":\"Neues vom Radsport - SV S\u00fclfeld\",\"isPartOf\":{\"@id\":\"https:\\\/\\\/www.svsuelfeld.de\\\/#website\"},\"primaryImageOfPage\":{\"@id\":\"https:\\\/\\\/www.svsuelfeld.de\\\/?p=559#primaryimage\"},\"image\":{\"@id\":\"https:\\\/\\\/www.svsuelfeld.de\\\/?p=559#primaryimage\"},\"thumbnailUrl\":\"https:\\\/\\\/www.svsuelfeld.de\\\/wp-content\\\/uploads\\\/2022\\\/02\\\/radsport-titelbild.jpg\",\"datePublished\":\"2020-08-19T06:48:00+00:00\",\"dateModified\":\"2022-03-21T09:20:00+00:00\",\"breadcrumb\":{\"@id\":\"https:\\\/\\\/www.svsuelfeld.de\\\/?p=559#breadcrumb\"},\"inLanguage\":\"de\",\"potentialAction\":[{\"@type\":\"ReadAction\",\"target\":[\"https:\\\/\\\/www.svsuelfeld.de\\\/?p=559\"]}]},{\"@type\":\"ImageObject\",\"inLanguage\":\"de\",\"@id\":\"https:\\\/\\\/www.svsuelfeld.de\\\/?p=559#primaryimage\",\"url\":\"https:\\\/\\\/www.svsuelfeld.de\\\/wp-content\\\/uploads\\\/2022\\\/02\\\/radsport-titelbild.jpg\",\"contentUrl\":\"https:\\\/\\\/www.svsuelfeld.de\\\/wp-content\\\/uploads\\\/2022\\\/02\\\/radsport-titelbild.jpg\",\"width\":1920,\"height\":1280},{\"@type\":\"BreadcrumbList\",\"@id\":\"https:\\\/\\\/www.svsuelfeld.de\\\/?p=559#breadcrumb\",\"itemListElement\":[{\"@type\":\"ListItem\",\"position\":1,\"name\":\"Startseite\",\"item\":\"https:\\\/\\\/www.svsuelfeld.de\\\/\"},{\"@type\":\"ListItem\",\"position\":2,\"name\":\"Neues vom Radsport\"}]},{\"@type\":\"WebSite\",\"@id\":\"https:\\\/\\\/www.svsuelfeld.de\\\/#website\",\"url\":\"https:\\\/\\\/www.svsuelfeld.de\\\/\",\"name\":\"SV S\u00fclfeld\",\"description\":\"...mehr S\u00fclfeld geht nicht\",\"publisher\":{\"@id\":\"https:\\\/\\\/www.svsuelfeld.de\\\/#organization\"},\"potentialAction\":[{\"@type\":\"SearchAction\",\"target\":{\"@type\":\"EntryPoint\",\"urlTemplate\":\"https:\\\/\\\/www.svsuelfeld.de\\\/?s={search_term_string}\"},\"query-input\":{\"@type\":\"PropertyValueSpecification\",\"valueRequired\":true,\"valueName\":\"search_term_string\"}}],\"inLanguage\":\"de\"},{\"@type\":\"Organization\",\"@id\":\"https:\\\/\\\/www.svsuelfeld.de\\\/#organization\",\"name\":\"SV S\u00fclfeld\",\"url\":\"https:\\\/\\\/www.svsuelfeld.de\\\/\",\"logo\":{\"@type\":\"ImageObject\",\"inLanguage\":\"de\",\"@id\":\"https:\\\/\\\/www.svsuelfeld.de\\\/#\\\/schema\\\/logo\\\/image\\\/\",\"url\":\"https:\\\/\\\/www.svsuelfeld.de\\\/wp-content\\\/uploads\\\/2022\\\/06\\\/cropped-svs-logo.png\",\"contentUrl\":\"https:\\\/\\\/www.svsuelfeld.de\\\/wp-content\\\/uploads\\\/2022\\\/06\\\/cropped-svs-logo.png\",\"width\":210,\"height\":210,\"caption\":\"SV S\u00fclfeld\"},\"image\":{\"@id\":\"https:\\\/\\\/www.svsuelfeld.de\\\/#\\\/schema\\\/logo\\\/image\\\/\"},\"sameAs\":[\"https:\\\/\\\/de-de.facebook.com\\\/svsuelfeld\\\/\"]},{\"@type\":\"Person\",\"@id\":\"https:\\\/\\\/www.svsuelfeld.de\\\/#\\\/schema\\\/person\\\/415a1ff3ea8d7a36cfbaf9bc66c7c689\",\"name\":\"radsport\",\"image\":{\"@type\":\"ImageObject\",\"inLanguage\":\"de\",\"@id\":\"https:\\\/\\\/secure.gravatar.com\\\/avatar\\\/3eaa8b5c6f6f5e0be342b93ecba3bf6462e79862855ffc307d9fdc6b7cc73849?s=96&d=mm&r=g\",\"url\":\"https:\\\/\\\/secure.gravatar.com\\\/avatar\\\/3eaa8b5c6f6f5e0be342b93ecba3bf6462e79862855ffc307d9fdc6b7cc73849?s=96&d=mm&r=g\",\"contentUrl\":\"https:\\\/\\\/secure.gravatar.com\\\/avatar\\\/3eaa8b5c6f6f5e0be342b93ecba3bf6462e79862855ffc307d9fdc6b7cc73849?s=96&d=mm&r=g\",\"caption\":\"radsport\"},\"url\":\"https:\\\/\\\/www.svsuelfeld.de\\\/?author=11\"}]}<\/script>\n<!-- \/ Yoast SEO plugin. -->","yoast_head_json":{"title":"Neues vom Radsport - SV S\u00fclfeld","robots":{"index":"index","follow":"follow","max-snippet":"max-snippet:-1","max-image-preview":"max-image-preview:large","max-video-preview":"max-video-preview:-1"},"canonical":"https:\/\/www.svsuelfeld.de\/?p=559","og_locale":"de_DE","og_type":"article","og_title":"Neues vom Radsport - SV S\u00fclfeld","og_description":"Na das war ja mal ein interessantes Jahr! Radsportlich irgendwie ganz anders und doch irgendwie gewohnt. Oder etwa nicht? Schauen wir mal genauer drauf, was wir im SVS so alles getrieben haben. Es begann wie immer mit einer ambitionierten, anspruchsvollen (f\u00fcr einige v\u00f6llig \u00fcberzogenen?) Saisonplanung. Angefangen mit unserer eigenen RTF, der S\u00fclfelder Fr\u00fchlingsfrische Ende M\u00e4rz. [&hellip;]","og_url":"https:\/\/www.svsuelfeld.de\/?p=559","og_site_name":"SV S\u00fclfeld","article_publisher":"https:\/\/de-de.facebook.com\/svsuelfeld\/","article_published_time":"2020-08-19T06:48:00+00:00","article_modified_time":"2022-03-21T09:20:00+00:00","og_image":[{"width":1920,"height":1280,"url":"https:\/\/www.svsuelfeld.de\/wp-content\/uploads\/2022\/02\/radsport-titelbild.jpg","type":"image\/jpeg"}],"author":"radsport","twitter_card":"summary_large_image","twitter_misc":{"Verfasst von":"radsport","Gesch\u00e4tzte Lesezeit":"5\u00a0Minuten"},"schema":{"@context":"https:\/\/schema.org","@graph":[{"@type":"Article","@id":"https:\/\/www.svsuelfeld.de\/?p=559#article","isPartOf":{"@id":"https:\/\/www.svsuelfeld.de\/?p=559"},"author":{"name":"radsport","@id":"https:\/\/www.svsuelfeld.de\/#\/schema\/person\/415a1ff3ea8d7a36cfbaf9bc66c7c689"},"headline":"Neues vom Radsport","datePublished":"2020-08-19T06:48:00+00:00","dateModified":"2022-03-21T09:20:00+00:00","mainEntityOfPage":{"@id":"https:\/\/www.svsuelfeld.de\/?p=559"},"wordCount":982,"publisher":{"@id":"https:\/\/www.svsuelfeld.de\/#organization"},"image":{"@id":"https:\/\/www.svsuelfeld.de\/?p=559#primaryimage"},"thumbnailUrl":"https:\/\/www.svsuelfeld.de\/wp-content\/uploads\/2022\/02\/radsport-titelbild.jpg","articleSection":["Radsport"],"inLanguage":"de"},{"@type":"WebPage","@id":"https:\/\/www.svsuelfeld.de\/?p=559","url":"https:\/\/www.svsuelfeld.de\/?p=559","name":"Neues vom Radsport - SV S\u00fclfeld","isPartOf":{"@id":"https:\/\/www.svsuelfeld.de\/#website"},"primaryImageOfPage":{"@id":"https:\/\/www.svsuelfeld.de\/?p=559#primaryimage"},"image":{"@id":"https:\/\/www.svsuelfeld.de\/?p=559#primaryimage"},"thumbnailUrl":"https:\/\/www.svsuelfeld.de\/wp-content\/uploads\/2022\/02\/radsport-titelbild.jpg","datePublished":"2020-08-19T06:48:00+00:00","dateModified":"2022-03-21T09:20:00+00:00","breadcrumb":{"@id":"https:\/\/www.svsuelfeld.de\/?p=559#breadcrumb"},"inLanguage":"de","potentialAction":[{"@type":"ReadAction","target":["https:\/\/www.svsuelfeld.de\/?p=559"]}]},{"@type":"ImageObject","inLanguage":"de","@id":"https:\/\/www.svsuelfeld.de\/?p=559#primaryimage","url":"https:\/\/www.svsuelfeld.de\/wp-content\/uploads\/2022\/02\/radsport-titelbild.jpg","contentUrl":"https:\/\/www.svsuelfeld.de\/wp-content\/uploads\/2022\/02\/radsport-titelbild.jpg","width":1920,"height":1280},{"@type":"BreadcrumbList","@id":"https:\/\/www.svsuelfeld.de\/?p=559#breadcrumb","itemListElement":[{"@type":"ListItem","position":1,"name":"Startseite","item":"https:\/\/www.svsuelfeld.de\/"},{"@type":"ListItem","position":2,"name":"Neues vom Radsport"}]},{"@type":"WebSite","@id":"https:\/\/www.svsuelfeld.de\/#website","url":"https:\/\/www.svsuelfeld.de\/","name":"SV S\u00fclfeld","description":"...mehr S\u00fclfeld geht nicht","publisher":{"@id":"https:\/\/www.svsuelfeld.de\/#organization"},"potentialAction":[{"@type":"SearchAction","target":{"@type":"EntryPoint","urlTemplate":"https:\/\/www.svsuelfeld.de\/?s={search_term_string}"},"query-input":{"@type":"PropertyValueSpecification","valueRequired":true,"valueName":"search_term_string"}}],"inLanguage":"de"},{"@type":"Organization","@id":"https:\/\/www.svsuelfeld.de\/#organization","name":"SV S\u00fclfeld","url":"https:\/\/www.svsuelfeld.de\/","logo":{"@type":"ImageObject","inLanguage":"de","@id":"https:\/\/www.svsuelfeld.de\/#\/schema\/logo\/image\/","url":"https:\/\/www.svsuelfeld.de\/wp-content\/uploads\/2022\/06\/cropped-svs-logo.png","contentUrl":"https:\/\/www.svsuelfeld.de\/wp-content\/uploads\/2022\/06\/cropped-svs-logo.png","width":210,"height":210,"caption":"SV S\u00fclfeld"},"image":{"@id":"https:\/\/www.svsuelfeld.de\/#\/schema\/logo\/image\/"},"sameAs":["https:\/\/de-de.facebook.com\/svsuelfeld\/"]},{"@type":"Person","@id":"https:\/\/www.svsuelfeld.de\/#\/schema\/person\/415a1ff3ea8d7a36cfbaf9bc66c7c689","name":"radsport","image":{"@type":"ImageObject","inLanguage":"de","@id":"https:\/\/secure.gravatar.com\/avatar\/3eaa8b5c6f6f5e0be342b93ecba3bf6462e79862855ffc307d9fdc6b7cc73849?s=96&d=mm&r=g","url":"https:\/\/secure.gravatar.com\/avatar\/3eaa8b5c6f6f5e0be342b93ecba3bf6462e79862855ffc307d9fdc6b7cc73849?s=96&d=mm&r=g","contentUrl":"https:\/\/secure.gravatar.com\/avatar\/3eaa8b5c6f6f5e0be342b93ecba3bf6462e79862855ffc307d9fdc6b7cc73849?s=96&d=mm&r=g","caption":"radsport"},"url":"https:\/\/www.svsuelfeld.de\/?author=11"}]}},"publishpress_future_action":{"enabled":false,"date":"2026-05-06 13:15:58","action":"change-status","newStatus":"draft","terms":[],"taxonomy":"category","extraData":[]},"publishpress_future_workflow_manual_trigger":{"enabledWorkflows":[]},"_links":{"self":[{"href":"https:\/\/www.svsuelfeld.de\/index.php?rest_route=\/wp\/v2\/posts\/559","targetHints":{"allow":["GET"]}}],"collection":[{"href":"https:\/\/www.svsuelfeld.de\/index.php?rest_route=\/wp\/v2\/posts"}],"about":[{"href":"https:\/\/www.svsuelfeld.de\/index.php?rest_route=\/wp\/v2\/types\/post"}],"author":[{"embeddable":true,"href":"https:\/\/www.svsuelfeld.de\/index.php?rest_route=\/wp\/v2\/users\/11"}],"replies":[{"embeddable":true,"href":"https:\/\/www.svsuelfeld.de\/index.php?rest_route=%2Fwp%2Fv2%2Fcomments&post=559"}],"version-history":[{"count":1,"href":"https:\/\/www.svsuelfeld.de\/index.php?rest_route=\/wp\/v2\/posts\/559\/revisions"}],"predecessor-version":[{"id":560,"href":"https:\/\/www.svsuelfeld.de\/index.php?rest_route=\/wp\/v2\/posts\/559\/revisions\/560"}],"wp:featuredmedia":[{"embeddable":true,"href":"https:\/\/www.svsuelfeld.de\/index.php?rest_route=\/wp\/v2\/media\/73"}],"wp:attachment":[{"href":"https:\/\/www.svsuelfeld.de\/index.php?rest_route=%2Fwp%2Fv2%2Fmedia&parent=559"}],"wp:term":[{"taxonomy":"category","embeddable":true,"href":"https:\/\/www.svsuelfeld.de\/index.php?rest_route=%2Fwp%2Fv2%2Fcategories&post=559"},{"taxonomy":"post_tag","embeddable":true,"href":"https:\/\/www.svsuelfeld.de\/index.php?rest_route=%2Fwp%2Fv2%2Ftags&post=559"}],"curies":[{"name":"wp","href":"https:\/\/api.w.org\/{rel}","templated":true}]}}