{"id":561,"date":"2021-03-02T08:49:00","date_gmt":"2021-03-02T07:49:00","guid":{"rendered":"https:\/\/www.svsuelfeld.de\/?p=561"},"modified":"2022-03-21T10:20:00","modified_gmt":"2022-03-21T09:20:00","slug":"spartenbericht-radsport-2021","status":"publish","type":"post","link":"https:\/\/www.svsuelfeld.de\/?p=561","title":{"rendered":"Spartenbericht Radsport 2021"},"content":{"rendered":"\n<h2 class=\"wp-block-heading\"><strong>Radsport von Jens Fricke (Spartenleiter) und Wolfgang Kielmann<\/strong><\/h2>\n\n\n\n<p class=\"wp-block-paragraph\">Na das war ja mal ein interessantes Jahr 2020!<\/p>\n\n\n\n<p class=\"wp-block-paragraph\">Radsportlich irgendwie ganz anders und doch irgendwie gewohnt. Oder etwa nicht? Schauen wir mal genauer drauf, was wir im SVS so alles getrieben haben.<\/p>\n\n\n\n<p class=\"wp-block-paragraph\">Es begann mit der Saisonplanung: mit unserer eigenen RTF, der S\u00fclfelder Fr\u00fchlingsfrische Ende M\u00e4rz. Danach wollten einige zu einem Trainingslager nach Teneriffa starten, andere wollten ihre Form in der Holsteinischen Schweiz bei der Rennradwoche L\u00fcbecker Bucht verbessern, um Ende Mai die Mecklenburger Seenrunde zu \u00fcberleben. Wir wollten ein Trainings-Wochenende im Harz verbringen (wer ist eigentlich auf diese ganzen h\u00fcgeligen Ideen gekommen, wo doch schon der Klingberg ein kaum zu \u00fcberwindendes Hindernis darstellt???), 2-3 wollten die gro\u00dfe Weserrunde fahren und als gemeinsames Highlight wollten wir die Cyclassics als geschlossenes Team rocken.<\/p>\n\n\n\n<p class=\"wp-block-paragraph\">Mit MTB und Crosser ging es durch Wald und Matsch auf Wegen. Einige zog es doch lieber auf die Stra\u00dfe, um sich Zehen und Finger abzufrieren. Andere blieben bei ihrem gewohnten Rezept, der intensiven Regeneration.<\/p>\n\n\n\n<p class=\"wp-block-paragraph\">Anfang M\u00e4rz erhielten schlechtes Wetter und der innere Schweinehund einen m\u00e4chtigen Verb\u00fcndeten, Covid-19. Veranstaltungen wurden abgesagt, Events verschoben und erste Kontaktbeschr\u00e4nkungen erlassen. Damit war dann auch das Thema <strong>S\u00fclfelder Fr\u00fchlingsfrische dahin<\/strong>. Ebenso wie alle anderen RTFn in der Umgebung.&nbsp;<\/p>\n\n\n\n<p class=\"wp-block-paragraph\">Wenigstens spielte das Wetter jetzt mit. Wenn Lockdown, freie Arbeitszeiteinteilung durch Homeoffice, kein Homeschooling und milde Temperaturen zusammentreffen, kann das f\u00fcr Radsportler geradezu paradiesisch werden. Ok, die Kontaktbegrenzungen auf max. 2 Personen standen Gruppenerlebnissen eher im Weg.<\/p>\n\n\n\n<p class=\"wp-block-paragraph\">Ergebnis dieser euphorischen Erlebnisse waren epische Langstrecken-Fahrten mit dem Renner u.a. nach Gl\u00fcckstadt und zum Selenter See, Gravel-Touren z.B. entlang des Elbe-L\u00fcbeck-Kanals und am Ende eine grandiose Grundlagenausdauer.<\/p>\n\n\n\n<p class=\"wp-block-paragraph\">Nach 4 Monaten wurden mit den ersten Lockerungen wieder weitere sportliche Kontakte m\u00f6glich und das Vereinstraining begann. Leider passierte hier aber auch das Lowlight der Saison. Bei hochsommerlichen Temperaturen und hochmotivierter Fahrt erwischte es eine Fahrerin, die in den Stra\u00dfengraben st\u00fcrzte und sich \u00fcbel verletzte. Nach dem f\u00e4lligen Krankenhausaufenthalt mit folgender Rekonvaleszenz, zum Gl\u00fcck ohne bleibende Sch\u00e4den.<\/p>\n\n\n\n<p class=\"wp-block-paragraph\">Aufgrund der nahezu kompletten Absage von RTFn und Events blieb nichts anderes \u00fcbrig, als sich eigene H\u00f6hepunkte zu kreieren. So wurde aus einer bekloppten Idee 3er Langstrecken-Fahrer pl\u00f6tzlich ein Event f\u00fcrs ganze Team. S\u00fclfeld \u2013 Kappeln \u2013 S\u00fclfeld oder besser: 300 km am St\u00fcck.<\/p>\n\n\n\n<p class=\"wp-block-paragraph\">F\u00fcr die eine oder den anderen bedeutete das einen neuen pers\u00f6nlichen Streckenrekord, f\u00fcr andere inzwischen eine fast schon gewohnte Distanz. Die Strecke war perfekt geplant, die Landschaft \u2013 besonders an der Schlei entlang \u2013 einfach traumhaft. Aufgrund der etwas zu ausgiebig genossenen Pausen wurden die letzten Kilometer noch zu einer Fahrt durch die Dunkelheit. Aber alle waren heil und gl\u00fccklich wieder im Ziel.&nbsp;<\/p>\n\n\n\n<p class=\"wp-block-paragraph\">Kaum 3 Wochen sp\u00e4ter kam der n\u00e4chste Brocken. Und zwar im wahrsten Sinne des Wortes. Das Trainingswochenende im Harz stand an. Knapp die H\u00e4lfte des Teams machte sich auf den Weg nach Braunlage. Lockeres Einfahren am Freitag, der Brocken am Sonnabend und bisschen Ausrollen am Sonntag sollte es sein.&nbsp;<\/p>\n\n\n\n<p class=\"wp-block-paragraph\">Leider zeigte sich das Wetter nicht dem Anlass angemessen, so dass es nicht nur k\u00f6rperlich herausfordernd wurde. Besonders der Sonnabend sollte mit fast 2.000 H\u00f6henmetern und 120 Kilometern extrem fordernd werden.&nbsp;<\/p>\n\n\n\n<p class=\"wp-block-paragraph\">Der Sommer trudelte mit ein paar gemeinsamen Fahrten in eher \u00fcberschaubarer Gruppenst\u00e4rke aus und ging in Gravel- und Cross-Touren \u00fcber. Es folgte die 2te Welle der Pandemie mit den schon bekannten Beschr\u00e4nkungen. Und ganz neuen Erlebnissen. Mannschaftssitzung per Video-Schalte. Die Beschaffung neuer Team-Arbeitskleidung musste aber leider aufs n\u00e4chste Jahr verschoben werden. So sehr wir uns auch bem\u00fcht haben, die Anprobe von Hosen und Trikots geht einfach nicht virtuell.<\/p>\n\n\n\n<p class=\"wp-block-paragraph\">Zum Jahresende zeigen sich dann schnell wieder die individuellen Trainingsvorlieben vom Jahresanfang. Ob Festive500, Cross, Zwift oder Regeneration. Manches \u00e4ndert sich eben nie.<\/p>\n\n\n\n<p class=\"wp-block-paragraph\">Fazit: Radsportlich eigentlich gar nicht so schlecht dieses 2020. Und wenn man von den Absagen der RTFn und Events und den Kontakteinschr\u00e4nkungen der Gruppengr\u00f6\u00dfe absieht, gab es ja auch kaum Beeintr\u00e4chtigungen.<\/p>\n\n\n\n<p class=\"wp-block-paragraph\">Also 2021 kann kommen, die Saisonplanung steht schon mal!<\/p>\n\n\n\n<p class=\"wp-block-paragraph\"><strong>Termine 2021:<\/strong><\/p>\n\n\n\n<ul class=\"wp-block-list\"><li>12.06.2021 Teilnahme an der Ringk\u00f6bing Fjord Runde ca. 100km<\/li><li>13.06.2021 Teilnahme am Giro Stormarn<\/li><li>07.2021 &nbsp; &nbsp; &nbsp; Verteilung der neuen Trikottage<\/li><li>22.08.2021 Teilnahme an den Cyclassics in Hamburg; mindst. 10 Teilnehmer von uns<\/li><\/ul>\n\n\n\n<p class=\"wp-block-paragraph\">&nbsp;\u00fcber 100km<\/p>\n\n\n\n<ul class=\"wp-block-list\"><li>gemeinsames Wochenende mit mindst. 3 Touren<\/li><\/ul>\n\n\n\n<p class=\"wp-block-paragraph\">Aktuell sind wir 18 engagierte Radler (M\u00e4nner und Frauen) im Alter zwischen 20 und &gt; 60 Jahren.<\/p>\n\n\n\n<p class=\"wp-block-paragraph\"><strong>Trainingszeit:<\/strong> Donnerstag 18.30 Uhr Treffpunkt vor der Raiba in S\u00fclfeld&nbsp; &nbsp; &nbsp; &nbsp; &nbsp; &nbsp; &nbsp; &nbsp; &nbsp; &nbsp; &nbsp; &nbsp; &nbsp; &nbsp; &nbsp; &nbsp; &nbsp; &nbsp; &nbsp; &nbsp; &nbsp; &nbsp; &nbsp; &nbsp; &nbsp; &nbsp; &nbsp; &nbsp; &nbsp; &nbsp; &nbsp; &nbsp; &nbsp; &nbsp; &nbsp; &nbsp; &nbsp; &nbsp; &nbsp; &nbsp; &nbsp; &nbsp; &nbsp; &nbsp; &nbsp; &nbsp; &nbsp; &nbsp; &nbsp; &nbsp; &nbsp; &nbsp; &nbsp; &nbsp;<\/p>\n\n\n\n<p class=\"wp-block-paragraph\">&nbsp; &nbsp; &nbsp; &nbsp; &nbsp; &nbsp; &nbsp; &nbsp; &nbsp; &nbsp; &nbsp; &nbsp; &nbsp; Sonntags 10.00 Uhr dto. und \/ oder Teilnahme an Radtourenfahrten<\/p>\n\n\n\n<p class=\"wp-block-paragraph\">&nbsp;&nbsp; &nbsp; &nbsp; &nbsp; &nbsp; &nbsp; &nbsp; &nbsp; &nbsp; &nbsp; &nbsp; &nbsp; &nbsp; bzw. im Winterhalbjahr mit Trecking- Mountain-Gravelr\u00e4der&nbsp;<\/p>\n\n\n\n<p class=\"wp-block-paragraph\"><strong>Dank an unsere Sponsoren:<\/strong><\/p>\n\n\n\n<p class=\"wp-block-paragraph\">J\u00f6rg Bublitz , Physiofit G\u00fcnter Daniel<\/p>\n\n\n\n<p class=\"wp-block-paragraph\">Wir freuen uns auf viele weitere neue Radsportbegeisterte, die sich evtl. auf die Cyclassics in Hamburg vorbereiten m\u00f6chten.<\/p>\n\n\n\n<p class=\"wp-block-paragraph\">Kontakt: Jens Fricke 04537-7182 oder per email <a href=\"mailto:jm.fricke@suelfeld.de\">jm.fricke@suelfeld.de<\/a><\/p>\n","protected":false},"excerpt":{"rendered":"<p>Radsport von Jens Fricke (Spartenleiter) und Wolfgang Kielmann Na das war ja mal ein interessantes Jahr 2020! Radsportlich irgendwie ganz anders und doch irgendwie gewohnt. Oder etwa nicht? Schauen wir mal genauer drauf, was wir im SVS so alles getrieben haben. Es begann mit der Saisonplanung: mit unserer eigenen RTF, der S\u00fclfelder Fr\u00fchlingsfrische Ende M\u00e4rz. [&hellip;]<\/p>\n","protected":false},"author":11,"featured_media":73,"comment_status":"closed","ping_status":"closed","sticky":false,"template":"","format":"standard","meta":{"_crdt_document":"","pgc_sgb_lightbox_settings":"","footnotes":""},"categories":[17],"tags":[],"class_list":["post-561","post","type-post","status-publish","format-standard","has-post-thumbnail","hentry","category-radsport"],"yoast_head":"<!-- This site is optimized with the Yoast SEO plugin v27.5 - https:\/\/yoast.com\/product\/yoast-seo-wordpress\/ -->\n<title>Spartenbericht Radsport 2021 - SV S\u00fclfeld<\/title>\n<meta name=\"robots\" content=\"index, follow, max-snippet:-1, max-image-preview:large, max-video-preview:-1\" \/>\n<link rel=\"canonical\" href=\"https:\/\/www.svsuelfeld.de\/?p=561\" \/>\n<meta property=\"og:locale\" content=\"de_DE\" \/>\n<meta property=\"og:type\" content=\"article\" \/>\n<meta property=\"og:title\" content=\"Spartenbericht Radsport 2021 - SV S\u00fclfeld\" \/>\n<meta property=\"og:description\" content=\"Radsport von Jens Fricke (Spartenleiter) und Wolfgang Kielmann Na das war ja mal ein interessantes Jahr 2020! Radsportlich irgendwie ganz anders und doch irgendwie gewohnt. Oder etwa nicht? Schauen wir mal genauer drauf, was wir im SVS so alles getrieben haben. Es begann mit der Saisonplanung: mit unserer eigenen RTF, der S\u00fclfelder Fr\u00fchlingsfrische Ende M\u00e4rz. [&hellip;]\" \/>\n<meta property=\"og:url\" content=\"https:\/\/www.svsuelfeld.de\/?p=561\" \/>\n<meta property=\"og:site_name\" content=\"SV S\u00fclfeld\" \/>\n<meta property=\"article:publisher\" content=\"https:\/\/de-de.facebook.com\/svsuelfeld\/\" \/>\n<meta property=\"article:published_time\" content=\"2021-03-02T07:49:00+00:00\" \/>\n<meta property=\"article:modified_time\" content=\"2022-03-21T09:20:00+00:00\" \/>\n<meta property=\"og:image\" content=\"https:\/\/www.svsuelfeld.de\/wp-content\/uploads\/2022\/02\/radsport-titelbild.jpg\" \/>\n\t<meta property=\"og:image:width\" content=\"1920\" \/>\n\t<meta property=\"og:image:height\" content=\"1280\" \/>\n\t<meta property=\"og:image:type\" content=\"image\/jpeg\" \/>\n<meta name=\"author\" content=\"radsport\" \/>\n<meta name=\"twitter:card\" content=\"summary_large_image\" \/>\n<meta name=\"twitter:label1\" content=\"Verfasst von\" \/>\n\t<meta name=\"twitter:data1\" content=\"radsport\" \/>\n\t<meta name=\"twitter:label2\" content=\"Gesch\u00e4tzte Lesezeit\" \/>\n\t<meta name=\"twitter:data2\" content=\"4\u00a0Minuten\" \/>\n<script type=\"application\/ld+json\" class=\"yoast-schema-graph\">{\"@context\":\"https:\\\/\\\/schema.org\",\"@graph\":[{\"@type\":\"Article\",\"@id\":\"https:\\\/\\\/www.svsuelfeld.de\\\/?p=561#article\",\"isPartOf\":{\"@id\":\"https:\\\/\\\/www.svsuelfeld.de\\\/?p=561\"},\"author\":{\"name\":\"radsport\",\"@id\":\"https:\\\/\\\/www.svsuelfeld.de\\\/#\\\/schema\\\/person\\\/415a1ff3ea8d7a36cfbaf9bc66c7c689\"},\"headline\":\"Spartenbericht Radsport 2021\",\"datePublished\":\"2021-03-02T07:49:00+00:00\",\"dateModified\":\"2022-03-21T09:20:00+00:00\",\"mainEntityOfPage\":{\"@id\":\"https:\\\/\\\/www.svsuelfeld.de\\\/?p=561\"},\"wordCount\":886,\"publisher\":{\"@id\":\"https:\\\/\\\/www.svsuelfeld.de\\\/#organization\"},\"image\":{\"@id\":\"https:\\\/\\\/www.svsuelfeld.de\\\/?p=561#primaryimage\"},\"thumbnailUrl\":\"https:\\\/\\\/www.svsuelfeld.de\\\/wp-content\\\/uploads\\\/2022\\\/02\\\/radsport-titelbild.jpg\",\"articleSection\":[\"Radsport\"],\"inLanguage\":\"de\"},{\"@type\":\"WebPage\",\"@id\":\"https:\\\/\\\/www.svsuelfeld.de\\\/?p=561\",\"url\":\"https:\\\/\\\/www.svsuelfeld.de\\\/?p=561\",\"name\":\"Spartenbericht Radsport 2021 - SV S\u00fclfeld\",\"isPartOf\":{\"@id\":\"https:\\\/\\\/www.svsuelfeld.de\\\/#website\"},\"primaryImageOfPage\":{\"@id\":\"https:\\\/\\\/www.svsuelfeld.de\\\/?p=561#primaryimage\"},\"image\":{\"@id\":\"https:\\\/\\\/www.svsuelfeld.de\\\/?p=561#primaryimage\"},\"thumbnailUrl\":\"https:\\\/\\\/www.svsuelfeld.de\\\/wp-content\\\/uploads\\\/2022\\\/02\\\/radsport-titelbild.jpg\",\"datePublished\":\"2021-03-02T07:49:00+00:00\",\"dateModified\":\"2022-03-21T09:20:00+00:00\",\"breadcrumb\":{\"@id\":\"https:\\\/\\\/www.svsuelfeld.de\\\/?p=561#breadcrumb\"},\"inLanguage\":\"de\",\"potentialAction\":[{\"@type\":\"ReadAction\",\"target\":[\"https:\\\/\\\/www.svsuelfeld.de\\\/?p=561\"]}]},{\"@type\":\"ImageObject\",\"inLanguage\":\"de\",\"@id\":\"https:\\\/\\\/www.svsuelfeld.de\\\/?p=561#primaryimage\",\"url\":\"https:\\\/\\\/www.svsuelfeld.de\\\/wp-content\\\/uploads\\\/2022\\\/02\\\/radsport-titelbild.jpg\",\"contentUrl\":\"https:\\\/\\\/www.svsuelfeld.de\\\/wp-content\\\/uploads\\\/2022\\\/02\\\/radsport-titelbild.jpg\",\"width\":1920,\"height\":1280},{\"@type\":\"BreadcrumbList\",\"@id\":\"https:\\\/\\\/www.svsuelfeld.de\\\/?p=561#breadcrumb\",\"itemListElement\":[{\"@type\":\"ListItem\",\"position\":1,\"name\":\"Startseite\",\"item\":\"https:\\\/\\\/www.svsuelfeld.de\\\/\"},{\"@type\":\"ListItem\",\"position\":2,\"name\":\"Spartenbericht Radsport 2021\"}]},{\"@type\":\"WebSite\",\"@id\":\"https:\\\/\\\/www.svsuelfeld.de\\\/#website\",\"url\":\"https:\\\/\\\/www.svsuelfeld.de\\\/\",\"name\":\"SV S\u00fclfeld\",\"description\":\"...mehr S\u00fclfeld geht nicht\",\"publisher\":{\"@id\":\"https:\\\/\\\/www.svsuelfeld.de\\\/#organization\"},\"potentialAction\":[{\"@type\":\"SearchAction\",\"target\":{\"@type\":\"EntryPoint\",\"urlTemplate\":\"https:\\\/\\\/www.svsuelfeld.de\\\/?s={search_term_string}\"},\"query-input\":{\"@type\":\"PropertyValueSpecification\",\"valueRequired\":true,\"valueName\":\"search_term_string\"}}],\"inLanguage\":\"de\"},{\"@type\":\"Organization\",\"@id\":\"https:\\\/\\\/www.svsuelfeld.de\\\/#organization\",\"name\":\"SV S\u00fclfeld\",\"url\":\"https:\\\/\\\/www.svsuelfeld.de\\\/\",\"logo\":{\"@type\":\"ImageObject\",\"inLanguage\":\"de\",\"@id\":\"https:\\\/\\\/www.svsuelfeld.de\\\/#\\\/schema\\\/logo\\\/image\\\/\",\"url\":\"https:\\\/\\\/www.svsuelfeld.de\\\/wp-content\\\/uploads\\\/2022\\\/06\\\/cropped-svs-logo.png\",\"contentUrl\":\"https:\\\/\\\/www.svsuelfeld.de\\\/wp-content\\\/uploads\\\/2022\\\/06\\\/cropped-svs-logo.png\",\"width\":210,\"height\":210,\"caption\":\"SV S\u00fclfeld\"},\"image\":{\"@id\":\"https:\\\/\\\/www.svsuelfeld.de\\\/#\\\/schema\\\/logo\\\/image\\\/\"},\"sameAs\":[\"https:\\\/\\\/de-de.facebook.com\\\/svsuelfeld\\\/\"]},{\"@type\":\"Person\",\"@id\":\"https:\\\/\\\/www.svsuelfeld.de\\\/#\\\/schema\\\/person\\\/415a1ff3ea8d7a36cfbaf9bc66c7c689\",\"name\":\"radsport\",\"image\":{\"@type\":\"ImageObject\",\"inLanguage\":\"de\",\"@id\":\"https:\\\/\\\/secure.gravatar.com\\\/avatar\\\/3eaa8b5c6f6f5e0be342b93ecba3bf6462e79862855ffc307d9fdc6b7cc73849?s=96&d=mm&r=g\",\"url\":\"https:\\\/\\\/secure.gravatar.com\\\/avatar\\\/3eaa8b5c6f6f5e0be342b93ecba3bf6462e79862855ffc307d9fdc6b7cc73849?s=96&d=mm&r=g\",\"contentUrl\":\"https:\\\/\\\/secure.gravatar.com\\\/avatar\\\/3eaa8b5c6f6f5e0be342b93ecba3bf6462e79862855ffc307d9fdc6b7cc73849?s=96&d=mm&r=g\",\"caption\":\"radsport\"},\"url\":\"https:\\\/\\\/www.svsuelfeld.de\\\/?author=11\"}]}<\/script>\n<!-- \/ Yoast SEO plugin. -->","yoast_head_json":{"title":"Spartenbericht Radsport 2021 - SV S\u00fclfeld","robots":{"index":"index","follow":"follow","max-snippet":"max-snippet:-1","max-image-preview":"max-image-preview:large","max-video-preview":"max-video-preview:-1"},"canonical":"https:\/\/www.svsuelfeld.de\/?p=561","og_locale":"de_DE","og_type":"article","og_title":"Spartenbericht Radsport 2021 - SV S\u00fclfeld","og_description":"Radsport von Jens Fricke (Spartenleiter) und Wolfgang Kielmann Na das war ja mal ein interessantes Jahr 2020! Radsportlich irgendwie ganz anders und doch irgendwie gewohnt. Oder etwa nicht? Schauen wir mal genauer drauf, was wir im SVS so alles getrieben haben. Es begann mit der Saisonplanung: mit unserer eigenen RTF, der S\u00fclfelder Fr\u00fchlingsfrische Ende M\u00e4rz. [&hellip;]","og_url":"https:\/\/www.svsuelfeld.de\/?p=561","og_site_name":"SV S\u00fclfeld","article_publisher":"https:\/\/de-de.facebook.com\/svsuelfeld\/","article_published_time":"2021-03-02T07:49:00+00:00","article_modified_time":"2022-03-21T09:20:00+00:00","og_image":[{"width":1920,"height":1280,"url":"https:\/\/www.svsuelfeld.de\/wp-content\/uploads\/2022\/02\/radsport-titelbild.jpg","type":"image\/jpeg"}],"author":"radsport","twitter_card":"summary_large_image","twitter_misc":{"Verfasst von":"radsport","Gesch\u00e4tzte Lesezeit":"4\u00a0Minuten"},"schema":{"@context":"https:\/\/schema.org","@graph":[{"@type":"Article","@id":"https:\/\/www.svsuelfeld.de\/?p=561#article","isPartOf":{"@id":"https:\/\/www.svsuelfeld.de\/?p=561"},"author":{"name":"radsport","@id":"https:\/\/www.svsuelfeld.de\/#\/schema\/person\/415a1ff3ea8d7a36cfbaf9bc66c7c689"},"headline":"Spartenbericht Radsport 2021","datePublished":"2021-03-02T07:49:00+00:00","dateModified":"2022-03-21T09:20:00+00:00","mainEntityOfPage":{"@id":"https:\/\/www.svsuelfeld.de\/?p=561"},"wordCount":886,"publisher":{"@id":"https:\/\/www.svsuelfeld.de\/#organization"},"image":{"@id":"https:\/\/www.svsuelfeld.de\/?p=561#primaryimage"},"thumbnailUrl":"https:\/\/www.svsuelfeld.de\/wp-content\/uploads\/2022\/02\/radsport-titelbild.jpg","articleSection":["Radsport"],"inLanguage":"de"},{"@type":"WebPage","@id":"https:\/\/www.svsuelfeld.de\/?p=561","url":"https:\/\/www.svsuelfeld.de\/?p=561","name":"Spartenbericht Radsport 2021 - SV S\u00fclfeld","isPartOf":{"@id":"https:\/\/www.svsuelfeld.de\/#website"},"primaryImageOfPage":{"@id":"https:\/\/www.svsuelfeld.de\/?p=561#primaryimage"},"image":{"@id":"https:\/\/www.svsuelfeld.de\/?p=561#primaryimage"},"thumbnailUrl":"https:\/\/www.svsuelfeld.de\/wp-content\/uploads\/2022\/02\/radsport-titelbild.jpg","datePublished":"2021-03-02T07:49:00+00:00","dateModified":"2022-03-21T09:20:00+00:00","breadcrumb":{"@id":"https:\/\/www.svsuelfeld.de\/?p=561#breadcrumb"},"inLanguage":"de","potentialAction":[{"@type":"ReadAction","target":["https:\/\/www.svsuelfeld.de\/?p=561"]}]},{"@type":"ImageObject","inLanguage":"de","@id":"https:\/\/www.svsuelfeld.de\/?p=561#primaryimage","url":"https:\/\/www.svsuelfeld.de\/wp-content\/uploads\/2022\/02\/radsport-titelbild.jpg","contentUrl":"https:\/\/www.svsuelfeld.de\/wp-content\/uploads\/2022\/02\/radsport-titelbild.jpg","width":1920,"height":1280},{"@type":"BreadcrumbList","@id":"https:\/\/www.svsuelfeld.de\/?p=561#breadcrumb","itemListElement":[{"@type":"ListItem","position":1,"name":"Startseite","item":"https:\/\/www.svsuelfeld.de\/"},{"@type":"ListItem","position":2,"name":"Spartenbericht Radsport 2021"}]},{"@type":"WebSite","@id":"https:\/\/www.svsuelfeld.de\/#website","url":"https:\/\/www.svsuelfeld.de\/","name":"SV S\u00fclfeld","description":"...mehr S\u00fclfeld geht nicht","publisher":{"@id":"https:\/\/www.svsuelfeld.de\/#organization"},"potentialAction":[{"@type":"SearchAction","target":{"@type":"EntryPoint","urlTemplate":"https:\/\/www.svsuelfeld.de\/?s={search_term_string}"},"query-input":{"@type":"PropertyValueSpecification","valueRequired":true,"valueName":"search_term_string"}}],"inLanguage":"de"},{"@type":"Organization","@id":"https:\/\/www.svsuelfeld.de\/#organization","name":"SV S\u00fclfeld","url":"https:\/\/www.svsuelfeld.de\/","logo":{"@type":"ImageObject","inLanguage":"de","@id":"https:\/\/www.svsuelfeld.de\/#\/schema\/logo\/image\/","url":"https:\/\/www.svsuelfeld.de\/wp-content\/uploads\/2022\/06\/cropped-svs-logo.png","contentUrl":"https:\/\/www.svsuelfeld.de\/wp-content\/uploads\/2022\/06\/cropped-svs-logo.png","width":210,"height":210,"caption":"SV S\u00fclfeld"},"image":{"@id":"https:\/\/www.svsuelfeld.de\/#\/schema\/logo\/image\/"},"sameAs":["https:\/\/de-de.facebook.com\/svsuelfeld\/"]},{"@type":"Person","@id":"https:\/\/www.svsuelfeld.de\/#\/schema\/person\/415a1ff3ea8d7a36cfbaf9bc66c7c689","name":"radsport","image":{"@type":"ImageObject","inLanguage":"de","@id":"https:\/\/secure.gravatar.com\/avatar\/3eaa8b5c6f6f5e0be342b93ecba3bf6462e79862855ffc307d9fdc6b7cc73849?s=96&d=mm&r=g","url":"https:\/\/secure.gravatar.com\/avatar\/3eaa8b5c6f6f5e0be342b93ecba3bf6462e79862855ffc307d9fdc6b7cc73849?s=96&d=mm&r=g","contentUrl":"https:\/\/secure.gravatar.com\/avatar\/3eaa8b5c6f6f5e0be342b93ecba3bf6462e79862855ffc307d9fdc6b7cc73849?s=96&d=mm&r=g","caption":"radsport"},"url":"https:\/\/www.svsuelfeld.de\/?author=11"}]}},"publishpress_future_action":{"enabled":false,"date":"2026-05-06 15:38:27","action":"change-status","newStatus":"draft","terms":[],"taxonomy":"category","extraData":[]},"publishpress_future_workflow_manual_trigger":{"enabledWorkflows":[]},"_links":{"self":[{"href":"https:\/\/www.svsuelfeld.de\/index.php?rest_route=\/wp\/v2\/posts\/561","targetHints":{"allow":["GET"]}}],"collection":[{"href":"https:\/\/www.svsuelfeld.de\/index.php?rest_route=\/wp\/v2\/posts"}],"about":[{"href":"https:\/\/www.svsuelfeld.de\/index.php?rest_route=\/wp\/v2\/types\/post"}],"author":[{"embeddable":true,"href":"https:\/\/www.svsuelfeld.de\/index.php?rest_route=\/wp\/v2\/users\/11"}],"replies":[{"embeddable":true,"href":"https:\/\/www.svsuelfeld.de\/index.php?rest_route=%2Fwp%2Fv2%2Fcomments&post=561"}],"version-history":[{"count":1,"href":"https:\/\/www.svsuelfeld.de\/index.php?rest_route=\/wp\/v2\/posts\/561\/revisions"}],"predecessor-version":[{"id":562,"href":"https:\/\/www.svsuelfeld.de\/index.php?rest_route=\/wp\/v2\/posts\/561\/revisions\/562"}],"wp:featuredmedia":[{"embeddable":true,"href":"https:\/\/www.svsuelfeld.de\/index.php?rest_route=\/wp\/v2\/media\/73"}],"wp:attachment":[{"href":"https:\/\/www.svsuelfeld.de\/index.php?rest_route=%2Fwp%2Fv2%2Fmedia&parent=561"}],"wp:term":[{"taxonomy":"category","embeddable":true,"href":"https:\/\/www.svsuelfeld.de\/index.php?rest_route=%2Fwp%2Fv2%2Fcategories&post=561"},{"taxonomy":"post_tag","embeddable":true,"href":"https:\/\/www.svsuelfeld.de\/index.php?rest_route=%2Fwp%2Fv2%2Ftags&post=561"}],"curies":[{"name":"wp","href":"https:\/\/api.w.org\/{rel}","templated":true}]}}