{"id":563,"date":"2022-02-03T08:51:00","date_gmt":"2022-02-03T07:51:00","guid":{"rendered":"https:\/\/www.svsuelfeld.de\/?p=563"},"modified":"2022-03-31T13:30:53","modified_gmt":"2022-03-31T11:30:53","slug":"spartenbericht-radsport-2022","status":"publish","type":"post","link":"https:\/\/www.svsuelfeld.de\/?p=563","title":{"rendered":"Spartenbericht Radsport 2022"},"content":{"rendered":"\n<h2 class=\"wp-block-heading\">Radsport 2021<\/h2>\n\n\n\n<p class=\"wp-block-paragraph\">Same Procedere as last year? Oder same Procedere as every year? Irgendwie beides und doch auch anders!<\/p>\n\n\n\n<p class=\"wp-block-paragraph\">Na klar, es war immer noch Pandemie. Und Events, RTFn, Rennen usw. fielen auch wieder aus. Zumindest die meisten. Dann war auch noch das Fr\u00fchjahr verregnet und der Sommer wenig sommerlich. Nicht gerade die besten Voraussetzungen f\u00fcr Sport im Freien.<\/p>\n\n\n\n<p class=\"wp-block-paragraph\">Und doch haben wir wieder das beste draus gemacht.<\/p>\n\n\n\n<p class=\"wp-block-paragraph\">Sportliche Highlights waren die Teilnahme an den RTFn des RSC Kattenberg und des RV Trave. Dazu dann noch Mitfahrten Einzelner an der Mecklenburger Seenrunde, der Rennradwoche L\u00fcbecker Bucht und einiger Marathons. (Sind also doch nicht alle Veranstaltungen ausgefallen!)<\/p>\n\n\n\n<p class=\"wp-block-paragraph\">Da wir leider auch wieder unsere eigene RTF, die S\u00fclfelder Fr\u00fchlingsfrische, canceln mussten, war das Gravel-Wochenende in Kappeln an der Schlei das Team-Highlight des Jahres. Bei typisch norddeutschem Herbstwetter (von strahlendem Sonnenschein bis Dauerregen) erkundete das Team&nbsp;&nbsp;4 Tage lang Schlei und Ostseek\u00fcste.<\/p>\n\n\n\n<p class=\"wp-block-paragraph\">Apropos Gravel. Das wird auch bei uns langsam zur festen Gr\u00f6\u00dfe. Wie auch auf der Stra\u00dfe auf sehr unterschiedlichem Niveau. W\u00e4hrend f\u00fcr die einen feste Schotterwege ala \u201esch\u2026langweiligem Bahndamm\u201c v\u00f6llig ausreichen, ben\u00f6tigen andere Fangopackungen bis zum Knie. Gut, dass wir so vielseitig sind!<\/p>\n\n\n\n<p class=\"wp-block-paragraph\">Ob es darin liegt oder an unserer tollen Gemeinschaft dass wir auch letztes Jahr weiteren Zuwachs vermelden durften ist ungekl\u00e4rt. Vielleicht liegt\u2019s auch an unserem unwiderstehlichem Charme. Egal, Hauptsache wir haben weitere, nette Teammitglieder!<\/p>\n\n\n\n<p class=\"wp-block-paragraph\">Auf Stra\u00dfe, Schotter und im Wald k\u00f6nnen wir uns nun auch noch sch\u00f6ner zeigen. Durch eine gro\u00dfz\u00fcgige Spende konnten wir uns komplett neu einkleiden. Die neuen Trikots verweisen nicht nur deutlich auf den SV S\u00fclfeld und den Klingberg, unseren Haus\u201cBerg\u201c, sondern auch mit blau\/wei\u00df\/roten Streifen auf das sch\u00f6nste Bundesland der Welt. Sehen wir nicht klasse aus?<\/p>\n\n\n\n<p class=\"wp-block-paragraph\">F\u00fcr das Jahr 2022 w\u00fcnschen wir uns einfach ein St\u00fcck Normalit\u00e4t. Nicht nur im Alltag, sondern auch in unserem Sport. Dann finden hoffentlich wieder RTFn, Marathons, Trainingslager und Cyclassics statt. Wir sind startklar!<\/p>\n","protected":false},"excerpt":{"rendered":"<p>Radsport 2021 Same Procedere as last year? Oder same Procedere as every year? Irgendwie beides und doch auch anders! Na klar, es war immer noch Pandemie. Und Events, RTFn, Rennen usw. fielen auch wieder aus. Zumindest die meisten. Dann war auch noch das Fr\u00fchjahr verregnet und der Sommer wenig sommerlich. Nicht gerade die besten Voraussetzungen [&hellip;]<\/p>\n","protected":false},"author":11,"featured_media":564,"comment_status":"closed","ping_status":"closed","sticky":false,"template":"","format":"standard","meta":{"_crdt_document":"","pgc_sgb_lightbox_settings":"","footnotes":""},"categories":[17],"tags":[],"class_list":["post-563","post","type-post","status-publish","format-standard","has-post-thumbnail","hentry","category-radsport"],"yoast_head":"<!-- This site is optimized with the Yoast SEO plugin v27.5 - https:\/\/yoast.com\/product\/yoast-seo-wordpress\/ -->\n<title>Spartenbericht Radsport 2022 - SV S\u00fclfeld<\/title>\n<meta name=\"robots\" content=\"index, follow, max-snippet:-1, max-image-preview:large, max-video-preview:-1\" \/>\n<link rel=\"canonical\" href=\"https:\/\/www.svsuelfeld.de\/?p=563\" \/>\n<meta property=\"og:locale\" content=\"de_DE\" \/>\n<meta property=\"og:type\" content=\"article\" \/>\n<meta property=\"og:title\" content=\"Spartenbericht Radsport 2022 - SV S\u00fclfeld\" \/>\n<meta property=\"og:description\" content=\"Radsport 2021 Same Procedere as last year? Oder same Procedere as every year? Irgendwie beides und doch auch anders! Na klar, es war immer noch Pandemie. Und Events, RTFn, Rennen usw. fielen auch wieder aus. Zumindest die meisten. Dann war auch noch das Fr\u00fchjahr verregnet und der Sommer wenig sommerlich. Nicht gerade die besten Voraussetzungen [&hellip;]\" \/>\n<meta property=\"og:url\" content=\"https:\/\/www.svsuelfeld.de\/?p=563\" \/>\n<meta property=\"og:site_name\" content=\"SV S\u00fclfeld\" \/>\n<meta property=\"article:publisher\" content=\"https:\/\/de-de.facebook.com\/svsuelfeld\/\" \/>\n<meta property=\"article:published_time\" content=\"2022-02-03T07:51:00+00:00\" \/>\n<meta property=\"article:modified_time\" content=\"2022-03-31T11:30:53+00:00\" \/>\n<meta property=\"og:image\" content=\"https:\/\/www.svsuelfeld.de\/wp-content\/uploads\/2022\/03\/IMG_7798_2_3.jpg\" \/>\n\t<meta property=\"og:image:width\" content=\"1048\" \/>\n\t<meta property=\"og:image:height\" content=\"748\" \/>\n\t<meta property=\"og:image:type\" content=\"image\/jpeg\" \/>\n<meta name=\"author\" content=\"radsport\" \/>\n<meta name=\"twitter:card\" content=\"summary_large_image\" \/>\n<meta name=\"twitter:label1\" content=\"Verfasst von\" \/>\n\t<meta name=\"twitter:data1\" content=\"radsport\" \/>\n\t<meta name=\"twitter:label2\" content=\"Gesch\u00e4tzte Lesezeit\" \/>\n\t<meta name=\"twitter:data2\" content=\"2\u00a0Minuten\" \/>\n<script type=\"application\/ld+json\" class=\"yoast-schema-graph\">{\"@context\":\"https:\\\/\\\/schema.org\",\"@graph\":[{\"@type\":\"Article\",\"@id\":\"https:\\\/\\\/www.svsuelfeld.de\\\/?p=563#article\",\"isPartOf\":{\"@id\":\"https:\\\/\\\/www.svsuelfeld.de\\\/?p=563\"},\"author\":{\"name\":\"radsport\",\"@id\":\"https:\\\/\\\/www.svsuelfeld.de\\\/#\\\/schema\\\/person\\\/415a1ff3ea8d7a36cfbaf9bc66c7c689\"},\"headline\":\"Spartenbericht Radsport 2022\",\"datePublished\":\"2022-02-03T07:51:00+00:00\",\"dateModified\":\"2022-03-31T11:30:53+00:00\",\"mainEntityOfPage\":{\"@id\":\"https:\\\/\\\/www.svsuelfeld.de\\\/?p=563\"},\"wordCount\":345,\"publisher\":{\"@id\":\"https:\\\/\\\/www.svsuelfeld.de\\\/#organization\"},\"image\":{\"@id\":\"https:\\\/\\\/www.svsuelfeld.de\\\/?p=563#primaryimage\"},\"thumbnailUrl\":\"https:\\\/\\\/www.svsuelfeld.de\\\/wp-content\\\/uploads\\\/2022\\\/03\\\/IMG_7798_2_3.jpg\",\"articleSection\":[\"Radsport\"],\"inLanguage\":\"de\"},{\"@type\":\"WebPage\",\"@id\":\"https:\\\/\\\/www.svsuelfeld.de\\\/?p=563\",\"url\":\"https:\\\/\\\/www.svsuelfeld.de\\\/?p=563\",\"name\":\"Spartenbericht Radsport 2022 - SV S\u00fclfeld\",\"isPartOf\":{\"@id\":\"https:\\\/\\\/www.svsuelfeld.de\\\/#website\"},\"primaryImageOfPage\":{\"@id\":\"https:\\\/\\\/www.svsuelfeld.de\\\/?p=563#primaryimage\"},\"image\":{\"@id\":\"https:\\\/\\\/www.svsuelfeld.de\\\/?p=563#primaryimage\"},\"thumbnailUrl\":\"https:\\\/\\\/www.svsuelfeld.de\\\/wp-content\\\/uploads\\\/2022\\\/03\\\/IMG_7798_2_3.jpg\",\"datePublished\":\"2022-02-03T07:51:00+00:00\",\"dateModified\":\"2022-03-31T11:30:53+00:00\",\"breadcrumb\":{\"@id\":\"https:\\\/\\\/www.svsuelfeld.de\\\/?p=563#breadcrumb\"},\"inLanguage\":\"de\",\"potentialAction\":[{\"@type\":\"ReadAction\",\"target\":[\"https:\\\/\\\/www.svsuelfeld.de\\\/?p=563\"]}]},{\"@type\":\"ImageObject\",\"inLanguage\":\"de\",\"@id\":\"https:\\\/\\\/www.svsuelfeld.de\\\/?p=563#primaryimage\",\"url\":\"https:\\\/\\\/www.svsuelfeld.de\\\/wp-content\\\/uploads\\\/2022\\\/03\\\/IMG_7798_2_3.jpg\",\"contentUrl\":\"https:\\\/\\\/www.svsuelfeld.de\\\/wp-content\\\/uploads\\\/2022\\\/03\\\/IMG_7798_2_3.jpg\",\"width\":1048,\"height\":748},{\"@type\":\"BreadcrumbList\",\"@id\":\"https:\\\/\\\/www.svsuelfeld.de\\\/?p=563#breadcrumb\",\"itemListElement\":[{\"@type\":\"ListItem\",\"position\":1,\"name\":\"Startseite\",\"item\":\"https:\\\/\\\/www.svsuelfeld.de\\\/\"},{\"@type\":\"ListItem\",\"position\":2,\"name\":\"Spartenbericht Radsport 2022\"}]},{\"@type\":\"WebSite\",\"@id\":\"https:\\\/\\\/www.svsuelfeld.de\\\/#website\",\"url\":\"https:\\\/\\\/www.svsuelfeld.de\\\/\",\"name\":\"SV S\u00fclfeld\",\"description\":\"...mehr S\u00fclfeld geht nicht\",\"publisher\":{\"@id\":\"https:\\\/\\\/www.svsuelfeld.de\\\/#organization\"},\"potentialAction\":[{\"@type\":\"SearchAction\",\"target\":{\"@type\":\"EntryPoint\",\"urlTemplate\":\"https:\\\/\\\/www.svsuelfeld.de\\\/?s={search_term_string}\"},\"query-input\":{\"@type\":\"PropertyValueSpecification\",\"valueRequired\":true,\"valueName\":\"search_term_string\"}}],\"inLanguage\":\"de\"},{\"@type\":\"Organization\",\"@id\":\"https:\\\/\\\/www.svsuelfeld.de\\\/#organization\",\"name\":\"SV S\u00fclfeld\",\"url\":\"https:\\\/\\\/www.svsuelfeld.de\\\/\",\"logo\":{\"@type\":\"ImageObject\",\"inLanguage\":\"de\",\"@id\":\"https:\\\/\\\/www.svsuelfeld.de\\\/#\\\/schema\\\/logo\\\/image\\\/\",\"url\":\"https:\\\/\\\/www.svsuelfeld.de\\\/wp-content\\\/uploads\\\/2022\\\/06\\\/cropped-svs-logo.png\",\"contentUrl\":\"https:\\\/\\\/www.svsuelfeld.de\\\/wp-content\\\/uploads\\\/2022\\\/06\\\/cropped-svs-logo.png\",\"width\":210,\"height\":210,\"caption\":\"SV S\u00fclfeld\"},\"image\":{\"@id\":\"https:\\\/\\\/www.svsuelfeld.de\\\/#\\\/schema\\\/logo\\\/image\\\/\"},\"sameAs\":[\"https:\\\/\\\/de-de.facebook.com\\\/svsuelfeld\\\/\"]},{\"@type\":\"Person\",\"@id\":\"https:\\\/\\\/www.svsuelfeld.de\\\/#\\\/schema\\\/person\\\/415a1ff3ea8d7a36cfbaf9bc66c7c689\",\"name\":\"radsport\",\"image\":{\"@type\":\"ImageObject\",\"inLanguage\":\"de\",\"@id\":\"https:\\\/\\\/secure.gravatar.com\\\/avatar\\\/3eaa8b5c6f6f5e0be342b93ecba3bf6462e79862855ffc307d9fdc6b7cc73849?s=96&d=mm&r=g\",\"url\":\"https:\\\/\\\/secure.gravatar.com\\\/avatar\\\/3eaa8b5c6f6f5e0be342b93ecba3bf6462e79862855ffc307d9fdc6b7cc73849?s=96&d=mm&r=g\",\"contentUrl\":\"https:\\\/\\\/secure.gravatar.com\\\/avatar\\\/3eaa8b5c6f6f5e0be342b93ecba3bf6462e79862855ffc307d9fdc6b7cc73849?s=96&d=mm&r=g\",\"caption\":\"radsport\"},\"url\":\"https:\\\/\\\/www.svsuelfeld.de\\\/?author=11\"}]}<\/script>\n<!-- \/ Yoast SEO plugin. -->","yoast_head_json":{"title":"Spartenbericht Radsport 2022 - SV S\u00fclfeld","robots":{"index":"index","follow":"follow","max-snippet":"max-snippet:-1","max-image-preview":"max-image-preview:large","max-video-preview":"max-video-preview:-1"},"canonical":"https:\/\/www.svsuelfeld.de\/?p=563","og_locale":"de_DE","og_type":"article","og_title":"Spartenbericht Radsport 2022 - SV S\u00fclfeld","og_description":"Radsport 2021 Same Procedere as last year? Oder same Procedere as every year? Irgendwie beides und doch auch anders! Na klar, es war immer noch Pandemie. Und Events, RTFn, Rennen usw. fielen auch wieder aus. Zumindest die meisten. Dann war auch noch das Fr\u00fchjahr verregnet und der Sommer wenig sommerlich. Nicht gerade die besten Voraussetzungen [&hellip;]","og_url":"https:\/\/www.svsuelfeld.de\/?p=563","og_site_name":"SV S\u00fclfeld","article_publisher":"https:\/\/de-de.facebook.com\/svsuelfeld\/","article_published_time":"2022-02-03T07:51:00+00:00","article_modified_time":"2022-03-31T11:30:53+00:00","og_image":[{"width":1048,"height":748,"url":"https:\/\/www.svsuelfeld.de\/wp-content\/uploads\/2022\/03\/IMG_7798_2_3.jpg","type":"image\/jpeg"}],"author":"radsport","twitter_card":"summary_large_image","twitter_misc":{"Verfasst von":"radsport","Gesch\u00e4tzte Lesezeit":"2\u00a0Minuten"},"schema":{"@context":"https:\/\/schema.org","@graph":[{"@type":"Article","@id":"https:\/\/www.svsuelfeld.de\/?p=563#article","isPartOf":{"@id":"https:\/\/www.svsuelfeld.de\/?p=563"},"author":{"name":"radsport","@id":"https:\/\/www.svsuelfeld.de\/#\/schema\/person\/415a1ff3ea8d7a36cfbaf9bc66c7c689"},"headline":"Spartenbericht Radsport 2022","datePublished":"2022-02-03T07:51:00+00:00","dateModified":"2022-03-31T11:30:53+00:00","mainEntityOfPage":{"@id":"https:\/\/www.svsuelfeld.de\/?p=563"},"wordCount":345,"publisher":{"@id":"https:\/\/www.svsuelfeld.de\/#organization"},"image":{"@id":"https:\/\/www.svsuelfeld.de\/?p=563#primaryimage"},"thumbnailUrl":"https:\/\/www.svsuelfeld.de\/wp-content\/uploads\/2022\/03\/IMG_7798_2_3.jpg","articleSection":["Radsport"],"inLanguage":"de"},{"@type":"WebPage","@id":"https:\/\/www.svsuelfeld.de\/?p=563","url":"https:\/\/www.svsuelfeld.de\/?p=563","name":"Spartenbericht Radsport 2022 - SV S\u00fclfeld","isPartOf":{"@id":"https:\/\/www.svsuelfeld.de\/#website"},"primaryImageOfPage":{"@id":"https:\/\/www.svsuelfeld.de\/?p=563#primaryimage"},"image":{"@id":"https:\/\/www.svsuelfeld.de\/?p=563#primaryimage"},"thumbnailUrl":"https:\/\/www.svsuelfeld.de\/wp-content\/uploads\/2022\/03\/IMG_7798_2_3.jpg","datePublished":"2022-02-03T07:51:00+00:00","dateModified":"2022-03-31T11:30:53+00:00","breadcrumb":{"@id":"https:\/\/www.svsuelfeld.de\/?p=563#breadcrumb"},"inLanguage":"de","potentialAction":[{"@type":"ReadAction","target":["https:\/\/www.svsuelfeld.de\/?p=563"]}]},{"@type":"ImageObject","inLanguage":"de","@id":"https:\/\/www.svsuelfeld.de\/?p=563#primaryimage","url":"https:\/\/www.svsuelfeld.de\/wp-content\/uploads\/2022\/03\/IMG_7798_2_3.jpg","contentUrl":"https:\/\/www.svsuelfeld.de\/wp-content\/uploads\/2022\/03\/IMG_7798_2_3.jpg","width":1048,"height":748},{"@type":"BreadcrumbList","@id":"https:\/\/www.svsuelfeld.de\/?p=563#breadcrumb","itemListElement":[{"@type":"ListItem","position":1,"name":"Startseite","item":"https:\/\/www.svsuelfeld.de\/"},{"@type":"ListItem","position":2,"name":"Spartenbericht Radsport 2022"}]},{"@type":"WebSite","@id":"https:\/\/www.svsuelfeld.de\/#website","url":"https:\/\/www.svsuelfeld.de\/","name":"SV S\u00fclfeld","description":"...mehr S\u00fclfeld geht nicht","publisher":{"@id":"https:\/\/www.svsuelfeld.de\/#organization"},"potentialAction":[{"@type":"SearchAction","target":{"@type":"EntryPoint","urlTemplate":"https:\/\/www.svsuelfeld.de\/?s={search_term_string}"},"query-input":{"@type":"PropertyValueSpecification","valueRequired":true,"valueName":"search_term_string"}}],"inLanguage":"de"},{"@type":"Organization","@id":"https:\/\/www.svsuelfeld.de\/#organization","name":"SV S\u00fclfeld","url":"https:\/\/www.svsuelfeld.de\/","logo":{"@type":"ImageObject","inLanguage":"de","@id":"https:\/\/www.svsuelfeld.de\/#\/schema\/logo\/image\/","url":"https:\/\/www.svsuelfeld.de\/wp-content\/uploads\/2022\/06\/cropped-svs-logo.png","contentUrl":"https:\/\/www.svsuelfeld.de\/wp-content\/uploads\/2022\/06\/cropped-svs-logo.png","width":210,"height":210,"caption":"SV S\u00fclfeld"},"image":{"@id":"https:\/\/www.svsuelfeld.de\/#\/schema\/logo\/image\/"},"sameAs":["https:\/\/de-de.facebook.com\/svsuelfeld\/"]},{"@type":"Person","@id":"https:\/\/www.svsuelfeld.de\/#\/schema\/person\/415a1ff3ea8d7a36cfbaf9bc66c7c689","name":"radsport","image":{"@type":"ImageObject","inLanguage":"de","@id":"https:\/\/secure.gravatar.com\/avatar\/3eaa8b5c6f6f5e0be342b93ecba3bf6462e79862855ffc307d9fdc6b7cc73849?s=96&d=mm&r=g","url":"https:\/\/secure.gravatar.com\/avatar\/3eaa8b5c6f6f5e0be342b93ecba3bf6462e79862855ffc307d9fdc6b7cc73849?s=96&d=mm&r=g","contentUrl":"https:\/\/secure.gravatar.com\/avatar\/3eaa8b5c6f6f5e0be342b93ecba3bf6462e79862855ffc307d9fdc6b7cc73849?s=96&d=mm&r=g","caption":"radsport"},"url":"https:\/\/www.svsuelfeld.de\/?author=11"}]}},"publishpress_future_action":{"enabled":false,"date":"2026-05-06 14:29:56","action":"change-status","newStatus":"draft","terms":[],"taxonomy":"category","extraData":[]},"publishpress_future_workflow_manual_trigger":{"enabledWorkflows":[]},"_links":{"self":[{"href":"https:\/\/www.svsuelfeld.de\/index.php?rest_route=\/wp\/v2\/posts\/563","targetHints":{"allow":["GET"]}}],"collection":[{"href":"https:\/\/www.svsuelfeld.de\/index.php?rest_route=\/wp\/v2\/posts"}],"about":[{"href":"https:\/\/www.svsuelfeld.de\/index.php?rest_route=\/wp\/v2\/types\/post"}],"author":[{"embeddable":true,"href":"https:\/\/www.svsuelfeld.de\/index.php?rest_route=\/wp\/v2\/users\/11"}],"replies":[{"embeddable":true,"href":"https:\/\/www.svsuelfeld.de\/index.php?rest_route=%2Fwp%2Fv2%2Fcomments&post=563"}],"version-history":[{"count":1,"href":"https:\/\/www.svsuelfeld.de\/index.php?rest_route=\/wp\/v2\/posts\/563\/revisions"}],"predecessor-version":[{"id":565,"href":"https:\/\/www.svsuelfeld.de\/index.php?rest_route=\/wp\/v2\/posts\/563\/revisions\/565"}],"wp:featuredmedia":[{"embeddable":true,"href":"https:\/\/www.svsuelfeld.de\/index.php?rest_route=\/wp\/v2\/media\/564"}],"wp:attachment":[{"href":"https:\/\/www.svsuelfeld.de\/index.php?rest_route=%2Fwp%2Fv2%2Fmedia&parent=563"}],"wp:term":[{"taxonomy":"category","embeddable":true,"href":"https:\/\/www.svsuelfeld.de\/index.php?rest_route=%2Fwp%2Fv2%2Fcategories&post=563"},{"taxonomy":"post_tag","embeddable":true,"href":"https:\/\/www.svsuelfeld.de\/index.php?rest_route=%2Fwp%2Fv2%2Ftags&post=563"}],"curies":[{"name":"wp","href":"https:\/\/api.w.org\/{rel}","templated":true}]}}