{"id":866,"date":"2022-03-28T12:54:05","date_gmt":"2022-03-28T10:54:05","guid":{"rendered":"https:\/\/www.svsuelfeld.de\/?p=866"},"modified":"2022-06-08T16:43:46","modified_gmt":"2022-06-08T14:43:46","slug":"unser-chefkoch-empfiehlt-reduktion-von-fruehlingfrische-an-strahlendem-sonnenschein","status":"publish","type":"post","link":"https:\/\/www.svsuelfeld.de\/?p=866","title":{"rendered":"Unser Chefkoch empfiehlt: Reduktion von Fr\u00fchlingfrische an strahlendem Sonnenschein\u00a0"},"content":{"rendered":"\n<p class=\"wp-block-paragraph\">Kalter Nebel liegt \u00fcber den Feldern. Die Sonne k\u00e4mpft tapfer gegen den Dunst. Die Temperaturen erreichen kaum positive Werte. Perfekte Bedingungen f\u00fcr unsere Fr\u00fchlingsfrische. Nun hatten wir aber die f\u00fcr heute geplante RTF aufgrund der unsicheren Pandemie-Entwicklung vorsorglich abgesagt. Schade bei der Wetterlage, gute Entscheidung bei den aktuellen Inzidenzzahlen. Denn auch wenn nahezu alle Beschr\u00e4nkungen bzgl. Veranstaltungen weggefallen sind, ist nicht alles was erlaubt ist auch vern\u00fcnftig.<\/p>\n\n\n\n<p class=\"wp-block-paragraph\">So stehen wir also bei reduzierten Temperaturen mit reduzierter Besetzung am Start und machen uns auf die erste der drei 40km-Schleifen. An Spa\u00df und Motivation wird allerdings nicht gespart und so rollen wir ganz entspannt \u00fcber Bargteheide, Lasbek und Elmenhorst wieder zur\u00fcck nach S\u00fclfeld.&nbsp;<br>F\u00fcr die zweite Schleife reduzieren wir noch Nebel und Dunst reduziert und erfreuen uns am strahlenden Sonnenschein. Inzwischen bei deutlich angenehmeren Temperaturen. Dazu zwei mal Klingberg und jede Menge rauf und runter auf dem Weg bis kurz vor Segeberg und retour. Bei flottem Tempo wird uns ganz sch\u00f6n warm.<\/p>\n\n\n\n<p class=\"wp-block-paragraph\">Endlich Kaffeepause in S\u00fclfeld! Bei &nbsp;unserer RTF w\u00fcrden wir uns jetzt durch die selbstgemachten Kuchen und Leckereien futtern. Heute m\u00fcssen wir uns \u201enotgedrungen\u201c beim B\u00e4cker verpflegen. Ist aber auch lecker!<\/p>\n\n\n\n<p class=\"wp-block-paragraph\">Den Abschluss bildet die dritte Runde \u00fcber den Kattenberg. Wieder gut 40km, diesmal gegen den aufgefrischten Wind. Leider mit noch weiter reduzierter Mannschaft.<br>Aber das Wetter ist schon klasse! Das w\u00e4re eine Hammer-Veranstaltung geworden.<br>Die holen wir nun am 02.10.2022 unter dem Namen \u201eHerbsterwachen\u201c nach. Wir freuen uns drauf!<\/p>\n\n\n\n<p class=\"wp-block-paragraph\">Hier der Track zur S\u00fclfelder Fr\u00fchlingsfrische und (voraussichtlich) zum Herbsterwachen:<\/p>\n\n\n\n<div class=\"wp-block-group\"><div class=\"wp-block-group__inner-container is-layout-flow wp-block-group-is-layout-flow\">\n<div class=\"wp-block-file alignright\"><a id=\"wp-block-file--media-8ece6bc4-bdad-4b9d-83a1-feac2ef4d79b\" href=\"https:\/\/www.svsuelfeld.de\/wp-content\/uploads\/2022\/03\/SFF-2020-komplett-1.gpx\">SFF-2020-komplett-1<\/a><a href=\"https:\/\/www.svsuelfeld.de\/wp-content\/uploads\/2022\/03\/SFF-2020-komplett-1.gpx\" class=\"wp-block-file__button\" download aria-describedby=\"wp-block-file--media-8ece6bc4-bdad-4b9d-83a1-feac2ef4d79b\">GPX-Datei<\/a><\/div>\n<\/div><\/div>\n\n\n\n<div class=\"wp-block-buttons is-layout-flex wp-block-buttons-is-layout-flex\"><\/div>\n\n\n\n<div class=\"wp-block-buttons is-layout-flex wp-block-buttons-is-layout-flex\"><\/div>\n","protected":false},"excerpt":{"rendered":"<p>Kalter Nebel liegt \u00fcber den Feldern. Die Sonne k\u00e4mpft tapfer gegen den Dunst. Die Temperaturen erreichen kaum positive Werte. Perfekte Bedingungen f\u00fcr unsere Fr\u00fchlingsfrische. Nun hatten wir aber die f\u00fcr heute geplante RTF aufgrund der unsicheren Pandemie-Entwicklung vorsorglich abgesagt. Schade bei der Wetterlage, gute Entscheidung bei den aktuellen Inzidenzzahlen. Denn auch wenn nahezu alle Beschr\u00e4nkungen [&hellip;]<\/p>\n","protected":false},"author":11,"featured_media":867,"comment_status":"open","ping_status":"open","sticky":false,"template":"","format":"standard","meta":{"_crdt_document":"","pgc_sgb_lightbox_settings":"","footnotes":""},"categories":[17],"tags":[],"class_list":["post-866","post","type-post","status-publish","format-standard","has-post-thumbnail","hentry","category-radsport"],"yoast_head":"<!-- This site is optimized with the Yoast SEO plugin v27.5 - https:\/\/yoast.com\/product\/yoast-seo-wordpress\/ -->\n<title>Unser Chefkoch empfiehlt: Reduktion von Fr\u00fchlingfrische an strahlendem Sonnenschein\u00a0 - SV S\u00fclfeld<\/title>\n<meta name=\"robots\" content=\"index, follow, max-snippet:-1, max-image-preview:large, max-video-preview:-1\" \/>\n<link rel=\"canonical\" href=\"https:\/\/www.svsuelfeld.de\/?p=866\" \/>\n<meta property=\"og:locale\" content=\"de_DE\" \/>\n<meta property=\"og:type\" content=\"article\" \/>\n<meta property=\"og:title\" content=\"Unser Chefkoch empfiehlt: Reduktion von Fr\u00fchlingfrische an strahlendem Sonnenschein\u00a0 - SV S\u00fclfeld\" \/>\n<meta property=\"og:description\" content=\"Kalter Nebel liegt \u00fcber den Feldern. Die Sonne k\u00e4mpft tapfer gegen den Dunst. Die Temperaturen erreichen kaum positive Werte. Perfekte Bedingungen f\u00fcr unsere Fr\u00fchlingsfrische. Nun hatten wir aber die f\u00fcr heute geplante RTF aufgrund der unsicheren Pandemie-Entwicklung vorsorglich abgesagt. Schade bei der Wetterlage, gute Entscheidung bei den aktuellen Inzidenzzahlen. Denn auch wenn nahezu alle Beschr\u00e4nkungen [&hellip;]\" \/>\n<meta property=\"og:url\" content=\"https:\/\/www.svsuelfeld.de\/?p=866\" \/>\n<meta property=\"og:site_name\" content=\"SV S\u00fclfeld\" \/>\n<meta property=\"article:publisher\" content=\"https:\/\/de-de.facebook.com\/svsuelfeld\/\" \/>\n<meta property=\"article:published_time\" content=\"2022-03-28T10:54:05+00:00\" \/>\n<meta property=\"article:modified_time\" content=\"2022-06-08T14:43:46+00:00\" \/>\n<meta property=\"og:image\" content=\"https:\/\/www.svsuelfeld.de\/wp-content\/uploads\/2022\/03\/image0-2-1.jpeg\" \/>\n\t<meta property=\"og:image:width\" content=\"2048\" \/>\n\t<meta property=\"og:image:height\" content=\"1536\" \/>\n\t<meta property=\"og:image:type\" content=\"image\/jpeg\" \/>\n<meta name=\"author\" content=\"radsport\" \/>\n<meta name=\"twitter:card\" content=\"summary_large_image\" \/>\n<meta name=\"twitter:label1\" content=\"Verfasst von\" \/>\n\t<meta name=\"twitter:data1\" content=\"radsport\" \/>\n\t<meta name=\"twitter:label2\" content=\"Gesch\u00e4tzte Lesezeit\" \/>\n\t<meta name=\"twitter:data2\" content=\"1\u00a0Minute\" \/>\n<script type=\"application\/ld+json\" class=\"yoast-schema-graph\">{\"@context\":\"https:\\\/\\\/schema.org\",\"@graph\":[{\"@type\":\"Article\",\"@id\":\"https:\\\/\\\/www.svsuelfeld.de\\\/?p=866#article\",\"isPartOf\":{\"@id\":\"https:\\\/\\\/www.svsuelfeld.de\\\/?p=866\"},\"author\":{\"name\":\"radsport\",\"@id\":\"https:\\\/\\\/www.svsuelfeld.de\\\/#\\\/schema\\\/person\\\/415a1ff3ea8d7a36cfbaf9bc66c7c689\"},\"headline\":\"Unser Chefkoch empfiehlt: Reduktion von Fr\u00fchlingfrische an strahlendem Sonnenschein\u00a0\",\"datePublished\":\"2022-03-28T10:54:05+00:00\",\"dateModified\":\"2022-06-08T14:43:46+00:00\",\"mainEntityOfPage\":{\"@id\":\"https:\\\/\\\/www.svsuelfeld.de\\\/?p=866\"},\"wordCount\":280,\"commentCount\":0,\"publisher\":{\"@id\":\"https:\\\/\\\/www.svsuelfeld.de\\\/#organization\"},\"image\":{\"@id\":\"https:\\\/\\\/www.svsuelfeld.de\\\/?p=866#primaryimage\"},\"thumbnailUrl\":\"https:\\\/\\\/www.svsuelfeld.de\\\/wp-content\\\/uploads\\\/2022\\\/03\\\/image0-2-1.jpeg\",\"articleSection\":[\"Radsport\"],\"inLanguage\":\"de\",\"potentialAction\":[{\"@type\":\"CommentAction\",\"name\":\"Comment\",\"target\":[\"https:\\\/\\\/www.svsuelfeld.de\\\/?p=866#respond\"]}]},{\"@type\":\"WebPage\",\"@id\":\"https:\\\/\\\/www.svsuelfeld.de\\\/?p=866\",\"url\":\"https:\\\/\\\/www.svsuelfeld.de\\\/?p=866\",\"name\":\"Unser Chefkoch empfiehlt: Reduktion von Fr\u00fchlingfrische an strahlendem Sonnenschein\u00a0 - SV S\u00fclfeld\",\"isPartOf\":{\"@id\":\"https:\\\/\\\/www.svsuelfeld.de\\\/#website\"},\"primaryImageOfPage\":{\"@id\":\"https:\\\/\\\/www.svsuelfeld.de\\\/?p=866#primaryimage\"},\"image\":{\"@id\":\"https:\\\/\\\/www.svsuelfeld.de\\\/?p=866#primaryimage\"},\"thumbnailUrl\":\"https:\\\/\\\/www.svsuelfeld.de\\\/wp-content\\\/uploads\\\/2022\\\/03\\\/image0-2-1.jpeg\",\"datePublished\":\"2022-03-28T10:54:05+00:00\",\"dateModified\":\"2022-06-08T14:43:46+00:00\",\"breadcrumb\":{\"@id\":\"https:\\\/\\\/www.svsuelfeld.de\\\/?p=866#breadcrumb\"},\"inLanguage\":\"de\",\"potentialAction\":[{\"@type\":\"ReadAction\",\"target\":[\"https:\\\/\\\/www.svsuelfeld.de\\\/?p=866\"]}]},{\"@type\":\"ImageObject\",\"inLanguage\":\"de\",\"@id\":\"https:\\\/\\\/www.svsuelfeld.de\\\/?p=866#primaryimage\",\"url\":\"https:\\\/\\\/www.svsuelfeld.de\\\/wp-content\\\/uploads\\\/2022\\\/03\\\/image0-2-1.jpeg\",\"contentUrl\":\"https:\\\/\\\/www.svsuelfeld.de\\\/wp-content\\\/uploads\\\/2022\\\/03\\\/image0-2-1.jpeg\",\"width\":2048,\"height\":1536},{\"@type\":\"BreadcrumbList\",\"@id\":\"https:\\\/\\\/www.svsuelfeld.de\\\/?p=866#breadcrumb\",\"itemListElement\":[{\"@type\":\"ListItem\",\"position\":1,\"name\":\"Startseite\",\"item\":\"https:\\\/\\\/www.svsuelfeld.de\\\/\"},{\"@type\":\"ListItem\",\"position\":2,\"name\":\"Unser Chefkoch empfiehlt: Reduktion von Fr\u00fchlingfrische an strahlendem Sonnenschein\u00a0\"}]},{\"@type\":\"WebSite\",\"@id\":\"https:\\\/\\\/www.svsuelfeld.de\\\/#website\",\"url\":\"https:\\\/\\\/www.svsuelfeld.de\\\/\",\"name\":\"SV S\u00fclfeld\",\"description\":\"...mehr S\u00fclfeld geht nicht\",\"publisher\":{\"@id\":\"https:\\\/\\\/www.svsuelfeld.de\\\/#organization\"},\"potentialAction\":[{\"@type\":\"SearchAction\",\"target\":{\"@type\":\"EntryPoint\",\"urlTemplate\":\"https:\\\/\\\/www.svsuelfeld.de\\\/?s={search_term_string}\"},\"query-input\":{\"@type\":\"PropertyValueSpecification\",\"valueRequired\":true,\"valueName\":\"search_term_string\"}}],\"inLanguage\":\"de\"},{\"@type\":\"Organization\",\"@id\":\"https:\\\/\\\/www.svsuelfeld.de\\\/#organization\",\"name\":\"SV S\u00fclfeld\",\"url\":\"https:\\\/\\\/www.svsuelfeld.de\\\/\",\"logo\":{\"@type\":\"ImageObject\",\"inLanguage\":\"de\",\"@id\":\"https:\\\/\\\/www.svsuelfeld.de\\\/#\\\/schema\\\/logo\\\/image\\\/\",\"url\":\"https:\\\/\\\/www.svsuelfeld.de\\\/wp-content\\\/uploads\\\/2022\\\/06\\\/cropped-svs-logo.png\",\"contentUrl\":\"https:\\\/\\\/www.svsuelfeld.de\\\/wp-content\\\/uploads\\\/2022\\\/06\\\/cropped-svs-logo.png\",\"width\":210,\"height\":210,\"caption\":\"SV S\u00fclfeld\"},\"image\":{\"@id\":\"https:\\\/\\\/www.svsuelfeld.de\\\/#\\\/schema\\\/logo\\\/image\\\/\"},\"sameAs\":[\"https:\\\/\\\/de-de.facebook.com\\\/svsuelfeld\\\/\"]},{\"@type\":\"Person\",\"@id\":\"https:\\\/\\\/www.svsuelfeld.de\\\/#\\\/schema\\\/person\\\/415a1ff3ea8d7a36cfbaf9bc66c7c689\",\"name\":\"radsport\",\"image\":{\"@type\":\"ImageObject\",\"inLanguage\":\"de\",\"@id\":\"https:\\\/\\\/secure.gravatar.com\\\/avatar\\\/3eaa8b5c6f6f5e0be342b93ecba3bf6462e79862855ffc307d9fdc6b7cc73849?s=96&d=mm&r=g\",\"url\":\"https:\\\/\\\/secure.gravatar.com\\\/avatar\\\/3eaa8b5c6f6f5e0be342b93ecba3bf6462e79862855ffc307d9fdc6b7cc73849?s=96&d=mm&r=g\",\"contentUrl\":\"https:\\\/\\\/secure.gravatar.com\\\/avatar\\\/3eaa8b5c6f6f5e0be342b93ecba3bf6462e79862855ffc307d9fdc6b7cc73849?s=96&d=mm&r=g\",\"caption\":\"radsport\"},\"url\":\"https:\\\/\\\/www.svsuelfeld.de\\\/?author=11\"}]}<\/script>\n<!-- \/ Yoast SEO plugin. -->","yoast_head_json":{"title":"Unser Chefkoch empfiehlt: Reduktion von Fr\u00fchlingfrische an strahlendem Sonnenschein\u00a0 - SV S\u00fclfeld","robots":{"index":"index","follow":"follow","max-snippet":"max-snippet:-1","max-image-preview":"max-image-preview:large","max-video-preview":"max-video-preview:-1"},"canonical":"https:\/\/www.svsuelfeld.de\/?p=866","og_locale":"de_DE","og_type":"article","og_title":"Unser Chefkoch empfiehlt: Reduktion von Fr\u00fchlingfrische an strahlendem Sonnenschein\u00a0 - SV S\u00fclfeld","og_description":"Kalter Nebel liegt \u00fcber den Feldern. Die Sonne k\u00e4mpft tapfer gegen den Dunst. Die Temperaturen erreichen kaum positive Werte. Perfekte Bedingungen f\u00fcr unsere Fr\u00fchlingsfrische. Nun hatten wir aber die f\u00fcr heute geplante RTF aufgrund der unsicheren Pandemie-Entwicklung vorsorglich abgesagt. Schade bei der Wetterlage, gute Entscheidung bei den aktuellen Inzidenzzahlen. Denn auch wenn nahezu alle Beschr\u00e4nkungen [&hellip;]","og_url":"https:\/\/www.svsuelfeld.de\/?p=866","og_site_name":"SV S\u00fclfeld","article_publisher":"https:\/\/de-de.facebook.com\/svsuelfeld\/","article_published_time":"2022-03-28T10:54:05+00:00","article_modified_time":"2022-06-08T14:43:46+00:00","og_image":[{"width":2048,"height":1536,"url":"https:\/\/www.svsuelfeld.de\/wp-content\/uploads\/2022\/03\/image0-2-1.jpeg","type":"image\/jpeg"}],"author":"radsport","twitter_card":"summary_large_image","twitter_misc":{"Verfasst von":"radsport","Gesch\u00e4tzte Lesezeit":"1\u00a0Minute"},"schema":{"@context":"https:\/\/schema.org","@graph":[{"@type":"Article","@id":"https:\/\/www.svsuelfeld.de\/?p=866#article","isPartOf":{"@id":"https:\/\/www.svsuelfeld.de\/?p=866"},"author":{"name":"radsport","@id":"https:\/\/www.svsuelfeld.de\/#\/schema\/person\/415a1ff3ea8d7a36cfbaf9bc66c7c689"},"headline":"Unser Chefkoch empfiehlt: Reduktion von Fr\u00fchlingfrische an strahlendem Sonnenschein\u00a0","datePublished":"2022-03-28T10:54:05+00:00","dateModified":"2022-06-08T14:43:46+00:00","mainEntityOfPage":{"@id":"https:\/\/www.svsuelfeld.de\/?p=866"},"wordCount":280,"commentCount":0,"publisher":{"@id":"https:\/\/www.svsuelfeld.de\/#organization"},"image":{"@id":"https:\/\/www.svsuelfeld.de\/?p=866#primaryimage"},"thumbnailUrl":"https:\/\/www.svsuelfeld.de\/wp-content\/uploads\/2022\/03\/image0-2-1.jpeg","articleSection":["Radsport"],"inLanguage":"de","potentialAction":[{"@type":"CommentAction","name":"Comment","target":["https:\/\/www.svsuelfeld.de\/?p=866#respond"]}]},{"@type":"WebPage","@id":"https:\/\/www.svsuelfeld.de\/?p=866","url":"https:\/\/www.svsuelfeld.de\/?p=866","name":"Unser Chefkoch empfiehlt: Reduktion von Fr\u00fchlingfrische an strahlendem Sonnenschein\u00a0 - SV S\u00fclfeld","isPartOf":{"@id":"https:\/\/www.svsuelfeld.de\/#website"},"primaryImageOfPage":{"@id":"https:\/\/www.svsuelfeld.de\/?p=866#primaryimage"},"image":{"@id":"https:\/\/www.svsuelfeld.de\/?p=866#primaryimage"},"thumbnailUrl":"https:\/\/www.svsuelfeld.de\/wp-content\/uploads\/2022\/03\/image0-2-1.jpeg","datePublished":"2022-03-28T10:54:05+00:00","dateModified":"2022-06-08T14:43:46+00:00","breadcrumb":{"@id":"https:\/\/www.svsuelfeld.de\/?p=866#breadcrumb"},"inLanguage":"de","potentialAction":[{"@type":"ReadAction","target":["https:\/\/www.svsuelfeld.de\/?p=866"]}]},{"@type":"ImageObject","inLanguage":"de","@id":"https:\/\/www.svsuelfeld.de\/?p=866#primaryimage","url":"https:\/\/www.svsuelfeld.de\/wp-content\/uploads\/2022\/03\/image0-2-1.jpeg","contentUrl":"https:\/\/www.svsuelfeld.de\/wp-content\/uploads\/2022\/03\/image0-2-1.jpeg","width":2048,"height":1536},{"@type":"BreadcrumbList","@id":"https:\/\/www.svsuelfeld.de\/?p=866#breadcrumb","itemListElement":[{"@type":"ListItem","position":1,"name":"Startseite","item":"https:\/\/www.svsuelfeld.de\/"},{"@type":"ListItem","position":2,"name":"Unser Chefkoch empfiehlt: Reduktion von Fr\u00fchlingfrische an strahlendem Sonnenschein\u00a0"}]},{"@type":"WebSite","@id":"https:\/\/www.svsuelfeld.de\/#website","url":"https:\/\/www.svsuelfeld.de\/","name":"SV S\u00fclfeld","description":"...mehr S\u00fclfeld geht nicht","publisher":{"@id":"https:\/\/www.svsuelfeld.de\/#organization"},"potentialAction":[{"@type":"SearchAction","target":{"@type":"EntryPoint","urlTemplate":"https:\/\/www.svsuelfeld.de\/?s={search_term_string}"},"query-input":{"@type":"PropertyValueSpecification","valueRequired":true,"valueName":"search_term_string"}}],"inLanguage":"de"},{"@type":"Organization","@id":"https:\/\/www.svsuelfeld.de\/#organization","name":"SV S\u00fclfeld","url":"https:\/\/www.svsuelfeld.de\/","logo":{"@type":"ImageObject","inLanguage":"de","@id":"https:\/\/www.svsuelfeld.de\/#\/schema\/logo\/image\/","url":"https:\/\/www.svsuelfeld.de\/wp-content\/uploads\/2022\/06\/cropped-svs-logo.png","contentUrl":"https:\/\/www.svsuelfeld.de\/wp-content\/uploads\/2022\/06\/cropped-svs-logo.png","width":210,"height":210,"caption":"SV S\u00fclfeld"},"image":{"@id":"https:\/\/www.svsuelfeld.de\/#\/schema\/logo\/image\/"},"sameAs":["https:\/\/de-de.facebook.com\/svsuelfeld\/"]},{"@type":"Person","@id":"https:\/\/www.svsuelfeld.de\/#\/schema\/person\/415a1ff3ea8d7a36cfbaf9bc66c7c689","name":"radsport","image":{"@type":"ImageObject","inLanguage":"de","@id":"https:\/\/secure.gravatar.com\/avatar\/3eaa8b5c6f6f5e0be342b93ecba3bf6462e79862855ffc307d9fdc6b7cc73849?s=96&d=mm&r=g","url":"https:\/\/secure.gravatar.com\/avatar\/3eaa8b5c6f6f5e0be342b93ecba3bf6462e79862855ffc307d9fdc6b7cc73849?s=96&d=mm&r=g","contentUrl":"https:\/\/secure.gravatar.com\/avatar\/3eaa8b5c6f6f5e0be342b93ecba3bf6462e79862855ffc307d9fdc6b7cc73849?s=96&d=mm&r=g","caption":"radsport"},"url":"https:\/\/www.svsuelfeld.de\/?author=11"}]}},"publishpress_future_action":{"enabled":false,"date":"2026-05-06 15:57:35","action":"change-status","newStatus":"draft","terms":[],"taxonomy":"category","extraData":[]},"publishpress_future_workflow_manual_trigger":{"enabledWorkflows":[]},"_links":{"self":[{"href":"https:\/\/www.svsuelfeld.de\/index.php?rest_route=\/wp\/v2\/posts\/866","targetHints":{"allow":["GET"]}}],"collection":[{"href":"https:\/\/www.svsuelfeld.de\/index.php?rest_route=\/wp\/v2\/posts"}],"about":[{"href":"https:\/\/www.svsuelfeld.de\/index.php?rest_route=\/wp\/v2\/types\/post"}],"author":[{"embeddable":true,"href":"https:\/\/www.svsuelfeld.de\/index.php?rest_route=\/wp\/v2\/users\/11"}],"replies":[{"embeddable":true,"href":"https:\/\/www.svsuelfeld.de\/index.php?rest_route=%2Fwp%2Fv2%2Fcomments&post=866"}],"version-history":[{"count":5,"href":"https:\/\/www.svsuelfeld.de\/index.php?rest_route=\/wp\/v2\/posts\/866\/revisions"}],"predecessor-version":[{"id":982,"href":"https:\/\/www.svsuelfeld.de\/index.php?rest_route=\/wp\/v2\/posts\/866\/revisions\/982"}],"wp:featuredmedia":[{"embeddable":true,"href":"https:\/\/www.svsuelfeld.de\/index.php?rest_route=\/wp\/v2\/media\/867"}],"wp:attachment":[{"href":"https:\/\/www.svsuelfeld.de\/index.php?rest_route=%2Fwp%2Fv2%2Fmedia&parent=866"}],"wp:term":[{"taxonomy":"category","embeddable":true,"href":"https:\/\/www.svsuelfeld.de\/index.php?rest_route=%2Fwp%2Fv2%2Fcategories&post=866"},{"taxonomy":"post_tag","embeddable":true,"href":"https:\/\/www.svsuelfeld.de\/index.php?rest_route=%2Fwp%2Fv2%2Ftags&post=866"}],"curies":[{"name":"wp","href":"https:\/\/api.w.org\/{rel}","templated":true}]}}